{"id":13153,"date":"2021-09-27T13:48:42","date_gmt":"2021-09-27T11:48:42","guid":{"rendered":"https:\/\/wp.muchomaas.com\/article-astrid-petit-cgt-sante-olivier-veran-ne-veut-pas-comprendre-le-malaise-des\/"},"modified":"2023-06-24T00:20:11","modified_gmt":"2023-06-23T22:20:11","slug":"article-astrid-petit-cgt-sante-olivier-veran-ne-veut-pas-comprendre-le-malaise-des","status":"publish","type":"post","link":"https:\/\/archives.regards.fr\/?p=13153","title":{"rendered":"Astrid Petit (CGT Sant\u00e9) : \u00ab Olivier V\u00e9ran ne veut pas comprendre le malaise des sages-femmes \u00bb"},"content":{"rendered":"<p class=\"post_excerpt\">Depuis vendredi dernier, les sages-femmes sont en gr\u00e8ve. Alors que les maternit\u00e9s continuent d\u2019\u00eatre ferm\u00e9es, les sages-femmes sont sous-pay\u00e9es et sous-valoris\u00e9es. Elles sont aussi les grandes oubli\u00e9es du S\u00e9gur de la Sant\u00e9. Astrid Petit, membre de la direction de la CGT Sant\u00e9, est l\u2019invit\u00e9e de #LaMidinale.<\/p>\n<h2>UNE MIDINALE \u00c0 VOIR&#8230;<\/h2>\n<p><iframe loading=\"lazy\" width=\"490\" height=\"276\" src=\"https:\/\/www.youtube.com\/embed\/Yeo7d5-Eykc\" title=\"YouTube video player\" frameborder=\"0\" allow=\"accelerometer; autoplay; clipboard-write; encrypted-media; gyroscope; picture-in-picture\" allowfullscreen><\/iframe><\/p>\n<p>&nbsp;<\/p>\n<p><h2>\u00c0 \u00c9COUTER&#8230;<\/h2>\n<p><strong>>><\/strong> <em><a href=\"https:\/\/open.spotify.com\/episode\/00pwy8GuEqlWu28wB3zu62?si=AOgL5dVKQs2c4mqDKMmQfg&#038;dl_branch=1\">sur Spotify<\/a><\/em><\/p>\n<p>&nbsp;<\/p>\n<p><h2>&#8230;ET A LIRE<\/h2>\n<p><em>\u00a0<strong>Sur les conditions d\u2019exercice des sages-femmes<\/em>\u00a0<\/strong><br \/>\n\u00ab\u00a0Les sages-femmes en France sont majoritairement salari\u00e9es et majoritairement dans les \u00e9tablissements publics.\u00a0\u00bb<br \/>\n\u00ab\u00a0Il y a 23400 sages-femmes en activit\u00e9 en France.\u00a0\u00bb<br \/>\n\u00ab\u00a0On est dans des conditions de travail extr\u00eamement d\u00e9grad\u00e9es li\u00e9es \u00e0 un sous-effectif, aux fermetures de lits, aux fermetures de maternit\u00e9.\u00a0\u00bb<br \/>\n\u00ab\u00a0Le corps des sages-femmes n\u2019a fait qu\u2019augmenter depuis cinq ans.\u00a0\u00bb<br \/>\n\u00ab\u00a0Dans la mobilisation, il y a tout un passif qu\u2019il faut analyser : la profession est dans un malaise profond.\u00a0\u00bb<br \/>\n\u00ab\u00a0Les sages-femmes sont au carrefour des politiques de sant\u00e9 avec les r\u00e9ductions des capacit\u00e9s hospitali\u00e8res.\u00a0\u00bb<br \/>\n\u00ab Malgr\u00e9 l\u2019engagement d\u2019Emmanuel Macron, il y a encore des maternit\u00e9s qui ferment aujourd\u2019hui.\u00a0\u00bb<br \/>\n\u00ab\u00a0Ce qui m\u2019inqui\u00e8te, c\u2019est qu\u2019Olivier V\u00e9ran ne r\u00e9pond pas aux pr\u00e9occupations des aides-soignantes.\u00a0\u00bb<br \/>\n\u00ab\u00a0On effectue les accouchements et on en est responsables &#8211; m\u00eame s\u2019il existe une cha\u00eene de responsabilit\u00e9s partag\u00e9es avec les m\u00e9decins.\u00a0\u00bb<\/p>\n<p><em>\u00a0<strong>Sur l\u2019hospitalisation \u00e0 domicile<\/em>\u00a0<\/strong><br \/>\n\u00ab\u00a0Les patients sont de plus en plus renvoy\u00e9s chez eux sans que les structures soient adapt\u00e9es.\u00a0\u00bb<br \/>\n\u00ab\u00a0Les personnels se trouvent isol\u00e9s les uns des autres.\u00a0\u00bb<br \/>\n\u00ab\u00a0Il y a un nivellement par le bas de l\u2019offre de soin.\u00a0\u00bb<br \/>\n\u00ab\u00a0On ne pourra jamais se passer de l\u2019h\u00f4pital.\u00a0\u00bb<br \/>\n\u00ab\u00a0Notre syst\u00e8me hospitalier n\u2019a pas fait face \u00e0 la crise sanitaire.\u00a0\u00bb<br \/>\n\u00ab\u00a0Ce qui m\u2019inqui\u00e8te le plus dans les annonces d\u2019Olivier V\u00e9ran, c\u2019est qu\u2019il annonce qu\u2019il continue de d\u00e9grader les maternit\u00e9s.\u00a0\u00bb<\/p>\n<p><em>\u00a0<strong>Sur le statut des aides-soignantes<\/em>\u00a0<\/strong><br \/>\n\u00ab \u00c0 la CGT, on se f\u00e9licite que les sages-femmes restent dans la fonction publique hospitali\u00e8re.\u00a0\u00bb<br \/>\n\u00ab\u00a0Il y a un probl\u00e8me de positionnement dans les \u00e9tablissements de reconnaissance de la sage-femme comme profession m\u00e9dicale.\u00a0\u00bb\u00a0<br \/>\n\u00ab\u00a0Sur le statut actuel des sages-femmes, il y a des choses qui ne vont pas &#8211; notamment s\u2019agissant du d\u00e9roulement et de l\u2019avancement des carri\u00e8res.\u00a0\u00bb<br \/>\n\u00ab\u00a0Il ne peut pas y avoir de hi\u00e9rarchie entre les sages-femmes.\u00a0\u00bb<\/p>\n<p><em>\u00a0<strong>Sur la prime de cent euros et les annonces d\u2019Olivier V\u00e9ran<\/em>\u00a0<\/strong><br \/>\n\u00ab\u00a0Olivier V\u00e9ran ne veut pas comprendre le malaise des sages-femmes.\u00a0\u00bb<br \/>\n\u00ab\u00a0Les sages-femmes pallient au manque de m\u00e9decins.\u00a0\u00bb<br \/>\n\u00ab\u00a0Il y a un sous-effectif de sages-femmes.\u00a0\u00bb<br \/>\n\u00ab\u00a0On a des postes budg\u00e9t\u00e9s et qui ne sont pas pourvus dans les maternit\u00e9s.\u00a0On manque d\u2019effectifs. \u00bb<br \/>\n\u00ab\u00a0Nos jeunes coll\u00e8gues sont maintenues en CDD, renouvel\u00e9s sans cesse, pr\u00e9caires avec des salaires en dessous des grilles &#8211; ce qu\u2019a reconnu Olivier V\u00e9ran.\u00a0\u00bb<br \/>\n\u00ab\u00a0Il n\u2019est pas normal que 20% des effectifs des sages-femmes ne soient pas stagiaires ou titulaires.\u00a0\u00bb<br \/>\n\u00ab\u00a0Dans la fonction publique hospitali\u00e8re, les sages-femmes sont le corps de m\u00e9tier o\u00f9 il y a le plus de contractuelles.\u00a0\u00bb<br \/>\n\u00ab\u00a0Olivier V\u00e9ran aurait d\u00fb annoncer une titularisation de toutes les sages-femmes.\u00e9\u00a0\u00bb<\/p>\n<p>Sur les femmes\u00a0et le m\u00e9pris<\/em>\u00a0<\/strong><br \/>\n\u00ab\u00a0On est des femmes fortes.\u00a0\u00bb<br \/>\n\u00ab\u00a0Les m\u00e9tiers de la sant\u00e9 sont tr\u00e8s f\u00e9minis\u00e9s et tr\u00e8s peu valoris\u00e9s.\u00a0\u00bb<\/p>\n<p><em>\u00a0<strong>Sur la mobilisation des sages-femmes<\/em>\u00a0<\/strong><br \/>\n\u00ab\u00a0On a eu une gr\u00e8ve ce weekend et on a la date du 7 octobre qui est pos\u00e9e dans le paysage pour se retrouver le plus nombreux possible devant le minist\u00e8re de la Sant\u00e9.\u00a0\u00bb<br \/>\n\u00ab\u00a0Je suis en col\u00e8re et je suis d\u00e9termin\u00e9e.\u00a0\u00bb<br \/>\n\u00ab\u00a0Il va falloir revaloriser la profession des sages-femmes.\u00a0\u00bb<br \/>\n\u00ab\u00a0Ce qui est le plus important, c\u2019est que \u00e7a soit localement que les \u00e9quipes s\u2019organisent.\u00a0\u00bb\u00a0<br \/>\n\u00ab\u00a0S\u2019il faut faire gr\u00e8ve ou s\u2019il faut occuper [des lieux], on le fera.\u00a0\u00bb<br \/>\n\u00ab\u00a0Les \u00e9lus ont une responsabilit\u00e9 et peuvent nous accompagner pour faire pression.\u00a0\u00bb<br \/>\n\u00ab\u00a0Il y a une grande solidarit\u00e9 des patients, de la population et des m\u00e9decins.\u00a0\u00bb<div id='gallery-1' class='gallery galleryid-13153 gallery-columns-3 gallery-size-thumbnail'><figure class='gallery-item'>\n\t\t\t<div class='gallery-icon landscape'>\n\t\t\t\t<a href='https:\/\/archives.regards.fr\/wp-content\/uploads\/2021\/09\/capture_d_e_cran_2021-09-27_a_12-8bb.31.55.png'><img loading=\"lazy\" decoding=\"async\" width=\"150\" height=\"150\" src=\"https:\/\/archives.regards.fr\/wp-content\/uploads\/2021\/09\/capture_d_e_cran_2021-09-27_a_12-8bb.31.55-150x150.png\" class=\"attachment-thumbnail size-thumbnail\" alt=\"capture_d_e_cran_2021-09-27_a_12.31.55.png\" \/><\/a>\n\t\t\t<\/div><\/figure>\n\t\t<\/div>\n<\/p>\n","protected":false},"excerpt":{"rendered":"<p>Depuis vendredi dernier, les sages-femmes sont en gr\u00e8ve. Alors que les maternit\u00e9s continuent d\u2019\u00eatre ferm\u00e9es, les sages-femmes sont sous-pay\u00e9es et sous-valoris\u00e9es. Elles sont aussi les grandes oubli\u00e9es du S\u00e9gur de la Sant\u00e9. Astrid Petit, membre de la direction de la CGT Sant\u00e9, est l\u2019invit\u00e9e de #LaMidinale.<\/p>\n","protected":false},"author":1039,"featured_media":30985,"comment_status":"open","ping_status":"open","sticky":false,"template":"","format":"standard","meta":{"_themeisle_gutenberg_block_has_review":false,"footnotes":""},"categories":[238],"tags":[293],"class_list":["post-13153","post","type-post","status-publish","format-standard","has-post-thumbnail","hentry","category-la-midinale","tag-entretien"],"_links":{"self":[{"href":"https:\/\/archives.regards.fr\/index.php?rest_route=\/wp\/v2\/posts\/13153","targetHints":{"allow":["GET"]}}],"collection":[{"href":"https:\/\/archives.regards.fr\/index.php?rest_route=\/wp\/v2\/posts"}],"about":[{"href":"https:\/\/archives.regards.fr\/index.php?rest_route=\/wp\/v2\/types\/post"}],"author":[{"embeddable":true,"href":"https:\/\/archives.regards.fr\/index.php?rest_route=\/wp\/v2\/users\/1039"}],"replies":[{"embeddable":true,"href":"https:\/\/archives.regards.fr\/index.php?rest_route=%2Fwp%2Fv2%2Fcomments&post=13153"}],"version-history":[{"count":0,"href":"https:\/\/archives.regards.fr\/index.php?rest_route=\/wp\/v2\/posts\/13153\/revisions"}],"wp:featuredmedia":[{"embeddable":true,"href":"https:\/\/archives.regards.fr\/index.php?rest_route=\/wp\/v2\/media\/30985"}],"wp:attachment":[{"href":"https:\/\/archives.regards.fr\/index.php?rest_route=%2Fwp%2Fv2%2Fmedia&parent=13153"}],"wp:term":[{"taxonomy":"category","embeddable":true,"href":"https:\/\/archives.regards.fr\/index.php?rest_route=%2Fwp%2Fv2%2Fcategories&post=13153"},{"taxonomy":"post_tag","embeddable":true,"href":"https:\/\/archives.regards.fr\/index.php?rest_route=%2Fwp%2Fv2%2Ftags&post=13153"}],"curies":[{"name":"wp","href":"https:\/\/api.w.org\/{rel}","templated":true}]}}