{"id":13148,"date":"2021-09-24T14:42:10","date_gmt":"2021-09-24T12:42:10","guid":{"rendered":"https:\/\/wp.muchomaas.com\/article-la-gauche-a-baisse-la-garde-face-a-la-saloperie-raciste-suprematiste\/"},"modified":"2023-06-24T00:20:01","modified_gmt":"2023-06-23T22:20:01","slug":"article-la-gauche-a-baisse-la-garde-face-a-la-saloperie-raciste-suprematiste","status":"publish","type":"post","link":"https:\/\/archives.regards.fr\/?p=13148","title":{"rendered":"\u00ab La gauche a baiss\u00e9 la garde face \u00e0 la saloperie raciste, supr\u00e9matiste, s\u00e9gr\u00e9gationniste et sexiste \u00bb"},"content":{"rendered":"<p class=\"post_excerpt\">Qu&#8217;est-ce qu&#8217;on a fait pour en arriver l\u00e0 ? C&#8217;est la question \u00e0 laquelle Edwy Plenel, pr\u00e9sident-fondateur de Mediapart, auteur de <em>\u00c0 gauche de l&#8217;impossible<\/em> aux \u00e9ditions La D\u00e9couverte. Il est l&#8217;invit\u00e9 de #LaMidinale.<\/p>\n<h2>UNE MIDINALE \u00c0 VOIR&#8230;<\/h2>\n<p><iframe loading=\"lazy\" width=\"490\" height=\"276\" src=\"https:\/\/www.youtube.com\/embed\/Ym-_2WtrM4A\" title=\"YouTube video player\" frameborder=\"0\" allow=\"accelerometer; autoplay; clipboard-write; encrypted-media; gyroscope; picture-in-picture\" allowfullscreen><\/iframe><\/p>\n<p>&nbsp;<\/p>\n<p><h2>\u00c0 \u00c9COUTER&#8230;<\/h2>\n<p><strong>>><\/strong> <em><a href=\"https:\/\/open.spotify.com\/episode\/740a7yAC4Lz8hTY8upwq1m?si=LJO2s18yRRmZp_8dH7M1BA&#038;dl_branch=1\">sur Spotify<\/a><\/em><\/p>\n<p>&nbsp;<\/p>\n<p><h2>&#8230;ET A LIRE<\/h2>\n<p><em>\u00a0<strong>Sur son expression \u00ab l&#8217;heure de nous-m\u00eame \u00bb<\/em>\u00a0<\/strong><br \/>\n\u00ab Face au sentiment que la catastrophe est d\u00e9j\u00e0 en cours, il faut cr\u00e9er un &#8220;nous&#8221;. Ma r\u00e9ponse, c&#8217;est que la gauche, avant d&#8217;\u00eatre des partis, des \u00e9lus, c&#8217;est d&#8217;abord accompagner, mobiliser, \u00e9couter, apprendre des refus de la soci\u00e9t\u00e9, de ses mobilisations. La gauche et la R\u00e9publique se sont toujours invent\u00e9es comme \u00e7a. \u00bb<br \/>\n\u00ab Le probl\u00e8me de la gauche, depuis qu&#8217;elle est arriv\u00e9e, sous la V\u00e8me R\u00e9publique, au pouvoir, c&#8217;est qu&#8217;elle a progressivement tourn\u00e9 le dos \u00e0 ce mouvement de la soci\u00e9t\u00e9, au point d&#8217;en venir \u00e0 se m\u00e9fier d&#8217;elle et de se placer du c\u00f4t\u00e9 de l&#8217;ordre \u00e9tabli, du c\u00f4t\u00e9 du conservatisme. \u00bb<br \/>\n\u00ab L&#8217;urgence climatique n&#8217;est pas venue d&#8217;en haut, d&#8217;une avant-garde autoproclam\u00e9e, c&#8217;est venu des militants, de la jeunesse, de ceux qu&#8217;on consid\u00e9rait comme des extr\u00e9mistes. \u00bb<\/p>\n<p><em>\u00a0<strong>Sur la pr\u00e9sidentielle<\/em>\u00a0<\/strong><br \/>\n\u00ab Il ne faut jamais pr\u00e9tendre pr\u00e9dire l&#8217;avenir. Il y a des accidents, des surprises. Je n&#8217;ai pas de m\u00e9pris envers celles et ceux qui veulent obtenir des suffrages et prendre des responsabilit\u00e9s. On a oubli\u00e9 que la gauche doit soulever des montagnes. Il y a des int\u00e9r\u00eats \u00e9conomiques, des puissances financi\u00e8res, du conservatisme qui est install\u00e9. Pour soulever la montagne, il faut un levier : le rapport de force dans la soci\u00e9t\u00e9. Ce n&#8217;est pas simplement du verbe, des leaders. \u00bb<br \/>\n\u00ab La gauche a r\u00e9duit la politique \u00e0 l&#8217;\u00e9lection, et donc aux professionnels de la politique. Comme si changer la soci\u00e9t\u00e9, c&#8217;\u00e9tait d&#8217;abord par l&#8217;\u00e9lection. Non, c&#8217;est d&#8217;abord militer et organiser la soci\u00e9t\u00e9. \u00bb<br \/>\n\u00ab Le pr\u00e9sidentialisme est une perdition, il abrutit tout le monde et donne ce virilisme des campagnes \u00e9lectorales. C&#8217;est l&#8217;inverse m\u00eame de ce que la gauche d\u00e9fend historiquement, qui est la d\u00e9lib\u00e9ration collective, l&#8217;\u00e9galit\u00e9, la culture et la vitalit\u00e9 d\u00e9mocratique. \u00bb<\/p>\n<p><em>\u00a0<strong>Sur la d\u00e9fiance de la gauche vis-\u00e0-vis des mouvements sociaux<\/em>\u00a0<\/strong><br \/>\n\u00ab Pourquoi la gauche est triste et divis\u00e9e ? Parce que les partis ont loup\u00e9 toutes les occasions de mobiliser la soci\u00e9t\u00e9. Ils se sont pinc\u00e9 le nez, qu&#8217;il s&#8217;agisse des gilets jaunes, des mobilisations des jeunes des quartiers, des radicalit\u00e9s li\u00e9es au climat, de #MeToo.\u00a0 \u00bb<br \/>\n\u00ab Depuis 40 ans, les partis ont perdu sans cesse des militants. Ils n&#8217;ont pas cherch\u00e9 \u00e0 en recruter. Ce sont des partis o\u00f9 les militants n&#8217;ont pas le contr\u00f4le de ce qu&#8217;il se passe. \u00bb<br \/>\n\u00ab Quand on vit de la politique, on a un rapport malsain \u00e0 l&#8217;\u00c9tat. La politique devient la prise de contr\u00f4le de l&#8217;\u00c9tat. Mais l&#8217;\u00c9tat n&#8217;est pas neutre. Il est infiltr\u00e9 des rapports de force sociaux. \u00bb<br \/>\n\u00ab Vivre de la politique, c&#8217;est ne pas avoir de m\u00e9tier pendant des d\u00e9cennies. \u00c7a cr\u00e9e, socialement, un monde politique qui se pense plus sachant que la soci\u00e9t\u00e9, et qui n&#8217;est plus dans la soci\u00e9t\u00e9. \u00catre de gauche, c&#8217;est d&#8217;abord lutter l\u00e0 o\u00f9 on travaille, dans son entreprise. \u00bb<br \/>\n\u00ab Le d\u00e9calage entre ce monde politique professionnel et cette vitalit\u00e9 de la soci\u00e9t\u00e9 se traduit par une jeunesse qui ne veut pas voter. C&#8217;est une abstention tr\u00e8s politis\u00e9e. Il faut reconstruire ce lien. \u00bb<br \/>\n\u00ab R\u00e9sister \u00e0 la saloperie, \u00e0 la violence, \u00e0 l&#8217;extr\u00eame droite, \u00e7a ne se passera pas par un d\u00e9bat \u00e0 la t\u00e9l\u00e9, \u00e7a se passera par la construction d&#8217;un rapport de force dans la soci\u00e9t\u00e9. \u00bb<\/p>\n<p><em>\u00a0<strong>Sur le projet politique de la gauche<\/em>\u00a0<\/strong><br \/>\n\u00ab C&#8217;est dans la r\u00e9sistance que se cr\u00e9e le projet. C&#8217;est la mobilisation de la soci\u00e9t\u00e9 qui met \u00e0 l&#8217;agenda du d\u00e9bat politique des questions que les autres voulaient ignorer. \u00bb<br \/>\n\u00ab Il y a un probl\u00e8me de culture d\u00e9mocratique. Regardons la campagne l\u00e9gislative allemande : on n&#8217;y parle pas de migrants, d&#8217;identit\u00e9. On parle d&#8217;urgence \u00e9cologique, de questions sociales. Pourquoi ? Parce qu&#8217;il y a eu une culture d\u00e9mocratique diff\u00e9rente. La France est une d\u00e9mocratie de tr\u00e8s basse intensit\u00e9 \u00e0 cause du cancer du pr\u00e9sidentialisme. En ramenant tout au pouvoir d&#8217;un seul, la d\u00e9mocratie, qui est l&#8217;arme premi\u00e8re des domin\u00e9s, dysfonctionne. \u00bb<br \/>\n\u00ab Si les m\u00e9dias d\u00e9connent, c&#8217;est parce que le syst\u00e8me d\u00e9mocratique d\u00e9conne. Nous ne sommes pas un pays d\u00e9mocratique, nous ne sommes pas une R\u00e9publique \u2013 encore moins d\u00e9mocratique, sociale et \u00e9cologique \u2013, nous sommes une monarchie. \u00bb<\/p>\n<p><em>\u00a0<strong>Sur la question coloniale<\/em>\u00a0<\/strong><br \/>\n\u00ab\u00a0La question coloniale, c\u2019est la question fran\u00e7aise : la France a fait, y compris les gauches, \u00e0 partir des ann\u00e9es 1962 et l\u2019ind\u00e9pendance de l\u2019Alg\u00e9rie, comme si la question coloniale n\u2019\u00e9tait plus son probl\u00e8me puisqu\u2019il y avait des pays ind\u00e9pendants.\u00a0\u00bb<br \/>\n\u00ab\u00a0La France a oubli\u00e9 qu\u2019elle restait une puissance coloniale car gr\u00e2ce \u00e0 sa domination sur d\u2019autres peuples, elle est le deuxi\u00e8me domaine maritime du monde derri\u00e8re les Etats-Unis.\u00a0\u00bb<br \/>\n\u00ab\u00a0Il y a eu une gauche colonialiste.\u00a0\u00bb<br \/>\n\u00ab\u00a0Le responsable politique de la torture pendant la guerre d\u2019Alg\u00e9rie est mort dans son lit en 1989 a \u00e9t\u00e9 parlementaire jusqu\u2019en 1980 pour le Parti socialiste &#8211; et il n\u2019a jamais eu de comptes \u00e0 rendre.\u00a0\u00bb<br \/>\n\u00ab\u00a0La complicit\u00e9 fran\u00e7aise contre les Tutsis au Rwanda s\u2019est faite sous la pr\u00e9sidence de Fran\u00e7ois Mitterrand.\u00a0\u00bb<br \/>\n\u00ab\u00a0Il y a eu un aveuglement pendant toute la pr\u00e9sidence de Fran\u00e7ois Mitterrand \u00e0 commencer par l\u2019amnistie pour les g\u00e9n\u00e9raux de l\u2019OAS.\u00a0\u00bb<br \/>\n\u00ab\u00a0En ayant consid\u00e9rer que la R\u00e9publique \u00e9tait forc\u00e9ment universelle et lib\u00e9ratrice, on a oubli\u00e9 qu\u2019il y a eu une R\u00e9publique conservatrice et colonialiste qui pensait que la France \u00e9tait une culture et une civilisation sup\u00e9rieures. La gauche n\u2019a pas \u00e9t\u00e9 au rendez-vous de l\u2019\u00e9mancipation.\u00a0\u00bb<br \/>\n\u00ab\u00a0Eric Zemmour est l\u2019ultime avatar, probablement le plus monstrueux, de ce qui monte depuis 30 ans dans notre pays dans cette br\u00e8che ouverte par une gauche faible qui reste \u00e0 pr\u00e9tention colonialiste.\u00a0\u00bb<br \/>\n\u00ab\u00a0La gauche a baiss\u00e9 la garde et n\u2019a pas construit la digue qui permet de cr\u00e9er ce rapport de forces pour faire reculer la saloperie raciste, supr\u00e9matiste, s\u00e9gr\u00e9gationniste, sexiste.\u00a0\u00bb<br \/>\n\u00ab\u00a0Tant que la gauche n\u2019aura pas d\u00e9verrouill\u00e9 le coffre-fort de la question coloniale, elle sera impuissante \u00e0 faire face aux monstruosit\u00e9s qui sont en train aujourd\u2019hui d\u2019occuper toute la place.\u00a0\u00bb<\/p>\n<p><em>\u00a0<strong>Sur la question des m\u00e9dias dans la d\u00e9mocratie<\/em>\u00a0<\/strong><br \/>\n\u00ab\u00a0La question des m\u00e9dias, c\u2019est d\u2019abord la question de l\u2019ind\u00e9pendance : nous r\u00e9sistons et nous sommes quelques uns \u00e0 le faire mais nous faisons face \u00e0 un syst\u00e8me qui n\u2019a cess\u00e9 de se d\u00e9grader.\u00a0\u00bb<br \/>\n\u00ab\u00a0Nous sommes la seule vieille grande d\u00e9mocratie du monde o\u00f9 la majorit\u00e9 du syst\u00e8me m\u00e9diatique et \u00e9ditoriale est la propri\u00e9t\u00e9 d\u2019oligarques ext\u00e9rieurs aux m\u00e9tiers de l\u2019information qui ont fait fortune dans l\u2019exploitation de l\u2019Afrique, dans le luxe, dans les t\u00e9l\u00e9communication, dans la finance ou dans les ventes d\u2019armes : il y a conflit d\u2019int\u00e9r\u00eats car les propri\u00e9taires de m\u00e9dias sont des puissances qui imposent leurs lois \u00e0 l\u2019Etat.\u00a0\u00bb<br \/>\n\u00ab\u00a0Le r\u00f4le d\u2019un m\u00e9dia, c\u2019est d\u2019informer, c\u2019est-\u00e0-dire faire surgir l\u2019agenda de la soci\u00e9t\u00e9 en racontant ce qui s\u2019y passe.\u00a0\u00bb<br \/>\n\u00ab\u00a0Ma position par rapport \u00e0 des id\u00e9ologies explicitement racistes, du c\u00f4t\u00e9 de l\u2019in\u00e9galit\u00e9 naturelle, du c\u00f4t\u00e9 de l\u2019ennemi \u00e9ternel de l\u2019\u00e9mancipation, c\u2019est la formule du compagnon de la Lib\u00e9ration et historien Jean-Pierre Vernant : on ne d\u00e9bat pas recette de cuisine avec un anthropophage.\u00a0Ce sont des id\u00e9es que l\u2019on combat, pas avec lesquelles on d\u00e9bat. \u00bb<br \/>\n\u00ab\u00a0Le pi\u00e8ge m\u00e9diatique qui nous est tendu et qui a permis la d\u00e9gradation du paysage m\u00e9diatique, cheval de Troie pour \u00e9touffer les informations et le droit de savoir, bref la vitalit\u00e9 d\u00e9mocratique : c\u2019est l\u2019opinion.\u00a0\u00bb<br \/>\n\u00ab\u00a0Le blabla des opinions est devenu le soit-disant travail des journalistes.\u00a0\u00bb<br \/>\n\u00ab\u00a0Les m\u00e9dias en continu ont cr\u00e9\u00e9 un espace o\u00f9 l\u2019on peut dire n\u2019importe quoi et souvent les plus grosses monstruosit\u00e9s.\u00a0\u00bb<br \/>\n\u00ab\u00a0Mon m\u00e9tier, ce n\u2019est pas d\u00e9battre de monstruosit\u00e9s mais de raconter la soci\u00e9t\u00e9 en la d\u00e9fendant et en lui donnant la parole.\u00a0\u00bb<br \/>\n\u00ab\u00a0Nous avons d\u00e9j\u00e0 eu le d\u00e9bat \u00e0 Mediapart et nous avons d\u00e9cid\u00e9 de ne pas inviter Marine Le Pen &#8211; et cela vaut pour tous ses succ\u00e9dan\u00e9s. Parce qu\u2019avec elle, c\u2019est un affrontement, pas un d\u00e9bat.\u00a0\u00bb<div id='gallery-1' class='gallery galleryid-13148 gallery-columns-3 gallery-size-thumbnail'><figure class='gallery-item'>\n\t\t\t<div class='gallery-icon landscape'>\n\t\t\t\t<a href='https:\/\/archives.regards.fr\/wp-content\/uploads\/2021\/09\/capture_d_e_cran_2021-09-24_a_14-c75.03.44.png'><img loading=\"lazy\" decoding=\"async\" width=\"150\" height=\"150\" src=\"https:\/\/archives.regards.fr\/wp-content\/uploads\/2021\/09\/capture_d_e_cran_2021-09-24_a_14-c75.03.44-150x150.png\" class=\"attachment-thumbnail size-thumbnail\" alt=\"capture_d_e_cran_2021-09-24_a_14.03.44.png\" \/><\/a>\n\t\t\t<\/div><\/figure>\n\t\t<\/div>\n<\/p>\n","protected":false},"excerpt":{"rendered":"<p>Qu&#8217;est-ce qu&#8217;on a fait pour en arriver l\u00e0 ? C&#8217;est la question \u00e0 laquelle Edwy Plenel, pr\u00e9sident-fondateur de Mediapart, auteur de <em>\u00c0 gauche de l&#8217;impossible<\/em> aux \u00e9ditions La D\u00e9couverte. Il est l&#8217;invit\u00e9 de #LaMidinale.<\/p>\n","protected":false},"author":1204,"featured_media":30977,"comment_status":"open","ping_status":"open","sticky":false,"template":"","format":"standard","meta":{"_themeisle_gutenberg_block_has_review":false,"footnotes":""},"categories":[238],"tags":[293],"class_list":["post-13148","post","type-post","status-publish","format-standard","has-post-thumbnail","hentry","category-la-midinale","tag-entretien"],"_links":{"self":[{"href":"https:\/\/archives.regards.fr\/index.php?rest_route=\/wp\/v2\/posts\/13148","targetHints":{"allow":["GET"]}}],"collection":[{"href":"https:\/\/archives.regards.fr\/index.php?rest_route=\/wp\/v2\/posts"}],"about":[{"href":"https:\/\/archives.regards.fr\/index.php?rest_route=\/wp\/v2\/types\/post"}],"author":[{"embeddable":true,"href":"https:\/\/archives.regards.fr\/index.php?rest_route=\/wp\/v2\/users\/1204"}],"replies":[{"embeddable":true,"href":"https:\/\/archives.regards.fr\/index.php?rest_route=%2Fwp%2Fv2%2Fcomments&post=13148"}],"version-history":[{"count":0,"href":"https:\/\/archives.regards.fr\/index.php?rest_route=\/wp\/v2\/posts\/13148\/revisions"}],"wp:featuredmedia":[{"embeddable":true,"href":"https:\/\/archives.regards.fr\/index.php?rest_route=\/wp\/v2\/media\/30977"}],"wp:attachment":[{"href":"https:\/\/archives.regards.fr\/index.php?rest_route=%2Fwp%2Fv2%2Fmedia&parent=13148"}],"wp:term":[{"taxonomy":"category","embeddable":true,"href":"https:\/\/archives.regards.fr\/index.php?rest_route=%2Fwp%2Fv2%2Fcategories&post=13148"},{"taxonomy":"post_tag","embeddable":true,"href":"https:\/\/archives.regards.fr\/index.php?rest_route=%2Fwp%2Fv2%2Ftags&post=13148"}],"curies":[{"name":"wp","href":"https:\/\/api.w.org\/{rel}","templated":true}]}}