{"id":13147,"date":"2021-09-23T12:04:50","date_gmt":"2021-09-23T10:04:50","guid":{"rendered":"https:\/\/wp.muchomaas.com\/article-les-dominants-ont-impose-leur-recit-et-leurs-heros-en-pietinant-la-verite\/"},"modified":"2023-06-24T00:20:00","modified_gmt":"2023-06-23T22:20:00","slug":"article-les-dominants-ont-impose-leur-recit-et-leurs-heros-en-pietinant-la-verite","status":"publish","type":"post","link":"https:\/\/archives.regards.fr\/?p=13147","title":{"rendered":"\u00ab Les dominants ont impos\u00e9 leur r\u00e9cit et leurs h\u00e9ros en pi\u00e9tinant la v\u00e9rit\u00e9 historique \u00bb"},"content":{"rendered":"<p class=\"post_excerpt\">Les guerres m\u00e9morielles font rage dans notre soci\u00e9t\u00e9 : elles fracturent au lieu d\u2019interroger, elles induisent des dominations et des humiliations au lieu de permettre plus d\u2019\u00e9galit\u00e9. Pierre Tevanian, auteur de <em>Politiques de la m\u00e9moire<\/em> aux \u00e9ditions Amsterdam, est l\u2019invit\u00e9 de #LaMidinale.<\/p>\n<h2>UNE MIDINALE \u00c0 VOIR&#8230;<\/h2>\n<p><iframe loading=\"lazy\" width=\"490\" height=\"276\" src=\"https:\/\/www.youtube.com\/embed\/ogxmpQad95E\" title=\"YouTube video player\" frameborder=\"0\" allow=\"accelerometer; autoplay; clipboard-write; encrypted-media; gyroscope; picture-in-picture\" allowfullscreen><\/iframe><\/p>\n<p>&nbsp;<\/p>\n<p><h2>\u00c0 \u00c9COUTER&#8230;<\/h2>\n<p><strong>>><\/strong> <em><a href=\"https:\/\/open.spotify.com\/episode\/7pqV1qgTLd3HJgwjZ8YDBO\">sur Spotify<\/a><\/em><\/p>\n<p>&nbsp;<\/p>\n<p><h2>ET \u00c0 LIRE&#8230;<\/h2>\n<p><em> <strong>Sur le l\u2019importance de la m\u00e9moire pour le pr\u00e9sent et pour \u00e9laborer des projets politiques<\/strong> <\/em><br \/>\n\u00ab Le pr\u00e9sent n\u2019est jamais v\u00e9cu par un sujet qui serait une page blanche et vierge : son v\u00e9cu est inform\u00e9 par un pass\u00e9 plus lointain, le sien ou celui de ses anc\u00eatres &#8211; c\u2019est le d\u00e9terminisme. \u00bb<br \/>\n\u00ab On pourrait m\u2019objecter que la politique, c\u2019est inventer un futur. Mais que l\u2019on soit conservateur ou r\u00e9volutionnaire, on enracine de toutes les fa\u00e7ons son projet politique dans le pass\u00e9. \u00bb<br \/>\n\u00ab Sans enracinement dans le pass\u00e9, la mat\u00e9rialit\u00e9 du projet politique n\u2019existe pas. \u00bb<br \/>\n\u00ab Il y a soit la m\u00e9moire du pire, la m\u00e9moire traumatique domin\u00e9e par la volont\u00e9 de plus-jamais-\u00e7a, soit la m\u00e9moire du meilleur qui g\u00e9n\u00e8re le d\u00e9sir de l\u2019\u00e9ternel retour. \u00bb<br \/>\n\u00ab Les utopies politiques viennent de l\u2019imagination qui travaille en assemblant des exp\u00e9riences v\u00e9cues et des morceaux de r\u00e9el. \u00bb<\/p>\n<p><em> <strong>Sur les discours dominants<\/strong> <\/em><br \/>\n\u00ab Les discours dominants tenus sur certaines m\u00e9moires me posent probl\u00e8me. \u00bb<br \/>\n\u00ab Il faut penser le pire, c\u2019est-\u00e0-dire les \u00e9pisodes les plus monstrueux de l\u2019histoire de l\u2019humanit\u00e9 pour essayer de ne pas les revivre. \u00bb<br \/>\n\u00ab Ma motivation premi\u00e8re, c\u2019est la col\u00e8re et le d\u00e9gout, le besoin visc\u00e9ral de r\u00e9tablir des faits quant \u00e0 ce que j\u2019ai entendu dire. \u00bb<br \/>\n\u00ab On aurait une soci\u00e9t\u00e9 fran\u00e7aise fractur\u00e9e et emp\u00each\u00e9e de se perp\u00e9tuer par de vilains groupes minoritaires enferm\u00e9s dans le ressassement de leur pass\u00e9 victimaire : ce discours a envahi l\u2019espace public. \u00bb<br \/>\n\u00ab Il y a une panique morale des dominants face \u00e0 une mont\u00e9e en puissance de revendications dites m\u00e9morielles pour discr\u00e9diter les luttes sociales. \u00bb<\/p>\n<p><em> <strong>Sur le r\u00e9cit national<\/strong> <\/em><br \/>\n\u00ab Notre r\u00e9cit national r\u00e9publicain s\u2019assoit sur un certain nombre d\u2019identit\u00e9s. \u00bb<br \/>\n\u00ab On appelle identit\u00e9 ce qui fait que chaque \u00eatre humain est ce qu\u2019il est avec une singularit\u00e9 li\u00e9e \u00e0 de multiples appartenances \u00e0 des groupes de personnes. \u00bb<br \/>\n\u00ab Ce qui construit une identit\u00e9, c\u2019est le sentiment d\u2019avoir un v\u00e9cu commun qui s\u2019ancre dans la r\u00e9alit\u00e9 d\u2019un v\u00e9cu commun. \u00bb<br \/>\n\u00ab Emmanuel Macron va honorer un bourreau et un boucher qui a mis \u00e0 feu et \u00e0 sang l\u2019Europe, qui a r\u00e9tabli l\u2019esclavage et qui \u00e9tait antiseptique comme Napol\u00e9on. Il va aussi honorer le penseur de l\u2019esclavagisme Colbert, l\u2019apologue du g\u00e9nocide des Arm\u00e9niens Pierre Loti, Charles Maurras ou P\u00e9tain. Au del\u00e0 de la personne de Macron, il y a aussi tous ces noms de rues, tous ces lieux de m\u00e9moires, toutes ces statues, toutes ces comm\u00e9morations et tous les silences de tous ceux qui sont oubli\u00e9es : c\u2019est tout cela le r\u00e9cit national dominant, \u00e9minemment identitaire. \u00bb<br \/>\n\u00ab On a une identit\u00e9 blanche catho-la\u00efque des dominants qui a impos\u00e9 son r\u00e9cit et ses h\u00e9rosen pi\u00e9tinant une multitude d\u2019autres histoires si ce n&#8217;est directement la v\u00e9rit\u00e9 historique. \u00bb<br \/>\n\u00ab Il a un discours b\u00eate et m\u00e9chant qui consid\u00e8re que certaines luttes parce que se base sur une genre, une sexualit\u00e9 ou l\u2019appartenance \u00e0 une minorit\u00e9 ethnique serait identitaire et pas sociale. \u00bb<br \/>\n\u00ab Ce qui est disqualifi\u00e9 parce que soit-disant identitaire par ceux qui disposent d\u2019une esp\u00e8ce de parasol de l\u2019identit\u00e9 dominante, ce n\u2019est jamais un refus du politique mais ce sont des luttes sociales. \u00bb<br \/>\n\u00ab Les vertus et usages politiques de la m\u00e9moire ne sont pas invent\u00e9s par les minorit\u00e9s en lutte ou par les ressortissants des m\u00e9moires occult\u00e9es, elles sont invent\u00e9es par les dominants qui se gargarisent de mod\u00e8les et de figures tut\u00e9laires, assis sur des r\u00e9cits parfois mensongers. \u00bb<\/p>\n<p><em> <strong>Sur les discours politiques et le rapport \u00e0 l\u2019histoire<\/strong> <\/em><br \/>\n\u00ab Il y a un discours dominant antim\u00e9moriel. \u00bb<br \/>\n\u00ab Les historiens ne sont pas toujours les seuls \u00e0 faire avancer la v\u00e9rit\u00e9 historique. \u00bb<br \/>\n\u00ab Quand les historiens font leur travail avec la rigueur n\u00e9cessaire, qui produisent de la v\u00e9rit\u00e9 et du savoir, ont un r\u00f4le \u00e0 jouer. \u00bb<br \/>\n\u00ab Il faut faire la distinction entre histoire et m\u00e9moire parce qu&#8217;elle est compl\u00e8tement instrumentalis\u00e9e par les dominants pour disqualifier les revendications m\u00e9morielles. \u00bb<br \/>\n\u00ab Il y a une opposition binaire entre la morale et la politique : la politique, \u00e7a n\u2019est pas de la morale. \u00bb<br \/>\n\u00ab Quoi que dise Macron, la comm\u00e9moration n\u2019est pas oblig\u00e9e de se polariser que sur des figures positives. C\u2019est tr\u00e8s bien de comm\u00e9morer aussi le n\u00e9gatif. \u00bb<\/p>\n<p><em> <strong>Sur la hi\u00e9rarchisation des m\u00e9moires<\/strong> <\/em><br \/>\n\u00ab La comparaison n\u2019est pas un crime. \u00c7a nous aide \u00e0 penser et \u00e0 mettre en relief des injustices. Mais il y a des risques. \u00bb<br \/>\n\u00ab Je d\u00e9fends l\u2019id\u00e9e qu\u2019\u00e0 un moment donn\u00e9, \u00e7a peut \u00eatre utile de comparer : jamais pour \u00e9galiser par le bas mais pour \u00e9galiser par le haut. \u00bb<div id='gallery-1' class='gallery galleryid-13147 gallery-columns-3 gallery-size-thumbnail'><figure class='gallery-item'>\n\t\t\t<div class='gallery-icon landscape'>\n\t\t\t\t<a href='https:\/\/archives.regards.fr\/wp-content\/uploads\/2021\/09\/screenshot_2021-09-23_12-0cc.00.36.png'><img loading=\"lazy\" decoding=\"async\" width=\"150\" height=\"150\" src=\"https:\/\/archives.regards.fr\/wp-content\/uploads\/2021\/09\/screenshot_2021-09-23_12-0cc.00.36-150x150.png\" class=\"attachment-thumbnail size-thumbnail\" alt=\"screenshot_2021-09-23_12.00.36.png\" \/><\/a>\n\t\t\t<\/div><\/figure>\n\t\t<\/div>\n<\/p>\n","protected":false},"excerpt":{"rendered":"<p>Les guerres m\u00e9morielles font rage dans notre soci\u00e9t\u00e9 : elles fracturent au lieu d\u2019interroger, elles induisent des dominations et des humiliations au lieu de permettre plus d\u2019\u00e9galit\u00e9. Pierre Tevanian, auteur de <em>Politiques de la m\u00e9moire<\/em> aux \u00e9ditions Amsterdam, est l\u2019invit\u00e9 de #LaMidinale.<\/p>\n","protected":false},"author":1204,"featured_media":30975,"comment_status":"open","ping_status":"open","sticky":false,"template":"","format":"standard","meta":{"_themeisle_gutenberg_block_has_review":false,"footnotes":""},"categories":[238],"tags":[293],"class_list":["post-13147","post","type-post","status-publish","format-standard","has-post-thumbnail","hentry","category-la-midinale","tag-entretien"],"_links":{"self":[{"href":"https:\/\/archives.regards.fr\/index.php?rest_route=\/wp\/v2\/posts\/13147","targetHints":{"allow":["GET"]}}],"collection":[{"href":"https:\/\/archives.regards.fr\/index.php?rest_route=\/wp\/v2\/posts"}],"about":[{"href":"https:\/\/archives.regards.fr\/index.php?rest_route=\/wp\/v2\/types\/post"}],"author":[{"embeddable":true,"href":"https:\/\/archives.regards.fr\/index.php?rest_route=\/wp\/v2\/users\/1204"}],"replies":[{"embeddable":true,"href":"https:\/\/archives.regards.fr\/index.php?rest_route=%2Fwp%2Fv2%2Fcomments&post=13147"}],"version-history":[{"count":0,"href":"https:\/\/archives.regards.fr\/index.php?rest_route=\/wp\/v2\/posts\/13147\/revisions"}],"wp:featuredmedia":[{"embeddable":true,"href":"https:\/\/archives.regards.fr\/index.php?rest_route=\/wp\/v2\/media\/30975"}],"wp:attachment":[{"href":"https:\/\/archives.regards.fr\/index.php?rest_route=%2Fwp%2Fv2%2Fmedia&parent=13147"}],"wp:term":[{"taxonomy":"category","embeddable":true,"href":"https:\/\/archives.regards.fr\/index.php?rest_route=%2Fwp%2Fv2%2Fcategories&post=13147"},{"taxonomy":"post_tag","embeddable":true,"href":"https:\/\/archives.regards.fr\/index.php?rest_route=%2Fwp%2Fv2%2Ftags&post=13147"}],"curies":[{"name":"wp","href":"https:\/\/api.w.org\/{rel}","templated":true}]}}