{"id":13146,"date":"2021-09-22T14:20:19","date_gmt":"2021-09-22T12:20:19","guid":{"rendered":"https:\/\/wp.muchomaas.com\/article-aurelie-trouve-la-gauche-est-en-forme\/"},"modified":"2023-06-24T00:19:58","modified_gmt":"2023-06-23T22:19:58","slug":"article-aurelie-trouve-la-gauche-est-en-forme","status":"publish","type":"post","link":"https:\/\/archives.regards.fr\/?p=13146","title":{"rendered":"Aur\u00e9lie Trouv\u00e9 : \u00ab La gauche est en forme \u00bb"},"content":{"rendered":"<p class=\"post_excerpt\">Aur\u00e9lie Trouv\u00e9 est porte-parole d\u2019Attac. Elle vient de publier <em>Le bloc arc-en-ciel : pour une strat\u00e9gie politique radicale inclusive<\/em> aux \u00e9ditions de La D\u00e9couverte. Elle est l\u2019invit\u00e9e de #LaMidinale.<\/p>\n<h2>UNE MIDINALE \u00c0 VOIR&#8230;<\/h2>\n<p><iframe loading=\"lazy\" width=\"490\" height=\"276\" src=\"https:\/\/www.youtube.com\/embed\/jSlxVfWGmGc\" title=\"YouTube video player\" frameborder=\"0\" allow=\"accelerometer; autoplay; clipboard-write; encrypted-media; gyroscope; picture-in-picture\" allowfullscreen><\/iframe><\/p>\n<p>&nbsp;<\/p>\n<p><h2>\u00c0 \u00c9COUTER&#8230;<\/h2>\n<p><strong>>><\/strong> <em><a href=\"https:\/\/open.spotify.com\/episode\/00lmAoG1YEHmlm39Pmrsyw\">sur Spotify<\/a><\/em><\/p>\n<p>&nbsp;<\/p>\n<p><h2>&#8230;ET A LIRE<\/h2>\n<p><em>\u00a0<strong>Sur la radicalit\u00e9\u00a0<\/em>\u00a0<\/strong><br \/>\n\u00ab\u00a0La radicalit\u00e9 c\u2019est l\u2019id\u00e9e de remettre en cause les racines du syst\u00e8me.\u00a0\u00bb<br \/>\n\u00ab\u00a0La radicalit\u00e9 que l\u2019on d\u00e9fend n\u2019a rien \u00e0 voir avec celle d\u2019un Zemmour ou d\u2019une Le Pen qui ne veulent pas remettre en cause les racines du syst\u00e8me.\u00a0Ce qu\u2019ils veulent faire c\u2019est approfondir le syst\u00e8me tel qu\u2019il existe. \u00bb<br \/>\n\u00ab\u00a0Nous voulons changer les racines du syst\u00e8me pour qu\u2019il r\u00e9ponde aux urgences sociales, \u00e9cologiques et d\u00e9mocratiques.\u00a0\u00bb<br \/>\n\u00ab\u00a0Il y a un besoin de radicalit\u00e9. On ne r\u00e9pondra aux enjeux actuels sans radicalit\u00e9, sans remise en cause des racines du syst\u00e8me.\u00a0\u00bb<br \/>\n\u00ab\u00a0Il faut r\u00e9pondre aux aspirations qui ont \u00e9t\u00e9 exprim\u00e9s dans les diff\u00e9rentes mobilisations de ces derni\u00e8res ann\u00e9es &#8211; des Gilets jaunes aux f\u00e9ministes en passant par les mobilisations pour le climat.\u00a0\u00bb<br \/>\n\u00ab\u00a0Les mouvements sociaux portent la radicalit\u00e9 en eux.\u00a0\u00bb<br \/>\n\u00ab\u00a0Le quinquennat de Fran\u00e7ois Hollande a galvaud\u00e9 la gauche par manque total de radicalit\u00e9.\u00a0\u00bb<\/p>\n<p><em>\u00a0<strong>Sur la primaire \u00e9cologiste<\/em>\u00a0<\/strong><br \/>\n\u00ab\u00a0Yannick Jadot se place dans une perspective d\u2019am\u00e9nagement \u00e0 la marge du syst\u00e8me qui me semble inop\u00e9rante face aux enjeux \u00e9cologiques.\u00a0Quand il dit qu\u2019on peut faire avec l\u2019\u00e9conomie de march\u00e9 et la libre entreprise, il se plante compl\u00e8tement. Il faut s\u2019attaquer frontalement aux int\u00e9r\u00eats des multinationales\u00a0 en les r\u00e9gulant drastiquement et faire reculer l\u2019\u00e9conomie de march\u00e9 en s\u2019attaquant au capitalisme. C\u2019est l\u2019inverse de ce qu\u2019il dit. \u00bb<br \/>\n\u00ab\u00a0Sandrine Rousseau porte une vision de radicalit\u00e9 et de remise en cause du syst\u00e8me.\u00a0\u00bb<br \/>\n\u00ab\u00a0Jadot et Rousseau portent deux visions de l\u2019\u00e9cologie politique tr\u00e8s diff\u00e9rentes.\u00a0\u00bb<\/p>\n<p><em>\u00a0<strong>Sur le bloc Arc-en-ciel<\/em>\u00a0<\/strong><br \/>\n\u00ab\u00a0Il faut cr\u00e9er du collectif et \u00e7a passe par des luttes communes entre les mouvements sociaux et ce qui rel\u00e8ve des partis et mouvements politiques &#8211; comme ce fut le cas dans le mouvement des retraites ou dans les mobilisations contre l\u2019extr\u00eame droite.\u00a0\u00bb\u00a0<br \/>\n\u00ab\u00a0Il y a un besoin de sortir d\u2019une d\u00e9fiance mutuelle : d\u2019une part des mouvements sociaux vis-\u00e0-vis des mouvements politiques qui est d\u2019ailleurs une d\u00e9fiance plus g\u00e9n\u00e9rale de la population vis-\u00e0-vis de la politique et d\u2019autre part il y a besoin du c\u00f4t\u00e9 des partis politiques de sortir de l\u2019id\u00e9e d\u2019instrumentalisation ou d\u2019indiff\u00e9rence vis-\u00e0-vis des mouvements sociaux.\u00a0\u00bb<br \/>\n\u00ab\u00a0Il faut repenser un appareil politique qui inclut les aspirations des mouvements sociaux.\u00a0\u00bb<\/p>\n<p><em>\u00a0<strong>Sur l\u2019articulation du politique et du social\u00a0<\/em>\u00a0<\/strong><br \/>\n\u00ab\u00a0Je pr\u00f4ne l\u2019autonomie des organisations syndicales et associatives ce qui n\u2019emp\u00eache pas les luttes communes.\u00a0\u00bb<br \/>\n\u00ab\u00a0Il y a un paradoxe. Il y a d\u2019un c\u00f4t\u00e9 les mouvements sociaux qui depuis dix ans sont relativement forts ; il y a aussi des id\u00e9es de gauche assez fortes dans la soci\u00e9t\u00e9 ; et pourtant, c\u00f4t\u00e9 offre politique, sur le plan \u00e9lectoral, on a des difficult\u00e9s \u00e0 voir aux prochaines \u00e9lection &#8211; pour l\u2019instant &#8211; une force qui l\u2019emporterait et qui changerait soci\u00e9t\u00e9.\u00a0\u00bb<br \/>\n\u00ab\u00a0Les mouvements sociaux, par leur cr\u00e9ativit\u00e9 et leurs alliances, peuvent irriguer les organisations politiques.\u00a0\u00bb<br \/>\n\u00ab\u00a0Quand je parle de bloc arc-en-ciel, il y a le rouge des traditions syndicales communistes, le vert des mouvements \u00e9cologistes, le violet des f\u00e9ministes, le jaune des insurrections populaires, et le multicolore des luttes antiracistes, LGBT+ : et cette alliance arc-en-ciel se construit en ce moment dans les mouvements sociaux et sil faut esp\u00e9rer que \u00e7a irrigue le politique &#8211; au sens \u00e9lectoral.\u00a0\u00bb<\/p>\n<p><em>\u00a0<strong>Sur le passage du social au politique\u00a0<\/em>\u00a0<\/strong><br \/>\n\u00ab\u00a0Il manque des luttes communes et une r\u00e9elle transformation des appareils politiques. \u00c7a n\u2019est pas parce qu\u2019il y a quelques personnes issues des mouvements sociaux qui vont vers les appareils politiques que \u00e7a change l\u2019appareil politique.\u00a0\u00bb<br \/>\n\u00ab\u00a0\u00c7a n\u2019est pas que de la faute des partis politiques, il y a aussi un probl\u00e8me des mouvements sociaux avec ce rejet ou cette id\u00e9e que la politique au sens \u00e9lectoral serait mal et pourrie, cette id\u00e9e du \u2018tous les m\u00eames\u2019.\u00a0\u00bb<\/p>\n<p><em>\u00a0<strong>Sur la question d\u00e9mocratique\u00a0<\/em>\u00a0<\/strong><br \/>\n\u00ab\u00a0Je porte beaucoup l\u2019id\u00e9e du tirage au sort.\u00a0\u00bb<br \/>\n\u00ab\u00a0Il y a un tas d\u2019exp\u00e9rimentation d\u00e9mocratique dans les diff\u00e9rentes mobilisations sociales et il faut pouvoir s\u2019en inspirer.\u00a0\u00bb<br \/>\n\u00ab\u00a0Je fais aussi la critique des mouvements gazeux.\u00a0Il faut pouvoir savoir qui est \u00e9lu, par qui et qui repr\u00e9sente qui &#8211; y compris quand c\u2019est du tirage au sort. \u00bb<br \/>\n\u00ab\u00a0Dans les mouvements gilets jaunes et d\u2019autres, il y a eu des exp\u00e9riences extr\u00eamement int\u00e9ressantes du point de vue du processus d\u00e9mocratique.\u00a0\u00bb<\/p>\n<p><em>\u00a0<strong>Sur le triptyque\u00a0\u2018planifier, relocaliser, socialiser\u2019<\/em>\u00a0<\/strong><br \/>\n\u00ab\u00a0Il faut partir des besoins sociaux et \u00e9cologiques et les d\u00e9finir d\u00e9mocratiquement.\u00a0Il faut partir ensuite sur les objectifs li\u00e9s \u00e0 ces besoins. Et mettre en place les instruments d\u2019une politique publique. C\u2019est la planification. \u00bb<br \/>\n\u00ab\u00a0Il y a de quoi converger sur un programme commun radical.\u00a0Le levier, c\u2019est la planification parce qu\u2019on ne fera pas sans vision de long terme o\u00f9 la puissance publique a un r\u00f4le central mais pas unique. L\u2019autre levier est celui de la relocalisation : c\u2019est l\u2019id\u00e9e de r\u00e9pondre \u00e0 ce besoin de territoire mais aussi de s\u2019extraire des march\u00e9s internationaux et de renverser la question du protectionnisme en lui pr\u00e9f\u00e9rant celle de la relocalisation. Enfin, le dernier levier est celui de la socialisation. Il y a besoin de faire reculer la fronti\u00e8re de l\u2019\u00e9conomie de march\u00e9. \u00bb<\/p>\n<p><em>\u00a0<strong>Sur les batailles gagn\u00e9es, oubli\u00e9es<\/em>\u00a0<\/strong><br \/>\n\u00ab\u00a0Dans les derni\u00e8res mobilisations victorieuses, de l\u2019a\u00e9roport de Notre-Dame-des-Landes en passant par la ferme des mille vaches ou Europacity \u00e0 Gonesse, on a vu une autre mani\u00e8re de faire et d\u2019\u00eatre ensemble et de faire soci\u00e9t\u00e9.\u00a0Dans ces mobilisations, il y a des alternatives qui sont mises en avant et en ce sens, on n\u2019est pas que dans la r\u00e9sistance. \u00bb<br \/>\n\u00ab\u00a0Il y a de quoi puiser tout un programme dans les mouvements sociaux.\u00a0\u00bb<br \/>\n\u00ab\u00a0Il y a dans les mouvements sociaux, au-del\u00e0 des id\u00e9es mises en avant, ce que j\u2019appelle la compl\u00e9mentarit\u00e9 des tactiques : du lobbying au plaidoyer en passant par les manifestations classiques, le sabotage jusqu\u2019au piquet de gr\u00e8ve et aux jets de robes d\u2019avocats &#8211; ce qui s\u2019est fait dans le mouvement des retraites -.\u00a0Il y a eu l\u2019id\u00e9e dans toutes ces mobilisations qu\u2019on \u00e9tait riches de notre diversit\u00e9 de tactiques, sans jugement. \u00bb<br \/>\n\u00ab\u00a0Dans le mouvement des retraites, j\u2019ai trouv\u00e9 qu\u2019il y a eu un grand pas qui a \u00e9t\u00e9 fait de compl\u00e9mentarit\u00e9 et de respect des tactiques de chacun.\u00a0\u00bb<\/p>\n<p><em>\u00a0<strong>Sur les espoirs de la gauche<\/em>\u00a0<\/strong><br \/>\n\u00ab\u00a0Il faut irriguer les partis politiques et les forces \u00e9lectorales de ce qu\u2019il se passe dans la gauche sociale.\u00a0\u00bb<br \/>\n\u00ab\u00a0La gauche est en forme.\u00a0\u00bb<br \/>\n\u00ab\u00a0Dire que la France est \u00e0 droite arrange la droite mais je suis convaincue que c\u2019est faux, notamment du point de vue des id\u00e9es, de la gauche prise au sens large.\u00a0\u00bb<br \/>\n\u00ab\u00a0J\u2019esp\u00e8re que la gauche a encore une chance de victoire.\u00a0\u00bb<br \/>\n\u00ab\u00a0Il ne faut pas faire l\u2019impasse sur 2022.\u00a0\u00bb<br \/>\n\u00ab\u00a0Il y a une reconstruction longue de la gauche.\u00a0\u00bb<br \/>\n\u00ab\u00a0Le renouvellement de la gauche va venir de ce qu\u2019il se passe dans les partis politiques actuellement et dans les mouvements sociaux et de notre capacit\u00e9 \u00e0 faire ensemble.\u00a0\u00bb<\/p>\n<p><em>\u00a0<strong>Sur la possibilit\u00e9 de son engagement politique<\/em>\u00a0<\/strong><br \/>\n\u00ab\u00a0Pour l\u2019instant, je suis porte-parole d\u2019Attac et donc je m\u2019en tiens \u00e0 mon mandat dans mon organisation.\u00a0\u00bb<br \/>\n\u00ab\u00a0Je n\u2019exclue pas l\u2019engagement politique lorsque j\u2019aurai quitt\u00e9 mon mandat \u00e0 Attac.\u00a0\u00bb<br \/>\n\u00ab\u00a0Je tiens pour l\u2019instant au respect de mon mandat.\u00a0\u00bb<div id='gallery-1' class='gallery galleryid-13146 gallery-columns-3 gallery-size-thumbnail'><figure class='gallery-item'>\n\t\t\t<div class='gallery-icon landscape'>\n\t\t\t\t<a href='https:\/\/archives.regards.fr\/wp-content\/uploads\/2021\/09\/capture_d_e_cran_2021-09-22_a_14-046.11.48.png'><img loading=\"lazy\" decoding=\"async\" width=\"150\" height=\"150\" src=\"https:\/\/archives.regards.fr\/wp-content\/uploads\/2021\/09\/capture_d_e_cran_2021-09-22_a_14-046.11.48-150x150.png\" class=\"attachment-thumbnail size-thumbnail\" alt=\"capture_d_e_cran_2021-09-22_a_14.11.48.png\" \/><\/a>\n\t\t\t<\/div><\/figure>\n\t\t<\/div>\n<\/p>\n","protected":false},"excerpt":{"rendered":"<p>Aur\u00e9lie Trouv\u00e9 est porte-parole d\u2019Attac. Elle vient de publier <em>Le bloc arc-en-ciel : pour une strat\u00e9gie politique radicale inclusive<\/em> aux \u00e9ditions de La D\u00e9couverte. Elle est l\u2019invit\u00e9e de #LaMidinale.<\/p>\n","protected":false},"author":1039,"featured_media":30973,"comment_status":"open","ping_status":"open","sticky":false,"template":"","format":"standard","meta":{"_themeisle_gutenberg_block_has_review":false,"footnotes":""},"categories":[238],"tags":[293],"class_list":["post-13146","post","type-post","status-publish","format-standard","has-post-thumbnail","hentry","category-la-midinale","tag-entretien"],"_links":{"self":[{"href":"https:\/\/archives.regards.fr\/index.php?rest_route=\/wp\/v2\/posts\/13146","targetHints":{"allow":["GET"]}}],"collection":[{"href":"https:\/\/archives.regards.fr\/index.php?rest_route=\/wp\/v2\/posts"}],"about":[{"href":"https:\/\/archives.regards.fr\/index.php?rest_route=\/wp\/v2\/types\/post"}],"author":[{"embeddable":true,"href":"https:\/\/archives.regards.fr\/index.php?rest_route=\/wp\/v2\/users\/1039"}],"replies":[{"embeddable":true,"href":"https:\/\/archives.regards.fr\/index.php?rest_route=%2Fwp%2Fv2%2Fcomments&post=13146"}],"version-history":[{"count":0,"href":"https:\/\/archives.regards.fr\/index.php?rest_route=\/wp\/v2\/posts\/13146\/revisions"}],"wp:featuredmedia":[{"embeddable":true,"href":"https:\/\/archives.regards.fr\/index.php?rest_route=\/wp\/v2\/media\/30973"}],"wp:attachment":[{"href":"https:\/\/archives.regards.fr\/index.php?rest_route=%2Fwp%2Fv2%2Fmedia&parent=13146"}],"wp:term":[{"taxonomy":"category","embeddable":true,"href":"https:\/\/archives.regards.fr\/index.php?rest_route=%2Fwp%2Fv2%2Fcategories&post=13146"},{"taxonomy":"post_tag","embeddable":true,"href":"https:\/\/archives.regards.fr\/index.php?rest_route=%2Fwp%2Fv2%2Ftags&post=13146"}],"curies":[{"name":"wp","href":"https:\/\/api.w.org\/{rel}","templated":true}]}}