{"id":13145,"date":"2021-09-21T11:48:44","date_gmt":"2021-09-21T09:48:44","guid":{"rendered":"https:\/\/wp.muchomaas.com\/article-maryam-pougetoux-nos-universites-manquent-de-moyens-de-professeurs-et-de-places\/"},"modified":"2023-06-24T00:19:57","modified_gmt":"2023-06-23T22:19:57","slug":"article-maryam-pougetoux-nos-universites-manquent-de-moyens-de-professeurs-et-de-places","status":"publish","type":"post","link":"https:\/\/archives.regards.fr\/?p=13145","title":{"rendered":"Maryam Pougetoux : \u00ab\u00a0Nos universit\u00e9s manquent de moyens, de professeurs et de places\u00a0\u00bb"},"content":{"rendered":"<p class=\"post_excerpt\">Apr\u00e8s plusieurs mois d\u2019enseignement \u00e0 distance, 1,7 millions d\u2019\u00e9tudiants s\u2019appr\u00eatent \u00e0 faire leur rentr\u00e9e universitaire. Pr\u00e9carit\u00e9, conditions d\u2019enseignement, comp\u00e9tition entre p\u00f4les universitaires, climat social et politique : Maryam Pougetoux, vice-pr\u00e9sidente de l\u2019UNEF, est l\u2019invit\u00e9e de #LaMidinale.<\/p>\n<h2>UNE MIDINALE \u00c0 VOIR&#8230;<\/h2>\n<p><iframe loading=\"lazy\" width=\"490\" height=\"276\" src=\"https:\/\/www.youtube.com\/embed\/Zf7z8oC7wXk\" title=\"YouTube video player\" frameborder=\"0\" allow=\"accelerometer; autoplay; clipboard-write; encrypted-media; gyroscope; picture-in-picture\" allowfullscreen><\/iframe><\/p>\n<p>&nbsp;<\/p>\n<p><h2>\u00c0 \u00c9COUTER&#8230;<\/h2>\n<p><strong>>><\/strong> <em><a href=\"https:\/\/open.spotify.com\/episode\/5KrwDyeJabRLBDxg2x9cVX\">sur Spotify<\/a><\/em><\/p>\n<p>&nbsp;<\/p>\n<p><h2>&#8230;ET A LIRE<\/h2>\n<p><em>\u00a0<strong>Sur l\u2019\u00e9tat d\u2019esprit des \u00e9tudiants\u00a0<\/em>\u00a0<\/strong><br \/>\n\u00ab\u00a0On est partag\u00e9s entre le fait d\u2019\u00eatre enfin en pr\u00e9sentiel &#8211; et \u00e7a fait du bien &#8211; et en m\u00eame temps de se dire qu\u2019il y a encore les gal\u00e8res de rentr\u00e9e qui persistent entre les conditions d\u2019\u00e9tude et les conditions de vie.\u00a0\u00bb<br \/>\n\u00ab\u00a0Il y a une pr\u00e9carit\u00e9 qui a augment\u00e9 de 2,7% chez les \u00e9tudiants.\u00a0\u00bb<br \/>\n\u00ab\u00a0On ne peut pas mettre la question de la d\u00e9tresse psychologique des \u00e9tudiants de c\u00f4t\u00e9. Elle a \u00e9t\u00e9 tr\u00e8s pr\u00e9gnante pendant toute la p\u00e9riode de confinement.\u00a0\u00c7a marque. Et la crise sanitaire n\u2019est pas termin\u00e9e. \u00bb<br \/>\n\u00ab\u00a0Beaucoup d\u2019\u00e9tudiants ont \u00e9t\u00e9 en situation de d\u00e9crochage l\u2019ann\u00e9e derni\u00e8re et \u00e7a p\u00e8se sur le moral des \u00e9tudiants.\u00a0\u00bb<br \/>\n\u00ab\u00a0On fait beaucoup de distribution alimentaire alors que jusque-l\u00e0, \u00e7a n\u2019\u00e9tait pas vraiment notre r\u00f4le.\u00a0On tente de pallier les carences de l\u2019Etat qui n\u2019est pas au rendez-vous. \u00bb<br \/>\n\u00ab\u00a0On organise des bourses aux livres sur les campus pour faire en sorte que les \u00e9tudiant-es payent moins chers leurs livres.\u00a0\u00bb<\/p>\n<p><em>\u00a0<strong>Sur les jobs \u00e9tudiants et le plan un jeune, une solution\u00a0<\/em>\u00a0<\/strong><br \/>\n\u00ab\u00a0Le salari\u00e9 \u00e9tudiant ne devrait pas exister. On est sens\u00e9 pouvoir suivre ses \u00e9tudes dans de bonnes conditions.\u00a0\u00bb<br \/>\n\u00ab\u00a0On revendique un filet de s\u00e9curit\u00e9, ce que l\u2019on appelle l\u2019allocation autonomie, pour permettre aux jeunes de vivre sans se soucier d\u2019aller travailler.\u00a0\u00bb<br \/>\n\u00ab\u00a0Un jeune sur deux travaille pendant ses \u00e9tudes et c\u2019est la premi\u00e8re cause d\u2019\u00e9chec \u00e0 l\u2019universit\u00e9.\u00a0\u00bb<br \/>\n\u00ab\u00a0Le gouvernement veut encourager le salariat \u00e9tudiant alors que \u00e7a n\u2019est pas la solution.\u00a0\u00bb<\/p>\n<p><em>\u00a0<strong>Sur l\u2019adaptation de l\u2019universit\u00e9 \u00e0 l\u2019heure du Covid<\/em>\u00a0<\/strong><br \/>\n\u00ab\u00a0La ministre a pr\u00e9venu qu\u2019il n\u2019y aurait pas de distanciation sociale \u00e0 l\u2019universit\u00e9.\u00a0Il faut respecter les gestes barri\u00e8res. \u00bb<br \/>\n\u00ab\u00a0Rien n\u2019est mis en place pour purifier ou ventiler l\u2019air dans les salles de cours.\u00a0\u00bb<br \/>\n\u00ab\u00a0Les universit\u00e9s manquent de moyens, de professeurs, de places.\u00a0\u00bb<br \/>\n\u00ab\u00a0Le nombre d\u2019\u00e9tudiants est en augmentation \u00e0 l\u2019universit\u00e9. Il y a d\u2019\u00e9normes bouchons en Master.\u00a0\u00bb<br \/>\n\u00ab\u00a0Faute de moyens, le protocole sanitaire des universit\u00e9s n\u2019est pas \u00e0 la hauteur.\u00a0\u00bb<br \/>\n\u00ab\u00a0Il n\u2019y a pas de pass sanitaire pour entrer \u00e0 l\u2019universit\u00e9 et heureusement.\u00a0\u00bb<br \/>\n\u00ab\u00a0On est pour la vaccination des \u00e9tudiants.\u00a0\u00bb<\/p>\n<p><em>\u00a0<strong>Sur le financement des universit\u00e9s\u00a0<\/em>\u00a0<\/strong><br \/>\n\u00ab\u00a0Il y a un financement qui manque.\u00a0\u00bb<br \/>\n\u00ab\u00a0Certaines universit\u00e9s de province demandent des enveloppes suppl\u00e9mentaires.\u00a0\u00bb<br \/>\n\u00ab\u00a0Lors du projet de loi de finance de l\u2019ann\u00e9e derni\u00e8re, en pleine p\u00e9riode de crise sanitaire, les universit\u00e9s n\u2019ont b\u00e9n\u00e9fici\u00e9 d\u2019aucun moyens nouveaux.\u00a0\u00bb<br \/>\n\u00ab\u00a0Les universit\u00e9s sont en grandes difficult\u00e9s.\u00a0\u00bb<\/p>\n<p><em>\u00a0<strong>Sur le climat social et politique\u00a0<\/em>\u00a0<\/strong><br \/>\n\u00ab\u00a0L\u2019UNEF s\u2019associe \u00e0 la mobilisation du 5 octobre contre les r\u00e9formes des retraites et de l\u2019assurance ch\u00f4mage.\u00a0\u00bb\u00a0<br \/>\n\u00ab\u00a0Nous voulons porter les aspirations de la jeunesse.\u00a0\u00bb<br \/>\n\u00ab\u00a0En tant que syndicat \u00e9tudiant, on a vocation \u00e0 faire \u00e9merger nos propositions et revendications dans le cadre de la campagne pr\u00e9sidentielle.\u00a0\u00bb<br \/>\n\u00ab\u00a0Souvent, les politiques consid\u00e8rent que les jeunes ne votent pas et qu\u2019il n\u2019y pas lieu de s\u2019adresser \u00e0 la jeunesse.\u00a0\u00bb<br \/>\n\u00ab\u00a0La jeunesse est souvent invisibilis\u00e9e dans les programmes des candidats alors qu\u2019on est les citoyens de demain.\u00a0\u00bb<br \/>\n\u00ab\u00a0On est dans un contexte anxiog\u00e8ne avec la mont\u00e9e de l\u2019extr\u00eame droite et une visibilisation des id\u00e9es de haine auxquelles on n\u2019adh\u00e8re pas.\u00a0\u00bb<div id='gallery-1' class='gallery galleryid-13145 gallery-columns-3 gallery-size-thumbnail'><figure class='gallery-item'>\n\t\t\t<div class='gallery-icon landscape'>\n\t\t\t\t<a href='https:\/\/archives.regards.fr\/wp-content\/uploads\/2021\/09\/capture_d_e_cran_2021-09-21_a_11-73d.42.29.png'><img loading=\"lazy\" decoding=\"async\" width=\"150\" height=\"150\" src=\"https:\/\/archives.regards.fr\/wp-content\/uploads\/2021\/09\/capture_d_e_cran_2021-09-21_a_11-73d.42.29-150x150.png\" class=\"attachment-thumbnail size-thumbnail\" alt=\"capture_d_e_cran_2021-09-21_a_11.42.29.png\" \/><\/a>\n\t\t\t<\/div><\/figure>\n\t\t<\/div>\n<\/p>\n","protected":false},"excerpt":{"rendered":"<p>Apr\u00e8s plusieurs mois d\u2019enseignement \u00e0 distance, 1,7 millions d\u2019\u00e9tudiants s\u2019appr\u00eatent \u00e0 faire leur rentr\u00e9e universitaire. Pr\u00e9carit\u00e9, conditions d\u2019enseignement, comp\u00e9tition entre p\u00f4les universitaires, climat social et politique : Maryam Pougetoux, vice-pr\u00e9sidente de l\u2019UNEF, est l\u2019invit\u00e9e de #LaMidinale.<\/p>\n","protected":false},"author":1204,"featured_media":30971,"comment_status":"open","ping_status":"open","sticky":false,"template":"","format":"standard","meta":{"_themeisle_gutenberg_block_has_review":false,"footnotes":""},"categories":[238],"tags":[293],"class_list":["post-13145","post","type-post","status-publish","format-standard","has-post-thumbnail","hentry","category-la-midinale","tag-entretien"],"_links":{"self":[{"href":"https:\/\/archives.regards.fr\/index.php?rest_route=\/wp\/v2\/posts\/13145","targetHints":{"allow":["GET"]}}],"collection":[{"href":"https:\/\/archives.regards.fr\/index.php?rest_route=\/wp\/v2\/posts"}],"about":[{"href":"https:\/\/archives.regards.fr\/index.php?rest_route=\/wp\/v2\/types\/post"}],"author":[{"embeddable":true,"href":"https:\/\/archives.regards.fr\/index.php?rest_route=\/wp\/v2\/users\/1204"}],"replies":[{"embeddable":true,"href":"https:\/\/archives.regards.fr\/index.php?rest_route=%2Fwp%2Fv2%2Fcomments&post=13145"}],"version-history":[{"count":0,"href":"https:\/\/archives.regards.fr\/index.php?rest_route=\/wp\/v2\/posts\/13145\/revisions"}],"wp:featuredmedia":[{"embeddable":true,"href":"https:\/\/archives.regards.fr\/index.php?rest_route=\/wp\/v2\/media\/30971"}],"wp:attachment":[{"href":"https:\/\/archives.regards.fr\/index.php?rest_route=%2Fwp%2Fv2%2Fmedia&parent=13145"}],"wp:term":[{"taxonomy":"category","embeddable":true,"href":"https:\/\/archives.regards.fr\/index.php?rest_route=%2Fwp%2Fv2%2Fcategories&post=13145"},{"taxonomy":"post_tag","embeddable":true,"href":"https:\/\/archives.regards.fr\/index.php?rest_route=%2Fwp%2Fv2%2Ftags&post=13145"}],"curies":[{"name":"wp","href":"https:\/\/api.w.org\/{rel}","templated":true}]}}