{"id":13141,"date":"2021-09-20T12:18:44","date_gmt":"2021-09-20T10:18:44","guid":{"rendered":"https:\/\/wp.muchomaas.com\/article-le-gouvernement-a-decide-de-passer-en-force-sa-reforme-de-l-assurance-chomage\/"},"modified":"2023-06-24T00:19:52","modified_gmt":"2023-06-23T22:19:52","slug":"article-le-gouvernement-a-decide-de-passer-en-force-sa-reforme-de-l-assurance-chomage","status":"publish","type":"post","link":"https:\/\/archives.regards.fr\/?p=13141","title":{"rendered":"\u00ab Le gouvernement a d\u00e9cid\u00e9 de passer en force sa r\u00e9forme de l&#8217;assurance-ch\u00f4mage \u00bb"},"content":{"rendered":"<p class=\"post_excerpt\">Malgr\u00e9 l\u2019avis du Conseil d\u2019\u00c9tat qui avait suspendu la r\u00e9forme de l\u2019assurance-ch\u00f4mage, le gouvernement entend passer en force. Mathieu Gr\u00e9goire, sociologue, sp\u00e9cialiste du travail et du ch\u00f4mage, est l\u2019invit\u00e9 de #LaMidinale.<\/p>\n<h2>UNE MIDINALE \u00c0 VOIR&#8230;<\/h2>\n<p><iframe loading=\"lazy\" width=\"490\" height=\"276\" src=\"https:\/\/www.youtube.com\/embed\/B16fdrVcNys\" title=\"YouTube video player\" frameborder=\"0\" allow=\"accelerometer; autoplay; clipboard-write; encrypted-media; gyroscope; picture-in-picture\" allowfullscreen><\/iframe><\/p>\n<p>&nbsp;<\/p>\n<p><h2>\u00c0 \u00c9COUTER&#8230;<\/h2>\n<p><strong>>><\/strong> <em><a href=\"https:\/\/open.spotify.com\/episode\/1eG1XuaMg8Y4qzgblVXKDV?si=RDl7kMTsQFeXZxlDQVULYw&#038;dl_branch=1\">sur Spotify<\/a><\/em><\/p>\n<p>&nbsp;<\/p>\n<p><h2>&#8230;ET A LIRE<\/h2>\n<p><em>\u00a0<strong>Sur le taux de ch\u00f4mage<\/em>\u00a0<\/strong><br \/>\n\u00ab\u00a0Les chiffres du ch\u00f4mage ne sont pas aussi bons que le dit la ministre.\u00a0\u00bb<br \/>\n\u00ab\u00a0Ce que la ministre met en avant, c\u2019est une baisse des cat\u00e9gories A, c\u2019est-\u00e0-dire des gens sans activit\u00e9 entre le mois de mai et juillet. Trois mois c\u2019est trop faible pour donner une tendance r\u00e9elle.\u00a0\u00bb<br \/>\n\u00ab\u00a0Si l\u2019on prend l\u2019ensemble des cat\u00e9gories, le nombre de demandeurs d\u2019emploi n\u2019a pas \u00e9volu\u00e9 d\u2019un iota.\u00a0\u00bb<br \/>\n\u00ab\u00a0Il y a deux typologies de demandeurs d\u2019emploi qui augmentent : d\u2019abord, c\u2019est les cat\u00e9gories D. Et les cat\u00e9gories D, c\u2019est les gens qui sont en g\u00e9n\u00e9ral en formation. Et c\u2019est un grand classique des ann\u00e9es \u00e9lectorales, on envoie plein de gens en formation pour les sortir des chiffres du ch\u00f4mage.\u00a0Y\u2019a environ 70.000 personnes qui basculent, en trois mois, dans la cat\u00e9gorie D. Et l\u2019autre cat\u00e9gorie qui augmente normalement, c\u2019est les cat\u00e9gories B et C, c\u2019est-\u00e0-dire les intermittents de l\u2019emploi, des gens qui travaillent ou qui ont travaill\u00e9 dans le mois, soit + 150.000 personnes. Et quand on additionne tout \u00e7a, on retrouve un chiffre nul. \u00bb<br \/>\n\u00ab\u00a0La ministre se f\u00e9licite mais elle se f\u00e9licite d\u2019une baisse de ceux qui ne travaillent pas du tout pendant qu\u2019il y a une hausse de ceux qui sont les futurs victimes de la r\u00e9forme de l\u2019assurance ch\u00f4mage, plus ceux qu\u2019on a cach\u00e9s sous le tapis dans la cat\u00e9gorie D.\u00a0\u00bb<\/p>\n<p><em>\u00a0<strong>Sur les emplois non pourvus\u00a0<\/em>\u00a0<\/strong><br \/>\n\u00ab\u00a0Il y a un niveau d\u2019embauche record mais il y a aussi un niveau de d\u00e9bauche et de fins de contrat records.\u00a0\u00bb<br \/>\n\u00ab\u00a0Les d\u00e9cisions de licenciement n\u2019ont pas eu lieu parce qu\u2019il y avait du ch\u00f4mage partiel.\u00a0\u00bb<br \/>\n\u00ab\u00a0Le coup des emplois non-pourvus est un grand classique.\u00a0\u00bb<\/p>\n<p><em>\u00a0<strong>Sur la r\u00e9forme de l\u2019assurance ch\u00f4mage\u00a0<\/em>\u00a0<\/strong><br \/>\n\u00ab\u00a0On pourrait r\u00e9former le ch\u00f4mage de fa\u00e7on plus progressiste mais l\u00e0, l\u2019id\u00e9e c\u2019est d\u2019essayer de faire des choses qui ne correspondent pas au programme Macron. Son programme tournait autour de la flexi-s\u00e9curit\u00e9, \u00e7a reposait sur le mod\u00e8le danois avec une indemnisation tr\u00e8s g\u00e9n\u00e9reuse pour que les salari\u00e9s puissent aller et venir sur le march\u00e9 du travail de fa\u00e7on assez s\u00e9cure. L\u00e0, on fait tout l\u2019inverse : on diminue les droits des salari\u00e9s.\u00a0\u00bb\u00a0<br \/>\n\u00ab\u00a0Le premier argument du gouvernement c\u2019est de dire qu\u2019on va encourager les salari\u00e9s \u00e0 r\u00e9clamer un CDI \u00e0 leurs futurs employeurs qui proposent des contrats pr\u00e9caires.\u00a0\u00bb<br \/>\n\u00ab\u00a0Le gouvernement diminue le pouvoir de n\u00e9gociation de ses salari\u00e9s pour qu\u2019un salari\u00e9 ou un ch\u00f4meur accepte n\u2019importe quel emploi.\u00a0\u00bb<\/p>\n<p><em>\u00a0<strong>Sur les arguments du gouvernement\u00a0<\/em>\u00a0<\/strong><br \/>\n\u00ab\u00a0Le raisonnement un peu tordu qui \u00e9tait port\u00e9 jusqu\u2019alors est en train de changer. La ministre du Travail, Elisabeth Borne, est en boucle avec les m\u00eames \u00e9l\u00e9ments de langage. Donc quand elle change, \u00e7a se voit. Et l\u00e0, \u00e7a vient de changer : elle a arr\u00eat\u00e9 de dire qu\u2019il fallait encourager l\u2019emploi stable et demander aux salari\u00e9s de r\u00e9clamer un emploi stable, elle a commenc\u00e9 \u00e0 dire qu\u2019il faut travailler plus.\u00a0\u00c7a n&#8217;est pas la m\u00eame chose. \u00c7a peut vouloir dire : prenez plus d\u2019emplois pr\u00e9caires. D\u00e8s qu\u2019il y a un emploi pr\u00e9caire, prenez-le, vous n\u2019avez pas le choix. \u00bb<br \/>\n\u00ab\u00a0Le gouvernement met les ch\u00f4meurs dans une situation d\u2019accepter n\u2019importe quel emploi.\u00a0\u00bb<\/p>\n<p><em>\u00a0<strong>Sur les pr\u00e9jug\u00e9s contre les ch\u00f4meurs\u00a0<\/em>\u00a0<\/strong><br \/>\n\u00ab\u00a0Personne ne sait dire dans quelle condition un ch\u00f4meur peut gagner plus au ch\u00f4mage qu\u2019en travaillant.\u00a0Il n\u2019y a pas d\u2019exemple &#8211; \u00e0 part quelques rares cas particuliers de personnes qui travaillent \u00e0 temps partiel. \u00bb<\/p>\n<p><em>\u00a0<strong>Sur le passage en force de Macron<\/em>\u00a0<\/strong><br \/>\n\u00ab\u00a0On est \u00e0 neuf mois d\u2019une \u00e9lection pr\u00e9sidentielle.\u00a0Emmanuel Macron a besoin d\u2019un bilan et il veut \u00e9viter un proc\u00e8s en incomp\u00e9tence qu\u2019il leur sera n\u00e9cessairement fait pendant la campagne. \u00bb<br \/>\n\u00ab\u00a0Le Conseil d\u2019Etat n\u2019aime pas intervenir pendant les campagnes \u00e9lectorales et donc on ne sait pas quand le jugement aura lieu sur le fond.\u00a0\u00bb<br \/>\n\u00ab\u00a0Le gouvernement a besoin d\u2019un bilan et a d\u00e9cid\u00e9 de passer en force avec des arguments tr\u00e8s fragiles.\u00a0\u00bb<br \/>\n\u00ab\u00a0Les diff\u00e9rentes oppositions, notamment \u00e0 gauche, s\u2019est pas mal mobilis\u00e9e : du PS aux Verts en passant par le PCF et les Insoumis. Tous ont d\u00e9nonc\u00e9 la r\u00e9forme.\u00a0\u00bb<br \/>\n\u00ab\u00a0La droite aussi a un peu critiqu\u00e9 la r\u00e9forme notamment sur la remise en cause du paritarisme.\u00a0\u00c7a ne pla\u00eet pas \u00e0 la droite gaulliste et sociale. \u00bb<br \/>\n\u00ab\u00a0\u00c7a serait bien que les parlementaires se mobilisent \u00e0 nouveau.\u00a0\u00bb<br \/>\n\u00ab\u00a0Il y a une forme de lassitude, les m\u00eames arguments sont r\u00e9p\u00e9t\u00e9s depuis 2018.\u00a0\u00bb<div id='gallery-1' class='gallery galleryid-13141 gallery-columns-3 gallery-size-thumbnail'><figure class='gallery-item'>\n\t\t\t<div class='gallery-icon landscape'>\n\t\t\t\t<a href='https:\/\/archives.regards.fr\/wp-content\/uploads\/2021\/09\/capture_d_e_cran_2021-09-20_a_12-ab1.03.14.png'><img loading=\"lazy\" decoding=\"async\" width=\"150\" height=\"150\" src=\"https:\/\/archives.regards.fr\/wp-content\/uploads\/2021\/09\/capture_d_e_cran_2021-09-20_a_12-ab1.03.14-150x150.png\" class=\"attachment-thumbnail size-thumbnail\" alt=\"capture_d_e_cran_2021-09-20_a_12.03.14.png\" \/><\/a>\n\t\t\t<\/div><\/figure>\n\t\t<\/div>\n<\/p>\n","protected":false},"excerpt":{"rendered":"<p>Malgr\u00e9 l\u2019avis du Conseil d\u2019\u00c9tat qui avait suspendu la r\u00e9forme de l\u2019assurance-ch\u00f4mage, le gouvernement entend passer en force. Mathieu Gr\u00e9goire, sociologue, sp\u00e9cialiste du travail et du ch\u00f4mage, est l\u2019invit\u00e9 de #LaMidinale.<\/p>\n","protected":false},"author":1204,"featured_media":30965,"comment_status":"open","ping_status":"open","sticky":false,"template":"","format":"standard","meta":{"_themeisle_gutenberg_block_has_review":false,"footnotes":""},"categories":[238],"tags":[293],"class_list":["post-13141","post","type-post","status-publish","format-standard","has-post-thumbnail","hentry","category-la-midinale","tag-entretien"],"_links":{"self":[{"href":"https:\/\/archives.regards.fr\/index.php?rest_route=\/wp\/v2\/posts\/13141","targetHints":{"allow":["GET"]}}],"collection":[{"href":"https:\/\/archives.regards.fr\/index.php?rest_route=\/wp\/v2\/posts"}],"about":[{"href":"https:\/\/archives.regards.fr\/index.php?rest_route=\/wp\/v2\/types\/post"}],"author":[{"embeddable":true,"href":"https:\/\/archives.regards.fr\/index.php?rest_route=\/wp\/v2\/users\/1204"}],"replies":[{"embeddable":true,"href":"https:\/\/archives.regards.fr\/index.php?rest_route=%2Fwp%2Fv2%2Fcomments&post=13141"}],"version-history":[{"count":0,"href":"https:\/\/archives.regards.fr\/index.php?rest_route=\/wp\/v2\/posts\/13141\/revisions"}],"wp:featuredmedia":[{"embeddable":true,"href":"https:\/\/archives.regards.fr\/index.php?rest_route=\/wp\/v2\/media\/30965"}],"wp:attachment":[{"href":"https:\/\/archives.regards.fr\/index.php?rest_route=%2Fwp%2Fv2%2Fmedia&parent=13141"}],"wp:term":[{"taxonomy":"category","embeddable":true,"href":"https:\/\/archives.regards.fr\/index.php?rest_route=%2Fwp%2Fv2%2Fcategories&post=13141"},{"taxonomy":"post_tag","embeddable":true,"href":"https:\/\/archives.regards.fr\/index.php?rest_route=%2Fwp%2Fv2%2Ftags&post=13141"}],"curies":[{"name":"wp","href":"https:\/\/api.w.org\/{rel}","templated":true}]}}