{"id":13138,"date":"2021-09-17T12:07:40","date_gmt":"2021-09-17T10:07:40","guid":{"rendered":"https:\/\/wp.muchomaas.com\/article-arnaud-viviant-eric-zemmour-est-l-ecrivain-rate-par-excellence\/"},"modified":"2023-06-24T00:19:51","modified_gmt":"2023-06-23T22:19:51","slug":"article-arnaud-viviant-eric-zemmour-est-l-ecrivain-rate-par-excellence","status":"publish","type":"post","link":"https:\/\/archives.regards.fr\/?p=13138","title":{"rendered":"Arnaud Viviant : \u00ab Eric Zemmour est l&#8217;\u00e9crivain rat\u00e9 par excellence \u00bb"},"content":{"rendered":"<p class=\"post_excerpt\">Qu&#8217;est-ce qu&#8217;un critique litt\u00e9raire ? A quoi sert-il ? Et la litt\u00e9rature, \u00e7a sert \u00e0 quoi ? Et le langage ? Pour en parler, Arnaud Viviant, auteur de <em>Cantique de la critique<\/em> aux \u00e9ditions La Fabrique, est l&#8217;invit\u00e9 de #LaMidinale.<\/p>\n<h2>UNE MIDINALE \u00c0 VOIR&#8230;<\/h2>\n<p><iframe loading=\"lazy\" width=\"490\" height=\"276\" src=\"https:\/\/www.youtube.com\/embed\/zZ_Dq2yPG54\" title=\"YouTube video player\" frameborder=\"0\" allow=\"accelerometer; autoplay; clipboard-write; encrypted-media; gyroscope; picture-in-picture\" allowfullscreen><\/iframe><\/p>\n<p>&nbsp;<\/p>\n<p><h2>\u00c0 \u00c9COUTER&#8230;<\/h2>\n<p><strong>>><\/strong> <em><a href=\"https:\/\/open.spotify.com\/episode\/6OoKuZBPhqtRqefFysfpUp?si=iori4dbGTQC0ni0jObH2MA&#038;dl_branch=1\">sur Spotify<\/a><\/em><\/p>\n<p>&nbsp;<\/p>\n<p><h2>ET \u00c0 LIRE&#8230;<\/h2>\n<p><em>\u00a0<strong>Sur la litt\u00e9rature et le langage\u00a0<\/em>\u00a0<\/strong><br \/>\n\u00ab\u00a0C\u2019est la vulgate de dire que nous sommes une nation litt\u00e9raire. En r\u00e9alit\u00e9 c\u2019est le continent europ\u00e9en qui est un continent litt\u00e9raire.\u00a0\u00bb<br \/>\n\u00ab\u00a0L\u2019objet de la litt\u00e9rature, c\u2019est la langue. En l\u2019occurrence pour nous, la langue fran\u00e7aise.\u00a0\u00bb<br \/>\n\u00ab\u00a0Si je peux \u00eatre en d\u00e9saccord, parfois profond, avec l\u2019Acad\u00e9mie fran\u00e7aise, avec les acad\u00e9miciens, en revanche le dictionnaire de l\u2019Acad\u00e9mie &#8211; esp\u00e8ce d\u2019objet sans fin &#8211; cherche \u00e0 d\u00e9finir de nouveaux mots, cherche \u00e0 red\u00e9finir les mots.\u00a0\u00bb<br \/>\n\u00ab\u00a0La litt\u00e9rature, en France, est le garant de ce que veulent dire les mots.\u00a0\u00bb<br \/>\n\u00ab\u00a0La d\u00e9finition de libert\u00e9 ne se discute pas. Si vous commencez \u00e0 discuter de la notion de libert\u00e9, ce n\u2019est plus une notion de libert\u00e9.\u00a0La notion d\u2019\u00e9galit\u00e9 doit \u00eatre aussi ferme en politique qu\u2019elle l\u2019est dans les math\u00e9matiques. Il peut y avoir une polys\u00e9mie du mot fraternit\u00e9 mais n\u2019est pas non plus infinie. La fraternit\u00e9 reste la fraternit\u00e9. \u00bb<br \/>\n\u00ab\u00a0L\u2019\u00e9crivain est le garant du sens des mots.\u00a0\u00bb<br \/>\n\u00ab\u00a0Les mots peuvent changer de signification d\u2019une mani\u00e8re un peu roublarde, souvent dans le discours politique qui est tr\u00e8s habile ou le discours de la communication.\u00a0\u00bb<br \/>\n\u00ab\u00a0La deuxi\u00e8me moiti\u00e9 du XX\u00e8 si\u00e8cle, l\u2019id\u00e9e du signifiant l\u2019a beaucoup emport\u00e9 dans le domaine de la psychanalyse mais aussi de la litt\u00e9rature.\u00a0\u00bb<\/p>\n<p><em>\u00a0<strong>Sur l\u2019usage des mots en politique\u00a0<\/em>\u00a0<\/strong><br \/>\n\u00ab\u00a01984, le chef d&#8217;\u0153uvre d\u2019Orwell, est exactement le livre qui montre comment un pouvoir change la d\u00e9finition m\u00eame des mots et organise une autre soci\u00e9t\u00e9, une soci\u00e9t\u00e9 de contr\u00f4le.\u00a0\u00bb<br \/>\n\u00ab\u00a0La d\u00e9mocratie n\u2019est pas qu\u2019un mot ou un fait de langage, la d\u00e9mocratie est une r\u00e9alit\u00e9. Nous vivons de moins en moins dans une d\u00e9mocratie. \u00bb<br \/>\n\u00ab\u00a0La critique na\u00eet en m\u00eame temps que la d\u00e9mocratie.\u00a0\u00bb<br \/>\n\u00ab\u00a0La libert\u00e9 d\u2019expression dans nos soci\u00e9t\u00e9s ne peut pas exister totalement.\u00a0Il y a des sujets dont on ne peut pas parler. \u00bb<br \/>\n\u00ab\u00a0Quand Flaubert \u00e9crit Madame Bovary, il est sujet \u00e0 un proc\u00e8s. Et il va le gagner parce que son p\u00e8re a le bras long.\u00a0Et il va \u00e9chapper \u00e0 la sentence et gr\u00e2ce au proc\u00e8s, Madame Bovary va conna\u00eetre un succ\u00e8s. Six mois plus tard, c\u2019est Baudelaire qui se retrouve devant le tribunal pour les pi\u00e8ces lesbiennes des Fleurs du mal. Lui va perdre et il est condamn\u00e9. Donc la libert\u00e9 d\u2019expression se gagne au fur et \u00e0 mesure. \u00bb<\/p>\n<p><em>\u00a0<strong>Sur l\u2019\u00e9criture inclusive<\/em>\u00a0<\/strong><br \/>\n\u00ab\u00a0Je m\u2019essaie timidement \u00e0 l\u2019\u00e9criture inclusive dans mon livre.\u00a0\u00bb\u00a0<br \/>\n\u00ab\u00a0Quand vous \u00eates \u00e9crivain, la question de l\u2019\u00e9criture inclusive devrait vous passionner.\u00a0Comment arriver \u00e0 changer dans la langue, un sch\u00e9ma de pens\u00e9e et un sch\u00e9ma de domination masculine ? \u00bb<br \/>\n\u00ab\u00a0\u00c0 l\u2019\u00e9cole, en grammaire, on apprend que le masculin l\u2019emporte sur le f\u00e9minin. C\u2019est une r\u00e8gle. On pourrait tr\u00e8s simplement changer la r\u00e8gle.\u00a0\u00bb<br \/>\n\u00ab\u00a0La question de l\u2019\u00e9criture inclusive ne peut pas se r\u00e9gler d\u2019un point de vue typographique comme on le fait avec le point m\u00e9dian actuellement &#8211; surtout dans les tracts militants.\u00a0\u00bb<br \/>\n\u00ab\u00a0Dire \u2018celles et ceux\u2019, c\u2019est joli, \u00e7a fait un ensemble de sifflants : \u00e7a ne me d\u00e9range pas mais \u00e7a ne me d\u00e9range pas non plus d\u2019\u00e9crire celleux.\u00a0\u00bb<br \/>\n\u00ab\u00a0L\u2019\u00e9criture inclusive n\u2019est pas qu\u2019un combat f\u00e9ministe, c\u2019est un combat de repr\u00e9sentation non genr\u00e9e dans la langue.\u00a0\u00bb\u00a0<br \/>\n\u00ab\u00a0Au Moyen-\u00c2ge, le fran\u00e7ais \u00e9tait beaucoup moins genr\u00e9 qu\u2019il ne l\u2019est aujourd\u2019hui.\u00a0\u00bb<br \/>\n\u00ab\u00a0La langue fran\u00e7aise s\u2019est genr\u00e9e au cours de son histoire et nous pouvons aujourd\u2019hui commencer \u00e0 la d\u00e9genrer.\u00a0\u00bb<\/p>\n<p><em>\u00a0<strong>Sur la d\u00e9finition de la litt\u00e9rature\u00a0<\/em>\u00a0<\/strong><br \/>\n\u00ab\u00a0Nous avons en France, le prix unique du livre (\u2026).\u00a0Le livre reste dans une approche d\u00e9mocratique.\u00a0\u00bb<br \/>\n\u00ab\u00a0Un \u00e9diteur ne vend pas plus cher un bon \u00e9crivain qu\u2019un mauvais.\u00a0\u00bb<br \/>\n\u00ab\u00a0Les gens ach\u00e8tent des livres mais ne les lisent pas. Un livre, c\u2019est l\u2019acte de lire.\u00a0\u00bb<br \/>\n\u00ab\u00a0On ne peut pas essentialiser la litt\u00e9rature dans l\u2019id\u00e9e d\u2019un combat contre ceci ou contre cela. Edouard Louis reprend une posture qui est celle de Sartre, c\u2019est-\u00e0-dire que l\u2019\u00e9crivain doit s\u2019engager dans son monde et sa soci\u00e9t\u00e9. Mais ce n\u2019est qu\u2019une des fonctions de la litt\u00e9rature.\u00a0\u00bb<br \/>\n\u00ab\u00a0Un des gros probl\u00e8mes que nous avons aujourd\u2019hui, c\u2019est que nous n\u2019arr\u00eatons pas d\u2019essentialiser.\u00a0\u00bb<\/p>\n<p><em>\u00a0<strong>Sur le public de la litt\u00e9rature\u00a0<\/em>\u00a0<\/strong><br \/>\n\u00ab\u00a0La litt\u00e9rature s\u2019adresse \u00e0 ceux qui prennent le temps de la consid\u00e9rer.\u00a0\u00bb<br \/>\n\u00ab\u00a0Les gens ne comprennent pas ce qu\u2019est la rentr\u00e9e litt\u00e9raire.\u00a0\u00bb<br \/>\n\u00ab\u00a0L\u2019objet de la rentr\u00e9e litt\u00e9raire est celui d\u2019une organisation collective des \u00e9diteurs, des \u00e9crivains et des critiques &#8211; des gens qui travaillent dans la m\u00eame branche &#8211; et qui d\u00e9cident qu\u2019il y aura un coup de projecteur sur la litt\u00e9rature \u00e0 ce moment-l\u00e0 pour qu\u2019elle reste dans l\u2019espace public.\u00a0\u00bb<br \/>\n\u00ab\u00a0Mon travail n\u2019est pas de juger les livres mais de faire en sorte que la litt\u00e9rature soit regard\u00e9e comme une activit\u00e9 qui parle de la soci\u00e9t\u00e9 et la concerne, et o\u00f9 l\u2019on peut apprendre beaucoup sur la soci\u00e9t\u00e9.\u00a0\u00bb<br \/>\n\u00ab\u00a0Ce que racontent les 451 \u00e9crivains de la rentr\u00e9e litt\u00e9raire dans leurs livres, c\u2019est la soci\u00e9t\u00e9.\u00a0\u00bb<\/p>\n<p><em>\u00a0<strong>Sur le livre, bien de premi\u00e8re n\u00e9cessit\u00e9<\/em>\u00a0<\/strong><br \/>\n\u00ab Il ne faut pas oublier que Bruno Le Maire qui avait fait du livre un bien de premi\u00e8re n\u00e9cessit\u00e9 lors du grand confinement d\u2019avril 2020, est aussi un auteur de Gallimard.\u00a0\u00bb<br \/>\n\u00ab\u00a0La cha\u00eene du livre mena\u00e7ait de s\u2019effondrer avec la fermeture des librairies.\u00a0\u00bb<br \/>\n\u00ab\u00a0Quand j\u2019avais un besoin de litt\u00e9rature, tous les livres du domaine public \u00e9taient accessibles en un clic.\u00a0\u00bb<br \/>\n\u00ab\u00a0Le probl\u00e8me, c\u2019est pas le livre. Ce n&#8217;est pas le livre qui est un bien de premi\u00e8re n\u00e9cessit\u00e9. Ce qui peut \u00eatre un bien de premi\u00e8re n\u00e9cessit\u00e9, c\u2019est le texte.\u00a0\u00bb<\/p>\n<p><em>\u00a0<strong>Sur la critique litt\u00e9raire\u00a0<\/em>\u00a0<\/strong><br \/>\n\u00ab\u00a0On ne peut pas dire que le m\u00e9tier de critique soit en pleine forme par rapport \u00e0 ce que j\u2019ai pu conna\u00eetre dans les ann\u00e9es 90. \u00c7a fait plus de trente ans que je fais ce m\u00e9tier.\u00a0\u00bb<br \/>\n\u00ab\u00a0Je reste totalement optimiste sur l\u2019avenir de la critique.\u00a0\u00bb<br \/>\n\u00ab\u00a0Personne n\u2019aime les critiques et c\u2019est une constante de l\u2019histoire de la critique.\u00a0\u00bb<br \/>\n\u00ab\u00a0Le travail du critique c\u2019est de faire en sorte que la litt\u00e9rature ne devienne pas une esp\u00e8ce de bijoux esth\u00e9tique, de colifichets pour classes oisives mais qu\u2019elle reste dans l\u2019espace public.\u00a0\u00bb<br \/>\n\u00ab\u00a0Mon travail n\u2019est pas de faire vendre des livres. Ma fonction c\u2019est de distinguer les projets litt\u00e9raires des uns des autres et d\u2019expliquer pourquoi.\u00a0\u00bb<br \/>\n\u00ab\u00a0Il y a une cha\u00eene du livre et il faut comprendre, en termes marxiste comment \u00e7a marche. Quand un livre est vendu, celui qui touche le plus, c\u2019est le libraire qui touche 17%. Ensuite, c\u2019est le distributeur autour de 10% puis l\u2019\u00e9diteur autour de 9%. Viennent ensuite l\u2019imprimeur autour de 2%. Et celui qui touche 1%, c\u2019est l\u2019auteur. \u00bb<br \/>\n\u00ab\u00a0Le critique qui fait vendre des livres, touche z\u00e9ro euro.\u00a0Je ne veux pas \u00eatre pay\u00e9 pour faire vendre des livres. Je ne veux pas \u00eatre un VRP. \u00c7a n\u2019est pas mon travail. \u00bb<br \/>\n\u00ab\u00a0Mon travail, c\u2019est de lire les livres au jour le jour. Et de lire tout : de Marc L\u00e9vy \u00e0 Marc Dugain.\u00a0\u00bb<\/p>\n<p><em>\u00a0<strong>Sur le \u00ab\u00a0tous cr\u00e9ateurs\u00a0\u00bb contre le \u00ab\u00a0tous spectateurs\u00a0\u00bb<\/em>\u00a0<\/strong><br \/>\n\u00ab\u00a0Tout le monde \u00e9crit aujourd\u2019hui.\u00a0\u00bb<br \/>\n\u00ab\u00a0Internet, c\u2019est la r\u00e9surrection de l\u2019\u00e9criture.\u00a0\u00bb<br \/>\n\u00ab\u00a0Tout le monde veut \u00e9crire des livres.\u00a0\u00bb<br \/>\n\u00ab\u00a0On est pass\u00e9 d\u2019une d\u00e9mocratisation de la lecture \u00e0 une d\u00e9mocratisation de l\u2019\u00e9criture : tout le monde \u00e9crit.\u00a0\u00c7a change compl\u00e8tement l\u2019id\u00e9e m\u00eame de la litt\u00e9rature. \u00bb<br \/>\n\u00ab\u00a0Produire des livres ne fait de vous un \u00e9crivain.\u00a0\u00bb<br \/>\n\u00ab\u00a0Il faut consid\u00e9rer la langue comme un outil \u00e0 am\u00e9liorer pour \u00eatre un \u00e9crivain.\u00a0\u00bb<\/p>\n<p><em>\u00a0<strong>Sur le politique et la litt\u00e9rature\u00a0<\/em>\u00a0<\/strong><br \/>\n\u00ab\u00a0Le projet litt\u00e9raire d\u2019un Zola \u00e9tait d\u2019\u00e9crire le monde, le monde des ouvriers et des employ\u00e9s. A l\u2019\u00e9poque, il n\u2019y a pas d\u2019autres moyens d\u2019information.\u00a0D\u2019ailleurs pour \u00e9crire, il fait un travail de journaliste, il regarde et prend des notes. \u00bb<br \/>\n\u00ab\u00a0Aujourd\u2019hui, cette fonction de description du monde est remplie par d\u2019autres supports comme le cin\u00e9ma, la t\u00e9l\u00e9vision et l\u2019image.\u00a0\u00bb<br \/>\n\u00ab\u00a0Au cours du XX\u00e8 si\u00e8cle, le sujet de la litt\u00e9rature a moins \u00e9t\u00e9 de d\u00e9crire le monde que de se dire comment avec des mots on peut montrer le monde de la mani\u00e8re la plus pr\u00e9cise qui soit &#8211; avec tout ce que les mots portent en eux, de profondeur. Il n\u2019y a pas de profondeur dans l\u2019image mais il y a une profondeur dans le langage.\u00a0\u00bb<br \/>\n\u00ab\u00a0Zemmour est un \u00e9crivain rat\u00e9.\u00a0Il n\u2019est pas capable d\u2019\u00e9crire une \u0153uvre. \u00bb<br \/>\n\u00ab\u00a0La litt\u00e9rature et la politique ont toujours \u00e9t\u00e9 proches dans notre pays.\u00a0\u00bb<br \/>\n\u00ab\u00a0Zemmour est l\u2019\u00e9crivain rat\u00e9 par excellence. Le pol\u00e9miste a remplac\u00e9 le critique. Avant, on disait que le critique \u00e9tait l\u2019\u00e9crivain rat\u00e9, maintenant, c\u2019est le pol\u00e9miste.\u00a0\u00bb<div id='gallery-1' class='gallery galleryid-13138 gallery-columns-3 gallery-size-thumbnail'><figure class='gallery-item'>\n\t\t\t<div class='gallery-icon landscape'>\n\t\t\t\t<a href='https:\/\/archives.regards.fr\/wp-content\/uploads\/2021\/09\/capture_d_e_cran_2021-09-17_a_11-cba.02.54.png'><img loading=\"lazy\" decoding=\"async\" width=\"150\" height=\"150\" src=\"https:\/\/archives.regards.fr\/wp-content\/uploads\/2021\/09\/capture_d_e_cran_2021-09-17_a_11-cba.02.54-150x150.png\" class=\"attachment-thumbnail size-thumbnail\" alt=\"capture_d_e_cran_2021-09-17_a_11.02.54.png\" \/><\/a>\n\t\t\t<\/div><\/figure>\n\t\t<\/div>\n<\/p>\n","protected":false},"excerpt":{"rendered":"<p>Qu&#8217;est-ce qu&#8217;un critique litt\u00e9raire ? A quoi sert-il ? Et la litt\u00e9rature, \u00e7a sert \u00e0 quoi ? Et le langage ? Pour en parler, Arnaud Viviant, auteur de <em>Cantique de la critique<\/em> aux \u00e9ditions La Fabrique, est l&#8217;invit\u00e9 de #LaMidinale.<\/p>\n","protected":false},"author":1204,"featured_media":30961,"comment_status":"open","ping_status":"open","sticky":false,"template":"","format":"standard","meta":{"_themeisle_gutenberg_block_has_review":false,"footnotes":""},"categories":[238],"tags":[293],"class_list":["post-13138","post","type-post","status-publish","format-standard","has-post-thumbnail","hentry","category-la-midinale","tag-entretien"],"_links":{"self":[{"href":"https:\/\/archives.regards.fr\/index.php?rest_route=\/wp\/v2\/posts\/13138","targetHints":{"allow":["GET"]}}],"collection":[{"href":"https:\/\/archives.regards.fr\/index.php?rest_route=\/wp\/v2\/posts"}],"about":[{"href":"https:\/\/archives.regards.fr\/index.php?rest_route=\/wp\/v2\/types\/post"}],"author":[{"embeddable":true,"href":"https:\/\/archives.regards.fr\/index.php?rest_route=\/wp\/v2\/users\/1204"}],"replies":[{"embeddable":true,"href":"https:\/\/archives.regards.fr\/index.php?rest_route=%2Fwp%2Fv2%2Fcomments&post=13138"}],"version-history":[{"count":0,"href":"https:\/\/archives.regards.fr\/index.php?rest_route=\/wp\/v2\/posts\/13138\/revisions"}],"wp:featuredmedia":[{"embeddable":true,"href":"https:\/\/archives.regards.fr\/index.php?rest_route=\/wp\/v2\/media\/30961"}],"wp:attachment":[{"href":"https:\/\/archives.regards.fr\/index.php?rest_route=%2Fwp%2Fv2%2Fmedia&parent=13138"}],"wp:term":[{"taxonomy":"category","embeddable":true,"href":"https:\/\/archives.regards.fr\/index.php?rest_route=%2Fwp%2Fv2%2Fcategories&post=13138"},{"taxonomy":"post_tag","embeddable":true,"href":"https:\/\/archives.regards.fr\/index.php?rest_route=%2Fwp%2Fv2%2Ftags&post=13138"}],"curies":[{"name":"wp","href":"https:\/\/api.w.org\/{rel}","templated":true}]}}