{"id":13136,"date":"2021-09-15T18:04:10","date_gmt":"2021-09-15T16:04:10","guid":{"rendered":"https:\/\/wp.muchomaas.com\/article-greve-a-transdev-aujourd-hui-on-a-compris-une-chose-les-patrons-c-est-nous\/"},"modified":"2023-06-24T00:19:46","modified_gmt":"2023-06-23T22:19:46","slug":"article-greve-a-transdev-aujourd-hui-on-a-compris-une-chose-les-patrons-c-est-nous","status":"publish","type":"post","link":"https:\/\/archives.regards.fr\/?p=13136","title":{"rendered":"Gr\u00e8ve \u00e0 Transdev : \u00ab On a compris une chose : les patrons, c\u2019est nous ! \u00bb"},"content":{"rendered":"<p class=\"post_excerpt\">La mise en concurrence des lignes de bus en \u00cele-de-France a entra\u00een\u00e9 un dumping social chez les entreprises de transports. Chez Transdev, des salari\u00e9s sont en gr\u00e8ve depuis plus de 10 jours pour d\u00e9noncer leurs conditions nouvelles de travail. Deux salari\u00e9es de la soci\u00e9t\u00e9 de transports, Wynnessa et Cynthia, sont les invit\u00e9es de #LaMidinale.<\/p>\n<h2>UNE MIDINALE \u00c0 VOIR&#8230;<\/h2>\n<p><iframe loading=\"lazy\" width=\"490\" height=\"276\" src=\"https:\/\/www.youtube.com\/embed\/-34IOD4dVco\" title=\"YouTube video player\" frameborder=\"0\" allow=\"accelerometer; autoplay; clipboard-write; encrypted-media; gyroscope; picture-in-picture\" allowfullscreen><\/iframe><\/p>\n<p>&nbsp;<\/p>\n<p><h2>\u00c0 \u00c9COUTER&#8230;<\/h2>\n<p><strong>>><\/strong> <em><a href=\"https:\/\/open.spotify.com\/episode\/6xkzF7W5YZp4OipkHfpcyN?si=QzKrwCKtQ1iIq41XEyDNaA&#038;dl_branch=1\">sur Spotify<\/a><\/em><\/p>\n<p>&nbsp;<\/p>\n<p><h2>&#8230;ET A LIRE<\/h2>\n<p><em>\u00a0<strong>Sur les conditions de travail \u00e0 Transdev<\/em>\u00a0<\/strong><br \/>\n\u00ab\u00a0Transdev nous a vendu au rabais, nos conditions de travail et nos acquis avec &#8211; comme nos ch\u00e8ques vacances, nos cong\u00e9s annuels qui passent de 33 \u00e0 26 ou nos am\u00e9nagements du temps de travail. \u00bb<br \/>\n\u00ab\u00a0La direction met en place des services avec des amplitudes de travail qui d\u00e9passent parfois les 11h &#8211; certains jusqu\u2019\u00e0 17h. C\u2019est \u00e9norme humainement. Un humain ne peut pas tenir 17h dans un bus pour transporter des usagers.\u00a0\u00bb<br \/>\n\u00ab\u00a0On demande que nos acquis ne soient pas \u00e9cras\u00e9s.\u00a0On nous demande d\u2019effacer ce pour quoi nos anciens se sont battus. \u00bb<br \/>\n\u00ab\u00a0On est pr\u00eats \u00e0 n\u00e9gocier et \u00e0 parler avec la direction mais le probl\u00e8me c\u2019est qu\u2019elle nous dit : c\u2019est comme \u00e7a ou c\u2019est rien.\u00a0\u00bb<br \/>\n\u00ab\u00a0On r\u00e9clame des conditions de travail correctes pour transporter nos usagers.\u00a0\u00bb<br \/>\n\u00ab\u00a0On s\u2019excuse aupr\u00e8s de nos usagers, on n\u2019a rien contre eux et on ne les prend pas en otage.\u00a0\u00bb<br \/>\n\u00ab\u00a0Nos pauses ne sont pay\u00e9es qu\u2019\u00e0 50%.\u00a0\u00bb<\/p>\n<p><em>\u00a0<strong>Sur la m\u00e9thode de l\u2019appel \u00e0 la concurrence\u00a0<\/em>\u00a0<\/strong><br \/>\n\u00ab\u00a0Notre probl\u00e8me, c\u2019est qu\u2019on avait des acquis et des conditions de travail avant cette mise en concurrence et on n\u2019accepte pas que \u00e7a soit remis en cause.\u00a0\u00bb<br \/>\n\u00ab\u00a0Val\u00e9rie P\u00e9cresse a mis un tel d\u00e9g\u00e2t dans notre soci\u00e9t\u00e9.\u00a0On est beaucoup \u00e0 \u00eatre touch\u00e9s par les appels \u00e0 la concurrence : la RATP, la SNCF\u2026 \u00bb<br \/>\n\u00ab\u00a0L\u2019impact financier est autant pour nous, voire plus pour nous que pour eux parce qu&#8217;eux, ils continuent de s\u2019enrichir.\u00a0\u00bb<br \/>\n\u00ab\u00a0On ne transporte pas du b\u00e9tail, on ne transporte pas de la marchandise. On transporte des \u00eatres humains qu\u2019on veut transporter dans de bonnes conditions.\u00a0\u00bb<\/p>\n<p><em>\u00a0<strong>Sur Val\u00e9rie P\u00e9cresse<\/em>\u00a0<\/strong><br \/>\n\u00ab\u00a0Val\u00e9rie P\u00e9cresse est occup\u00e9e par d\u2019autres choses que de venir nous voir.\u00a0\u00bb<br \/>\n\u00ab\u00a0On ne s\u2019attend pas \u00e0 \u00eatre \u00e9cout\u00e9s. Aujourd\u2019hui, on a compris une chose : les patrons, c\u2019est nous.\u00a0\u00bb<br \/>\n\u00ab\u00a0Tant qu\u2019on n\u2019aura pas \u00e9t\u00e9 \u00e9cout\u00e9s sur nos revendications, on ne reprendra pas le travail.\u00a0\u00bb<br \/>\n\u00ab\u00a0On ne l\u00e2chera rien et on reprendra le travail que quand on nous \u00e9coutera.\u00a0\u00bb<\/p>\n<p><em>\u00a0<strong>Sur le r\u00f4le des syndicats et des politiques dans la gr\u00e8ve<\/em>\u00a0<\/strong><br \/>\n\u00ab\u00a0Les syndicats sont l\u00e0 pour repr\u00e9senter les salari\u00e9s.\u00a0\u00bb<br \/>\n\u00ab\u00a0On a un avocat qui nous soutient.\u00a0\u00bb<br \/>\n\u00ab\u00a0Tout ce que les salari\u00e9s veulent faire remonter \u00e0 la direction, on [les syndicats] est l\u00e0 pour transmettre leur parole.\u00a0\u00bb<br \/>\n\u00ab\u00a0C\u2019est important pour les salari\u00e9s que les politiques se mobilisent mais ce qu\u2019on veut, c\u2019est qu\u2019eux viennent \u00e0 nous &#8211; comme M\u00e9lenchon et Besancenot &#8211; bien que sans doute \u00e7a leur profite. Mais \u00e7a nous profite autant.\u00a0\u00bb<br \/>\n\u00ab\u00a0Pour nous aider, il faut diffuser notre mobilisation un maximum sur les r\u00e9seaux sociaux.\u00a0\u00bb<br \/>\n\u00ab\u00a0On invite tout le monde \u00e0 venir nous voir.\u00a0\u00bb<br \/>\n\u00ab\u00a0On a ouvert une cagnotte pour les salari\u00e9s gr\u00e9vistes.\u00a0\u00bb<div id='gallery-1' class='gallery galleryid-13136 gallery-columns-3 gallery-size-thumbnail'><figure class='gallery-item'>\n\t\t\t<div class='gallery-icon landscape'>\n\t\t\t\t<a href='https:\/\/archives.regards.fr\/wp-content\/uploads\/2021\/09\/capture_d_e_cran_2021-09-15_a_17-07d.10.45.png'><img loading=\"lazy\" decoding=\"async\" width=\"150\" height=\"150\" src=\"https:\/\/archives.regards.fr\/wp-content\/uploads\/2021\/09\/capture_d_e_cran_2021-09-15_a_17-07d.10.45-150x150.png\" class=\"attachment-thumbnail size-thumbnail\" alt=\"capture_d_e_cran_2021-09-15_a_17.10.45.png\" \/><\/a>\n\t\t\t<\/div><\/figure>\n\t\t<\/div>\n<\/p>\n","protected":false},"excerpt":{"rendered":"<p>La mise en concurrence des lignes de bus en \u00cele-de-France a entra\u00een\u00e9 un dumping social chez les entreprises de transports. Chez Transdev, des salari\u00e9s sont en gr\u00e8ve depuis plus de 10 jours pour d\u00e9noncer leurs conditions nouvelles de travail. Deux salari\u00e9es de la soci\u00e9t\u00e9 de transports, Wynnessa et Cynthia, sont les invit\u00e9es de #LaMidinale.<\/p>\n","protected":false},"author":1204,"featured_media":30957,"comment_status":"open","ping_status":"open","sticky":false,"template":"","format":"standard","meta":{"_themeisle_gutenberg_block_has_review":false,"footnotes":""},"categories":[238],"tags":[293],"class_list":["post-13136","post","type-post","status-publish","format-standard","has-post-thumbnail","hentry","category-la-midinale","tag-entretien"],"_links":{"self":[{"href":"https:\/\/archives.regards.fr\/index.php?rest_route=\/wp\/v2\/posts\/13136","targetHints":{"allow":["GET"]}}],"collection":[{"href":"https:\/\/archives.regards.fr\/index.php?rest_route=\/wp\/v2\/posts"}],"about":[{"href":"https:\/\/archives.regards.fr\/index.php?rest_route=\/wp\/v2\/types\/post"}],"author":[{"embeddable":true,"href":"https:\/\/archives.regards.fr\/index.php?rest_route=\/wp\/v2\/users\/1204"}],"replies":[{"embeddable":true,"href":"https:\/\/archives.regards.fr\/index.php?rest_route=%2Fwp%2Fv2%2Fcomments&post=13136"}],"version-history":[{"count":0,"href":"https:\/\/archives.regards.fr\/index.php?rest_route=\/wp\/v2\/posts\/13136\/revisions"}],"wp:featuredmedia":[{"embeddable":true,"href":"https:\/\/archives.regards.fr\/index.php?rest_route=\/wp\/v2\/media\/30957"}],"wp:attachment":[{"href":"https:\/\/archives.regards.fr\/index.php?rest_route=%2Fwp%2Fv2%2Fmedia&parent=13136"}],"wp:term":[{"taxonomy":"category","embeddable":true,"href":"https:\/\/archives.regards.fr\/index.php?rest_route=%2Fwp%2Fv2%2Fcategories&post=13136"},{"taxonomy":"post_tag","embeddable":true,"href":"https:\/\/archives.regards.fr\/index.php?rest_route=%2Fwp%2Fv2%2Ftags&post=13136"}],"curies":[{"name":"wp","href":"https:\/\/api.w.org\/{rel}","templated":true}]}}