{"id":13128,"date":"2021-09-10T15:38:21","date_gmt":"2021-09-10T13:38:21","guid":{"rendered":"https:\/\/wp.muchomaas.com\/article-pour-repondre-a-la-menace-fasciste-il-nous-faut-des-victoires-sociales-et-un\/"},"modified":"2023-06-24T00:19:30","modified_gmt":"2023-06-23T22:19:30","slug":"article-pour-repondre-a-la-menace-fasciste-il-nous-faut-des-victoires-sociales-et-un","status":"publish","type":"post","link":"https:\/\/archives.regards.fr\/?p=13128","title":{"rendered":"\u00ab Pour r\u00e9pondre \u00e0 la menace fasciste, il nous faut des victoires sociales et un projet politique \u00bb"},"content":{"rendered":"<p class=\"post_excerpt\">L&#8217;historienne Ludivine Bantigny et le sociologue Ugo Palheta viennent de signer un ouvrage, <em>La menace fasciste<\/em> aux \u00e9ditions Textuel. Ils sont les invit\u00e9s de #LaMidinale.<\/p>\n<h2>UNE MIDINALE \u00c0 VOIR&#8230;<\/h2>\n<p><iframe loading=\"lazy\" width=\"490\" height=\"276\" src=\"https:\/\/www.youtube.com\/embed\/MvWR1-0MivI\" title=\"YouTube video player\" frameborder=\"0\" allow=\"accelerometer; autoplay; clipboard-write; encrypted-media; gyroscope; picture-in-picture\" allowfullscreen><\/iframe><\/p>\n<p>&nbsp;<\/p>\n<p><h2>\u00c0 \u00c9COUTER&#8230;<\/h2>\n<p><strong>>><\/strong> <em><a href=\"https:\/\/open.spotify.com\/episode\/1lg0Kql8zJc2StHNlIze65?si=wgd7C2M0R0KPFq_Trha05w&#038;dl_branch=1\">sur Spotify<\/a><\/em><\/p>\n<p>&nbsp;<\/p>\n<p><h2>&#8230;ET A LIRE<\/h2>\n<p><em>\u00a0<strong>Sur la mont\u00e9e du fascisme<\/em>\u00a0<\/strong><br \/>\n<em>Ugo Palheta<\/em><br \/>\n\u00ab\u00a0La crise sociale n\u2019est pas un fait nouveau : elle a trois \u00e0 quatre d\u00e9cennies.\u00a0\u00bb<br \/>\n\u00ab\u00a0Aujourd\u2019hui, nous traversons en plus une crise politique avec une difficult\u00e9 des gouvernements \u00e0 obtenir un consentement aux politiques qui sont men\u00e9es, souvent des politique de privatisation, de d\u00e9mant\u00e8lement du droit du travail, bref de casse sociale.\u00a0\u00bb<br \/>\n\u00ab\u00a0Il y a aussi la mont\u00e9e de l\u2019extr\u00eame droite, \u00e0 la fois d\u2019un point de vue \u00e9lectoral et id\u00e9ologique.\u00a0\u00bb<br \/>\n\u00ab\u00a0Enfin, il y a la faiblesse structurelle, une crise historique que connait la gauche, notamment parce qu\u2019elle n\u2019arrive plus \u00e0 porter l\u2019alternative.\u00a0\u00bb<\/p>\n<p><em>\u00a0<strong>Sur le fascisme des ann\u00e9es 30<\/em>\u00a0<\/strong><br \/>\n<em>Ludivine Bantigny<\/em><br \/>\n\u00ab\u00a0Si on prend le cas de l\u2019Italie, on a une situation d\u2019intensit\u00e9 de la lutte de classes avec les deux ann\u00e9es rouges de 1919 et 1920 avec des moments de g\u00e9n\u00e9ralisation de la gr\u00e8ve, des occupations et un mouvement ouvrier tr\u00e8s puissant et r\u00e9volutionnaire. Face \u00e0 \u00e7a, il y a une inqui\u00e9tude des classes poss\u00e9dantes qui vont favoriser la mont\u00e9e du fascisme, aussi bien du c\u00f4t\u00e9 du patronat que de l\u2019Eglise catholique.\u00a0\u00bb<br \/>\n\u00ab\u00a0Le fascisme des ann\u00e9es 30 est explicitement dans une perspective contre-r\u00e9volutionnaire.\u00a0\u00bb<br \/>\n\u00ab\u00a0Il y a eu une r\u00e9pression tr\u00e8s violente des aspirations r\u00e9volutionnaires sous la houlette tr\u00e8s bienveillante des repr\u00e9sentants du capital.\u00a0\u00bb<\/p>\n<p><em>\u00a0<strong>Sur le rapport entre capitalisme et fascisme<\/em>\u00a0<\/strong><br \/>\n<em>Ugo Palheta<\/em><br \/>\n\u00ab\u00a0Cela cr\u00e9e un fond de frustration dans les milieux populaires et dans les classes moyennes qui se combinent avec la faiblesse de la gauche au niveau politique et syndical. Cela favorise l\u2019id\u00e9e que le changement social ne peut s\u2019op\u00e9rer que par en haut, par un pouvoir qui d\u00e9ciderait de conc\u00e9der les conqu\u00eates et les acquis au d\u00e9triment d\u2019une autre partie de la soci\u00e9t\u00e9, notamment des immigr\u00e9s, des musulmans, de tous ceux qui sont constitu\u00e9s comme des ennemis de l\u2019int\u00e9rieur et qui seraient des assist\u00e9s dans l\u2019imaginaire fasciste.\u00a0\u00bb<br \/>\n\u00ab\u00a0Il y a une contradiction dans le raisonnement de l\u2019extr\u00eame droite : les \u00e9trangers piqueraient le travail des Fran\u00e7ais tout en profitant des allocations.\u00a0\u00bb<\/p>\n<p><strong>\u00a0<em>Sur l\u2019\u00e9tat de notre soci\u00e9t\u00e9<\/em>\u00a0<\/strong><br \/>\n<em>Ludivine Bantigny<\/em><br \/>\n\u00ab\u00a0Le r\u00e9gime dans lequel on vit n\u2019est pas un r\u00e9gime fasciste puisque le fascisme a pour vocation une sorte de nation supr\u00eame, racialis\u00e9e et compl\u00e8tement norm\u00e9e sur le plan du genre et de la race, et qui vise \u00e0 supprimer syst\u00e9matiquement ses opposants. \u00bb<br \/>\n\u00ab\u00a0Il n\u2019y a aucune in\u00e9luctabilit\u00e9 de la mont\u00e9e en puissance du fascisme.\u00a0\u00bb<br \/>\n\u00ab\u00a0Aujourd\u2019hui, il n\u2019y a m\u00eame plus la volont\u00e9 de faire semblant de mener des r\u00e9formes en concertations : il y a un bulldozer qui impose contre-r\u00e9forme sur contre-r\u00e9forme avec un autoritarisme de plus en plus puissant.\u00a0\u00bb<br \/>\n\u00ab\u00a0Quand Emmanuel Macron dit de Valeurs actuelles qui est un torchon fascisant qu\u2019il est l\u00e9gitime qu\u2019il en fasse la couverture avec une interview exclusive, il banalise un terrain qui est d\u2019abord et avant tout un terrain qui est celui de l\u2019extr\u00eame droite.\u00a0\u00bb<br \/>\n\u00ab\u00a0L\u2019autoritarisme \u00e9conomique s\u2019accompagne d\u2019une logique du bouc-\u00e9missaire : il faut trouver des figures repoussoirs.\u00a0\u00bb<\/p>\n<p><em>\u00a0<strong>Sur le n\u00e9olib\u00e9ralisme et ses liens avec le fascisme<\/em>\u00a0<\/strong><br \/>\n<em>Ugo Palheta<\/em><br \/>\n\u00ab\u00a0D\u00e8s lors que l\u2019on veut mener une politique n\u00e9olib\u00e9rale, on est oblig\u00e9 d\u2019entrer en contradiction avec une grande partie de la population et du coup, d\u2019appliquer un traitement de choc aux mouvements sociaux &#8211; on l\u2019a vu sous Hollande avec la loi Travail et avec les gilets jaunes.\u00a0\u00bb<br \/>\n\u00ab\u00a0L\u2019autoritarisme est rendu n\u00e9cessaire par l\u2019\u00e9tat du capitalisme : les marges pour servir le capital et verser des dividendes juteux tout en faisant des concessions aux salari\u00e9s, cet espace n\u2019existe plus.\u00a0\u00bb<\/p>\n<p><em>Ludivine Bantigny<\/em><br \/>\n\u00ab\u00a0La Constitution de la Cinqui\u00e8me R\u00e9publique est particuli\u00e8rement autoritaire et bonapartiste.\u00a0\u00bb<br \/>\n\u00ab\u00a0La question des m\u00e9dias qui grignote un empire consid\u00e9rable, notamment avec la figure de Vincent Bollor\u00e9 qui favorise la zemourrisation des esprits est extr\u00eamement inqui\u00e9tante.\u00a0\u00bb<br \/>\n\u00ab\u00a077% des policiers d\u2019active se retrouvent dans le vote FN\/RN : cela fait aussi que cette police se sent les mains libres d\u2019op\u00e9rations factieuses.\u00a0\u00bb<\/p>\n<p><em>\u00a0<strong>Sur les possibilit\u00e9s de sortir de la spirale fascisante<\/em>\u00a0<\/strong><br \/>\n<em>Ugo Palheta<\/em><br \/>\n\u00ab\u00a0Un des \u00e9l\u00e9ments qui favorisent la d\u00e9sesp\u00e9rance sociale en adh\u00e9sion plus ou active \u00e0 l\u2019extr\u00eame droite, c\u2019est l\u2019id\u00e9e que les mouvements sociaux ne fonctionnent pas.\u00a0\u00bb<br \/>\n\u00ab\u00a0Depuis la bataille contre le CPE en 2006, il n\u2019y a pas eu de grande victoire sociale.\u00a0\u00bb<br \/>\n\u00ab\u00a0Un des \u00e9l\u00e9ments de r\u00e9ponse pour r\u00e9pondre \u00e0 la fascisation, ce sont des victoires sociales.\u00a0Mais il y a aussi la question du projet politique : il y en a beaucoup sur la table\u2026 mais dans quel \u00e9tat ?\u00a0\u00bb<\/p>\n<p><em>Ludivine Bantigny<\/em><br \/>\n\u00ab\u00a0Il faut savoir si des r\u00e9formes du capitalisme ou ce que Thomas Piketty appelle un socialisme participatif avec une cogestion est une impasse.\u00a0\u00bb<br \/>\n\u00ab\u00a0Il ne faut pas avoir peur de consid\u00e9rer que le capitalisme cr\u00e9e un vice de forme dans la d\u00e9mocratie.\u00a0\u00bb<br \/>\n\u00ab\u00a0Les gilets jaunes portaient ces revendications : justice sociale et d\u00e9mocratie revivifi\u00e9e.\u00a0\u00bb<div id='gallery-1' class='gallery galleryid-13128 gallery-columns-3 gallery-size-thumbnail'><figure class='gallery-item'>\n\t\t\t<div class='gallery-icon landscape'>\n\t\t\t\t<a href='https:\/\/archives.regards.fr\/wp-content\/uploads\/2021\/09\/capture_d_e_cran_2021-09-10_a_15-f52.23.37.png'><img loading=\"lazy\" decoding=\"async\" width=\"150\" height=\"150\" src=\"https:\/\/archives.regards.fr\/wp-content\/uploads\/2021\/09\/capture_d_e_cran_2021-09-10_a_15-f52.23.37-150x150.png\" class=\"attachment-thumbnail size-thumbnail\" alt=\"capture_d_e_cran_2021-09-10_a_15.23.37.png\" \/><\/a>\n\t\t\t<\/div><\/figure>\n\t\t<\/div>\n<\/p>\n","protected":false},"excerpt":{"rendered":"<p>L&#8217;historienne Ludivine Bantigny et le sociologue Ugo Palheta viennent de signer un ouvrage, <em>La menace fasciste<\/em> aux \u00e9ditions Textuel. Ils sont les invit\u00e9s de #LaMidinale.<\/p>\n","protected":false},"author":1204,"featured_media":30938,"comment_status":"open","ping_status":"open","sticky":false,"template":"","format":"standard","meta":{"_themeisle_gutenberg_block_has_review":false,"footnotes":""},"categories":[238],"tags":[293],"class_list":["post-13128","post","type-post","status-publish","format-standard","has-post-thumbnail","hentry","category-la-midinale","tag-entretien"],"_links":{"self":[{"href":"https:\/\/archives.regards.fr\/index.php?rest_route=\/wp\/v2\/posts\/13128","targetHints":{"allow":["GET"]}}],"collection":[{"href":"https:\/\/archives.regards.fr\/index.php?rest_route=\/wp\/v2\/posts"}],"about":[{"href":"https:\/\/archives.regards.fr\/index.php?rest_route=\/wp\/v2\/types\/post"}],"author":[{"embeddable":true,"href":"https:\/\/archives.regards.fr\/index.php?rest_route=\/wp\/v2\/users\/1204"}],"replies":[{"embeddable":true,"href":"https:\/\/archives.regards.fr\/index.php?rest_route=%2Fwp%2Fv2%2Fcomments&post=13128"}],"version-history":[{"count":0,"href":"https:\/\/archives.regards.fr\/index.php?rest_route=\/wp\/v2\/posts\/13128\/revisions"}],"wp:featuredmedia":[{"embeddable":true,"href":"https:\/\/archives.regards.fr\/index.php?rest_route=\/wp\/v2\/media\/30938"}],"wp:attachment":[{"href":"https:\/\/archives.regards.fr\/index.php?rest_route=%2Fwp%2Fv2%2Fmedia&parent=13128"}],"wp:term":[{"taxonomy":"category","embeddable":true,"href":"https:\/\/archives.regards.fr\/index.php?rest_route=%2Fwp%2Fv2%2Fcategories&post=13128"},{"taxonomy":"post_tag","embeddable":true,"href":"https:\/\/archives.regards.fr\/index.php?rest_route=%2Fwp%2Fv2%2Ftags&post=13128"}],"curies":[{"name":"wp","href":"https:\/\/api.w.org\/{rel}","templated":true}]}}