{"id":13127,"date":"2021-09-09T14:47:23","date_gmt":"2021-09-09T12:47:23","guid":{"rendered":"https:\/\/wp.muchomaas.com\/article-alain-gresh-il-n-y-a-pas-de-solution-militaire-a-la-lutte-contre-le-terrorisme\/"},"modified":"2023-06-24T00:19:29","modified_gmt":"2023-06-23T22:19:29","slug":"article-alain-gresh-il-n-y-a-pas-de-solution-militaire-a-la-lutte-contre-le-terrorisme","status":"publish","type":"post","link":"https:\/\/archives.regards.fr\/?p=13127","title":{"rendered":"Alain Gresh : \u00ab Il n\u2019y a pas de solution militaire \u00e0 la lutte contre le terrorisme \u00bb"},"content":{"rendered":"<p class=\"post_excerpt\">20 ans apr\u00e8s les attentats du 11 septembre 2001, la lutte, la \u00ab guerre \u00bb m\u00eame, contre le terrorisme n&#8217;a jamais \u00e9t\u00e9 plus au centre du d\u00e9bat public. Alain Gresh, directeur du journal en ligne Orient XXI, est l&#8217;invit\u00e9 de #LaMidinale.<\/p>\n<h2>UNE MIDINALE \u00c0 VOIR&#8230;<\/h2>\n<p><iframe loading=\"lazy\" width=\"490\" height=\"276\" src=\"https:\/\/www.youtube.com\/embed\/j6sdknQrqDo\" title=\"YouTube video player\" frameborder=\"0\" allow=\"accelerometer; autoplay; clipboard-write; encrypted-media; gyroscope; picture-in-picture\" allowfullscreen><\/iframe><\/p>\n<p>&nbsp;<\/p>\n<p><h2>\u00c0 \u00c9COUTER&#8230;<\/h2>\n<p><strong>>><\/strong> <em><a href=\"https:\/\/open.spotify.com\/episode\/1rvzHgSiM7aTudvlahGjVI?si=dJkMNeFtQJe3MJlnloE4xg&#038;dl_branch=1\">sur Spotify<\/a><\/em><\/p>\n<p>&nbsp;<\/p>\n<p><h2>&#8230;ET A LIRE<\/h2>\n<p><strong>\u00a0<em>Sur la \u201cguerre\u201d contre le terrorisme<\/em>\u00a0<\/strong><br \/>\n\u00ab\u00a0On ne fait pas la guerre contre un moyen d\u2019action et le terrorisme est un moyen d\u2019action. C\u2019est comme si on disait que l\u2019on fait la guerre contre les chars.\u00a0\u00bb<br \/>\n\u00ab\u00a0Le terrorisme est un moyen d\u2019action utilis\u00e9 depuis tr\u00e8s longtemps pas des groupes tr\u00e8s diff\u00e9rents, de l\u2019extr\u00eame droite \u00e0 l\u2019extr\u00eame gauche, des nationalistes, des mouvements sionistes dans les ann\u00e9es 40 aux mouvements palestiniens, sans parler du terrorisme d\u2019Etat\u2026\u00a0\u00bb<br \/>\n\u00ab\u00a0La notion de guerre contre le terrorisme \u00e9limine la politique : on se place dans une lutte contre le mal.\u00a0\u00bb<br \/>\n\u00ab\u00a0L\u2019anniversaire des 20 ans du 11 septembre 2001 tombe au moment o\u00f9 les Am\u00e9ricains se retirent d\u2019Afghanistan : cela signe l\u2019\u00e9chec de cette strat\u00e9gie de guerre.\u00a0\u00bb<br \/>\n\u00ab\u00a0La guerre contre le terrorisme a install\u00e9 dans le paysage un Occident qui ferait face \u00e0 une menace diffuse et dangereuse : or une partie du monde arabe et de la population europ\u00e9enne qui n\u2019a rien \u00e0 voir avec, se sent vis\u00e9e par ces attaques.\u00a0\u00bb<br \/>\n\u00ab\u00a0L\u2019Occident se place souvent comme un donneur de le\u00e7ons qui a l\u2019impression d\u2019apporter la justice partout sans voir ce qui se passe sur le terrain : le bagne d\u2019Abou Gharib, la guerre contre l\u2019Irak, les assassinats cibl\u00e9s, les tortures dans les prisons, la mani\u00e8re dont nos alli\u00e9s \u00e9gyptiens se comportent\u2026 tout cela, on n\u2019en a pas trop conscience mais dans le monde arabe, cela appara\u00eet comme un double discours qui nourrit celui des islamises radicaux.\u00a0\u00bb<\/p>\n<p><em>\u00a0<strong>Sur le rapport des pays occidentaux aux pays musulmans<\/em>\u00a0<\/strong><br \/>\n\u00ab\u00a0Le rapport des pays occidentaux aux pays musulmans a beaucoup chang\u00e9 &#8211; et particuli\u00e8rement pour la France.\u00a0\u00bb<br \/>\n\u00ab\u00a0Jusqu\u2019\u00e0 la guerre en Irak, on ne parlait pas de monde occidental. Le Quai d\u2019Orsay n\u2019utilisait par exemple jamais la formule : cela a commenc\u00e9 avec Nicolas Sarkozy. Il y avait cette id\u00e9e que la France pouvait \u00eatre un pont.\u00a0\u00bb<br \/>\n\u00ab\u00a0La France s\u2019est totalement align\u00e9e sur la position am\u00e9ricaine, comme tous les autres alli\u00e9s occidentaux. On l\u2019a bien vu \u00e0 Kaboul : ils ont d\u00e9cid\u00e9 unilat\u00e9ralement de se retirer et ils ont mis des milliers d\u2019hommes sur le terrain devant le fait accompli.\u00a0\u00bb<br \/>\n\u00ab\u00a0Le monde n\u2019est pas uniquement occidental : d\u2019autres pays ont de l\u2019importance comme le Pakistan, l\u2019Inde, la Chine, l\u2019Iran\u2026\u00a0\u00bb<br \/>\n\u00ab\u00a0Nous sommes entr\u00e9s dans un monde multipolaire mais beaucoup de m\u00e9dias et de politiques refusent de les voir\u2026\u00a0\u00bb<br \/>\n\u00ab\u00a0Il y a une volont\u00e9 de voir partout des affrontements Occident-Orient\u2026 Avec des d\u00e9lires absolus comme imaginer qu\u2019une fille qui porte le foulard, c\u2019est un complot de l\u2019islam politique.\u00a0\u00bb<br \/>\n\u00ab\u00a0Il y a quelque chose de commun \u00e0 l\u2019islamophobie et l\u2019antis\u00e9mitisme, c\u2019est l\u2019id\u00e9e d\u2019un complot.\u00a0\u00bb<br \/>\n\u00ab\u00a0Ce que dit l\u2019extr\u00eame droite est devenu banal &#8211; et pas seulement \u00e0 droite, aussi \u00e0 gauche au nom de la d\u00e9fense d\u2019une pr\u00e9tendue la\u00efcit\u00e9.\u00a0\u00bb<br \/>\n\u00ab\u00a0En 1990, le monde a vu la guerre en Irak \u00e0 travers CNN (c\u2019\u00e9tait le d\u00e9but de la t\u00e9l\u00e9 en direct) et en 2001, surgit Al-Jazeera avec un autre point de vue, notamment celui des gens du sud.\u00a0\u00bb<\/p>\n<p><em>\u00a0<strong>Sur l\u2019Afghanistan<\/em>\u00a0<\/strong><br \/>\n\u00ab\u00a0Les Am\u00e9ricains ne pouvaient ni ne voulaient rester en Afghanistan.\u00a0\u00bb<br \/>\n\u00ab\u00a0Les Am\u00e9ricains ont \u00e9t\u00e9 eux-m\u00eames surpris de la vitesse avec laquelle l\u2019Etat s\u2019est effondr\u00e9 malgr\u00e9 les milliards d\u2019aide internationale pour l\u2019arm\u00e9e afghane.\u00a0\u00bb<br \/>\n\u00ab\u00a0Si je compare avec les Sovi\u00e9tiques, je remarque qu\u2019ils sont partis en laissant une administration qui a tenu 3 ans.\u00a0\u00bb<br \/>\n\u00ab\u00a0L\u2019id\u00e9e que l\u2019Occident allait lib\u00e9rer l\u2019Afghanistan est un mythe : les \u00e9coles n\u2019ont jamais vraiment fonctionn\u00e9 sinon dans les villes.\u00a0\u00bb<br \/>\n\u00ab\u00a0On n\u2019est pas pr\u00eat \u00e0 intervenir dans le monde entier pour intervenir dans les mani\u00e8res dont les soci\u00e9t\u00e9s se per\u00e7oivent ou se dirigent, c\u2019est l\u2019affaire de leur propre peuple.\u00a0\u00bb<br \/>\n\u00ab\u00a0Au Sahel, c\u2019est la m\u00eame chose : c\u2019est une guerre qui a \u00e9t\u00e9 d\u00e9cid\u00e9e par les socialistes quand Fran\u00e7ois Hollande \u00e9tait pr\u00e9sident.\u00a0\u00bb<br \/>\n\u00ab\u00a0Il n\u2019y a pas de solution militaire \u00e0 la question de la lutte contre le terrorisme.\u00a0\u00bb<br \/>\n\u00ab\u00a0Il y a des groupes qu\u2019il faut combattre et avec qui le dialogue est impossible mais d\u2019autres que l\u2019on consid\u00e8re comme terroriste mais avec qui on devrait, comme les talibans.\u00a0\u00bb<br \/>\n\u00ab\u00a0Est-ce qu\u2019on va intervenir en Chine parce qu\u2019il y a ce qu\u2019il se passe avec les Ouighours ?\u00a0\u00bb<br \/>\n \u00ab\u00a0La France viole les textes sur les ventes d\u2019armes : oui, il y a des choses \u00e9videntes \u00e0 faire imm\u00e9diatement.\u00a0\u00bb<div id='gallery-1' class='gallery galleryid-13127 gallery-columns-3 gallery-size-thumbnail'><figure class='gallery-item'>\n\t\t\t<div class='gallery-icon landscape'>\n\t\t\t\t<a href='https:\/\/archives.regards.fr\/wp-content\/uploads\/2021\/09\/capture_d_e_cran_2021-09-09_a_14-496.43.58.png'><img loading=\"lazy\" decoding=\"async\" width=\"150\" height=\"150\" src=\"https:\/\/archives.regards.fr\/wp-content\/uploads\/2021\/09\/capture_d_e_cran_2021-09-09_a_14-496.43.58-150x150.png\" class=\"attachment-thumbnail size-thumbnail\" alt=\"capture_d_e_cran_2021-09-09_a_14.43.58.png\" \/><\/a>\n\t\t\t<\/div><\/figure>\n\t\t<\/div>\n<\/p>\n","protected":false},"excerpt":{"rendered":"<p>20 ans apr\u00e8s les attentats du 11 septembre 2001, la lutte, la \u00ab guerre \u00bb m\u00eame, contre le terrorisme n&#8217;a jamais \u00e9t\u00e9 plus au centre du d\u00e9bat public. Alain Gresh, directeur du journal en ligne Orient XXI, est l&#8217;invit\u00e9 de #LaMidinale.<\/p>\n","protected":false},"author":1039,"featured_media":30936,"comment_status":"open","ping_status":"open","sticky":false,"template":"","format":"standard","meta":{"_themeisle_gutenberg_block_has_review":false,"footnotes":""},"categories":[238],"tags":[293],"class_list":["post-13127","post","type-post","status-publish","format-standard","has-post-thumbnail","hentry","category-la-midinale","tag-entretien"],"_links":{"self":[{"href":"https:\/\/archives.regards.fr\/index.php?rest_route=\/wp\/v2\/posts\/13127","targetHints":{"allow":["GET"]}}],"collection":[{"href":"https:\/\/archives.regards.fr\/index.php?rest_route=\/wp\/v2\/posts"}],"about":[{"href":"https:\/\/archives.regards.fr\/index.php?rest_route=\/wp\/v2\/types\/post"}],"author":[{"embeddable":true,"href":"https:\/\/archives.regards.fr\/index.php?rest_route=\/wp\/v2\/users\/1039"}],"replies":[{"embeddable":true,"href":"https:\/\/archives.regards.fr\/index.php?rest_route=%2Fwp%2Fv2%2Fcomments&post=13127"}],"version-history":[{"count":0,"href":"https:\/\/archives.regards.fr\/index.php?rest_route=\/wp\/v2\/posts\/13127\/revisions"}],"wp:featuredmedia":[{"embeddable":true,"href":"https:\/\/archives.regards.fr\/index.php?rest_route=\/wp\/v2\/media\/30936"}],"wp:attachment":[{"href":"https:\/\/archives.regards.fr\/index.php?rest_route=%2Fwp%2Fv2%2Fmedia&parent=13127"}],"wp:term":[{"taxonomy":"category","embeddable":true,"href":"https:\/\/archives.regards.fr\/index.php?rest_route=%2Fwp%2Fv2%2Fcategories&post=13127"},{"taxonomy":"post_tag","embeddable":true,"href":"https:\/\/archives.regards.fr\/index.php?rest_route=%2Fwp%2Fv2%2Ftags&post=13127"}],"curies":[{"name":"wp","href":"https:\/\/api.w.org\/{rel}","templated":true}]}}