{"id":13125,"date":"2021-09-09T09:53:55","date_gmt":"2021-09-09T07:53:55","guid":{"rendered":"https:\/\/wp.muchomaas.com\/article-tribune-face-a-generation-identitaire-soutenons-thomas-portes\/"},"modified":"2023-06-24T00:19:16","modified_gmt":"2023-06-23T22:19:16","slug":"article-tribune-face-a-generation-identitaire-soutenons-thomas-portes","status":"publish","type":"post","link":"https:\/\/archives.regards.fr\/?p=13125","title":{"rendered":"TRIBUNE. Face \u00e0 G\u00e9n\u00e9ration Identitaire, soutenons Thomas Portes"},"content":{"rendered":"<p class=\"post_excerpt\">Son proc\u00e8s face au groupuscule dissout en mars dernier s&#8217;ouvre ce jeudi au tribunal de Paris suite \u00e0 ses propos pour d\u00e9noncer leur op\u00e9ration anti-migrants au Col de l\u2019Echelle en 2018 dans les Alpes.<\/p>\n<p>Avril 2018. Thomas Portes est un jeune cheminot en bataille contre la r\u00e9forme du rail et la casse de son statut. Syndicaliste et militant communiste, son engagement s\u2019est structur\u00e9 dans la lutte contre le FN au lendemain du 21 avril 2002.<\/p>\n<p>Suivant l\u2019actualit\u00e9 sur les r\u00e9seaux sociaux il tombe sur un tweet faisant r\u00e9f\u00e9rence \u00e0 une action anti-migrants au col de l\u2019\u00c9chelle (Hautes Alpes), du groupuscule d\u2019extr\u00eame droite G\u00e9n\u00e9ration identitaire.<\/p>\n<p>Son r\u00e9flexe naturel est de ne pas banaliser cette d\u00e9monstration coup de poing naus\u00e9abonde. Il r\u00e9agit par un tweet renvoyant l\u2019organisation \u00e0 son id\u00e9ologie fasciste qu\u2019il assimile aux heures les plus noires de notre histoire.<\/p>\n<p>Le 6 juillet 2018 Thomas Portes re\u00e7oit une citation \u00e0 compara\u00eetre devant le tribunal correctionnel de Paris, \u00e0 la suite d\u2019une plainte que l\u2019organisation a d\u00e9pos\u00e9 pour injures publiques.<\/p>\n<p>Septembre 2021. La date du proc\u00e8s est fix\u00e9e au jeudi 9 au tribunal de Clichy. Trois ans apr\u00e8s, Thomas Portes va se retrouver face aux responsables de G\u00e9n\u00e9ration identitaire dont la structure a pourtant \u00e9t\u00e9 dissoute par d\u00e9cret du Conseil des ministres en mars dernier.<\/p>\n<p>Aujourd\u2019hui comme hier affirmons notre solidarit\u00e9 \u00e0 Thomas !<\/p>\n<p>En 2018 nous alertions sur l\u2019acharnement de G\u00e9n\u00e9ration identitaire pour faire taire les voix qui s\u2019\u00e9l\u00e8vent pour d\u00e9noncer ses comportements insupportables.<\/p>\n<p>Thomas est aujourd\u2019hui le pr\u00e9sident de l\u2019Observatoire National de l\u2019Extr\u00eame droite qu\u2019il a fond\u00e9 en 2020. Il a \u00e9t\u00e9 l\u2019un des initiateurs des marches du 12 juin dernier contre l\u2019extr\u00eame droite et pour les libert\u00e9s publiques. Il est porte- parole de G\u00e9n\u00e9ration.s et militant syndical. Les combats qu\u2019il m\u00e8ne pour faire vivre la solidarit\u00e9, la justice sociale, le partage, l\u2019\u00e9cologie et la d\u00e9mocratie sont plus qu\u2019hier dans le viseur d\u2019une extr\u00eame droite et d\u2019une droite radicalis\u00e9e qui entendent en finir avec toutes les formes de contestation de leur id\u00e9ologique et de r\u00e9sistances sociales \u00e0 leurs agissements.<\/p>\n<p>Nous sommes conscients que la p\u00e9riode est lourde de dangerosit\u00e9, que le gouvernement et le pr\u00e9sident de la R\u00e9publique en creusant le foss\u00e9 des in\u00e9galit\u00e9s sociales et r\u00e9duisant le socle des libert\u00e9s publiques \u00e9largissent le terrain des replis identitaires et des r\u00e9gressions id\u00e9ologiques.<\/p>\n<p>Nous sommes conscients que la place volontairement laiss\u00e9e dans les m\u00e9dias aux porte-paroles et voix de la haine raciale et sociale ne fait qu\u2019affaiblir le socle d\u00e9mocratique du pays.  <\/p>\n<p>Nous sommes conscients que les propos ouvertement racistes et antis\u00e9mites qui explosent aujourd\u2019hui dans l\u2019espace public n\u2019ont rien de circonstanciel et que nous devons tout mettre en \u0153uvre pour faire barrage au risque fasciste.<div id='gallery-1' class='gallery galleryid-13125 gallery-columns-3 gallery-size-thumbnail'><figure class='gallery-item'>\n\t\t\t<div class='gallery-icon landscape'>\n\t\t\t\t<a href='https:\/\/archives.regards.fr\/wp-content\/uploads\/2021\/09\/tp-2-118.png'><img loading=\"lazy\" decoding=\"async\" width=\"150\" height=\"150\" src=\"https:\/\/archives.regards.fr\/wp-content\/uploads\/2021\/09\/tp-2-118-150x150.png\" class=\"attachment-thumbnail size-thumbnail\" alt=\"tp-2.png\" \/><\/a>\n\t\t\t<\/div><\/figure>\n\t\t<\/div>\n<\/p>\n","protected":false},"excerpt":{"rendered":"<p>Son proc\u00e8s face au groupuscule dissout en mars dernier s&#8217;ouvre ce jeudi au tribunal de Paris suite \u00e0 ses propos pour d\u00e9noncer leur op\u00e9ration anti-migrants au Col de l\u2019Echelle en 2018 dans les Alpes.<\/p>\n","protected":false},"author":666,"featured_media":30930,"comment_status":"open","ping_status":"open","sticky":false,"template":"","format":"standard","meta":{"_themeisle_gutenberg_block_has_review":false,"footnotes":""},"categories":[278],"tags":[355],"class_list":["post-13125","post","type-post","status-publish","format-standard","has-post-thumbnail","hentry","category-tribunes","tag-extreme-droite"],"_links":{"self":[{"href":"https:\/\/archives.regards.fr\/index.php?rest_route=\/wp\/v2\/posts\/13125","targetHints":{"allow":["GET"]}}],"collection":[{"href":"https:\/\/archives.regards.fr\/index.php?rest_route=\/wp\/v2\/posts"}],"about":[{"href":"https:\/\/archives.regards.fr\/index.php?rest_route=\/wp\/v2\/types\/post"}],"author":[{"embeddable":true,"href":"https:\/\/archives.regards.fr\/index.php?rest_route=\/wp\/v2\/users\/666"}],"replies":[{"embeddable":true,"href":"https:\/\/archives.regards.fr\/index.php?rest_route=%2Fwp%2Fv2%2Fcomments&post=13125"}],"version-history":[{"count":0,"href":"https:\/\/archives.regards.fr\/index.php?rest_route=\/wp\/v2\/posts\/13125\/revisions"}],"wp:featuredmedia":[{"embeddable":true,"href":"https:\/\/archives.regards.fr\/index.php?rest_route=\/wp\/v2\/media\/30930"}],"wp:attachment":[{"href":"https:\/\/archives.regards.fr\/index.php?rest_route=%2Fwp%2Fv2%2Fmedia&parent=13125"}],"wp:term":[{"taxonomy":"category","embeddable":true,"href":"https:\/\/archives.regards.fr\/index.php?rest_route=%2Fwp%2Fv2%2Fcategories&post=13125"},{"taxonomy":"post_tag","embeddable":true,"href":"https:\/\/archives.regards.fr\/index.php?rest_route=%2Fwp%2Fv2%2Ftags&post=13125"}],"curies":[{"name":"wp","href":"https:\/\/api.w.org\/{rel}","templated":true}]}}