{"id":13120,"date":"2021-09-06T14:59:48","date_gmt":"2021-09-06T12:59:48","guid":{"rendered":"https:\/\/wp.muchomaas.com\/article-sandra-regol-on-n-a-pas-le-choix-on-a-besoin-d-un-ou-d-une-ecologiste-a-l\/"},"modified":"2023-06-24T00:19:13","modified_gmt":"2023-06-23T22:19:13","slug":"article-sandra-regol-on-n-a-pas-le-choix-on-a-besoin-d-un-ou-d-une-ecologiste-a-l","status":"publish","type":"post","link":"https:\/\/archives.regards.fr\/?p=13120","title":{"rendered":"Sandra Regol : \u00ab On n\u2019a pas le choix, on a besoin d\u2019un ou d\u2019une \u00e9cologiste \u00e0 l\u2019Elys\u00e9e et on est pr\u00eats \u00bb"},"content":{"rendered":"<p class=\"post_excerpt\">Ce week-end, les \u00e9cologistes organisaient sur France Inter leur premier d\u00e9bat des primaires.  On y revient avec Sandra Regol, secr\u00e9taire nationale adjointe d\u2019EELV. Elle est l\u2019invit\u00e9e de #LaMidinale.<\/p>\n<h2>UNE MIDINALE \u00c0 VOIR&#8230;<\/h2>\n<p><iframe loading=\"lazy\" width=\"490\" height=\"276\" src=\"https:\/\/www.youtube.com\/embed\/xkuqn85L2RI\" title=\"YouTube video player\" frameborder=\"0\" allow=\"accelerometer; autoplay; clipboard-write; encrypted-media; gyroscope; picture-in-picture\" allowfullscreen><\/iframe><\/p>\n<p>&nbsp;<\/p>\n<p><h2>\u00c0 \u00c9COUTER&#8230;<\/h2>\n<p><strong>>><\/strong> <em><a href=\"https:\/\/open.spotify.com\/episode\/1Gt9JslECYaotA3FA0M6Ig?si=ymWK2y6nRG26QRXe871A0A&#038;dl_branch=1\">sur Spotify<\/a><\/em><\/p>\n<p>&nbsp;<\/p>\n<p><h2>&#8230;ET A LIRE<\/h2>\n<p><em>\u00a0<strong>Sur la candidature de Montebourg<\/em>\u00a0<\/strong><br \/>\n\u00ab\u00a0Il s\u2019est revendiqu\u00e9 d\u2019\u00eatre un exploitant bio mais je ne sais pas sur quel label (\u2026). Il s\u2019est aussi revendiqu\u00e9 d\u2019un productivisme inspir\u00e9 des ann\u00e9es 70.\u00a0Je ne suis pas tout \u00e0 fait s\u00fbre que l\u2019\u00e9cologie politique se d\u00e9finisse sous le prisme du productivisme. Il me semble au contraire que l\u2019\u00e9cologie est une pens\u00e9e politique qui implique de sortir du productivisme. \u00bb<br \/>\n\u00ab\u00a0Arnaud Montebourg a peut-\u00eatre repeint en vert sa candidature mais il ne me semble pas pour autant que \u00e7a veuille dire qu\u2019il soit \u00e9cologiste.\u00a0\u00bb<br \/>\n\u00ab\u00a0Je n\u2019ai pas l\u2019impression que le grand public ait re\u00e7u la candidature d\u2019Arnaud Montebourg comme une candidature \u00e9colo.\u00a0\u00bb<\/p>\n<p><em>\u00a0<strong>Sur le d\u00e9bat des \u00e9cologistes<\/em>\u00a0<\/strong><br \/>\n\u00ab\u00a0Ce d\u00e9bat \u00e9tait voulu comme &#8211; peut \u00eatre pas &#8220;sage&#8221; &#8211; mais mature.\u00a0\u00bb<br \/>\n\u00ab\u00a0On est habitu\u00e9 \u00e0 des primaires qui soient des chamailleries internes ou externes, personnes &#8211; chacun essayant de d\u00e9cr\u00e9dibiliser son adversaire. Ce qu\u2019on a essay\u00e9 de faire, avec les cinq candidats, c\u2019est de d\u00e9velopper un d\u00e9bat qui permet de discuter du fond.\u00a0Et sur ce point, c\u2019est une r\u00e9ussite. \u00bb<\/p>\n<p><em>\u00a0<strong>Sur la cr\u00e9dibilit\u00e9 des \u00e9cologistes\u00a0<\/em>\u00a0<\/strong><br \/>\n\u00ab\u00a0Comme le dit l\u2019\u00e9conomiste Eloi Laurent, la cr\u00e9dibilit\u00e9 c\u2019est la BCE, pas la politique.\u00a0\u00bb<br \/>\n\u00ab\u00a0La politique, en France, a besoin de renouveler les figures du pouvoir.\u00a0\u00bb<br \/>\n\u00ab\u00a0Le pr\u00e9sidentialisme a fait long feu, il faut redonner plus de pouvoir aux citoyens et restaurer le sens de la d\u00e9mocratie.\u00a0\u00bb<br \/>\n\u00ab\u00a0On essaie de construire une nouvelle cr\u00e9dibilit\u00e9 avec d\u2019autres visages, d\u2019autres propositions.\u00a0\u00bb<\/p>\n<p><em>\u00a0<strong>Sur les journalistes de France Inter<\/em>\u00a0<\/strong><br \/>\n\u00ab\u00a0Mon t\u00e9l\u00e9phone n\u2019a pas arr\u00eat\u00e9 de sonner \u00e0 la fin du d\u00e9bat sur France Inter pour r\u00e9agir : tous m\u2019ont parl\u00e9 d\u2019un d\u00e9bat impartial, d\u2019une impression de voir les \u00e9cologistes face \u00e0 un tribunal et de se demander pourquoi le service public qui est cens\u00e9 incarner cette impartialit\u00e9 se livrait \u00e0 des d\u00e9rives qu\u2019on voit plus chez les cha\u00eenes de Bollor\u00e9 pour reprendre leurs mots.\u00a0\u00bb<br \/>\n\u00ab\u00a0Il y a cette impression que les journalistes ont pris plus de place que les candidats et que le d\u00e9bat a eu lieu entre les journalistes et candidats et pas les candidats entre eux.\u00a0\u00bb<\/p>\n<p><em>\u00a0<strong>Sur les engagements des candidats\u00a0<\/em>\u00a0<\/strong><br \/>\n\u00ab\u00a0Nos journ\u00e9es d\u2019\u00e9t\u00e9 ont montr\u00e9 qu\u2019on partait tous dans la m\u00eame dynamique, ensemble.\u00a0\u00bb<br \/>\n\u00ab\u00a0Jean-Marc Governatori n\u2019a pas dit qu\u2019il ne soutiendrait pas le ou la candidat-e qui serait d\u00e9sign\u00e9-e.\u00a0\u00bb<br \/>\n\u00ab\u00a0La politique se fonde sur la confiance donc sur la parole donn\u00e9e. Si la parole donn\u00e9e n\u2019est pas respect\u00e9e, ils ou elles d\u00e9voieraient leur parole par rapport aux citoyens.\u00a0\u00bb<br \/>\n\u00ab\u00a0Je suis optimiste et je connais les candidats : ils respectent leur parole donn\u00e9e.\u00a0\u00bb<\/p>\n<p><em>\u00a0<strong>Sur les profils des candidats<\/em>\u00a0<\/strong><br \/>\n\u00ab\u00a0La primaire des \u00e9cologistes va se jouer sur l\u2019incarnation et pas sur le projet politique qui est d\u00e9j\u00e0 act\u00e9.\u00a0\u00bb<br \/>\n\u00ab\u00a0Les candidats ont tous un projet commun qu\u2019on a travaill\u00e9 collectivement.\u00a0\u00bb<br \/>\n\u00ab\u00a0Les cent premiers jours des cinq candidats &#8211; s\u2019ils devaient s\u2019installer \u00e0 l\u2019Elys\u00e9e &#8211; ne seront pas les m\u00eames selon le candidat (\u2026). Mais \u00e0 la fin, le projet vers lequel ils dirigeront la France sera le m\u00eame. L\u2019objectif reste le m\u00eame. \u00bb<\/p>\n<p><em>\u00a0<strong>Sur le candidat qui sera d\u00e9sign\u00e9<\/em>\u00a0<\/strong><br \/>\n\u00ab\u00a0Il y aura deux messages importants d\u00e8s apr\u00e8s la d\u00e9signation de notre candidat : 1- on est ensemble. 2- On est l\u00e0 pour r\u00e9pondre \u00e0 l\u2019urgence climatique, sociale, d\u00e9mocratique et \u00e9conomique.\u00a0\u00c7a sera le message \u00e0 avoir quelle que soit la personne d\u00e9sign\u00e9e. \u00bb\u00a0<br \/>\n\u00ab\u00a0Je mettrai, comme tout le reste du bureau ex\u00e9cutif et Julien Bayou en t\u00eate, toute notre \u00e9nergie au service de la personne qui sera d\u00e9sign\u00e9e.\u00a0\u00bb<br \/>\n\u00ab\u00a0On n\u2019a pas le choix, on a besoin d\u2019un ou d\u2019une \u00e9cologiste \u00e0 l\u2019Elys\u00e9e et on est pr\u00eats.\u00a0\u00bb\u00a0<\/p>\n<p><em>\u00a0<strong>Sur l\u2019hypoth\u00e8se d\u2019un accord EELV\/PCF\/PS aux l\u00e9gislatives\u00a0<\/em>\u00a0<\/strong><br \/>\n\u00ab\u00a0\u00c7a serait tellement beau si tout \u00e9tait d\u00e9j\u00e0 \u00e9crit d\u2019avance mais \u00e7a n\u2019est pas du tout comme \u00e7a.\u00a0\u00bb<br \/>\n\u00ab\u00a0Je me tue \u00e0 le r\u00e9p\u00e9ter : nous discutons toute l\u2019ann\u00e9e avec l\u2019ensemble des forces de gauche.\u00a0\u00bb<br \/>\n\u00ab On a toutes et tous dit qu\u2019il fallait un pack gouvernemental pour la France.\u00a0\u00bb<br \/>\n\u00ab\u00a0Il y a cette volont\u00e9 d\u2019aller vers quelque chose de commun.\u00a0\u00bb<br \/>\n\u00ab\u00a0Nous sommes ouverts \u00e0 la discussion et nous ouvrons les portes : il faut cr\u00e9er une majorit\u00e9 de gouvernement avec un projet. Pour \u00e7a, il faut que la gauche se bouge un peu. Pour l\u2019instant, on les a tous vu partir chacun de leur c\u00f4t\u00e9 avec des projets dont on n&#8217;a pas bien compris ce qui les diff\u00e9renciait.\u00a0\u00bb<br \/>\n\u00ab\u00a0On ne peut pas faire l\u2019union tout seul.\u00a0\u00bb<br \/>\n\u00ab\u00a0\u00c0 ce jour, il n\u2019y a pas grand monde qui soit sorti des \u00e9gos.\u00a0\u00bb<br \/>\n\u00ab\u00a0On peut dire ce que l\u2019on veut des \u00e9colos mais depuis qu\u2019on est aux manettes dans les villes, la radicalit\u00e9 de nos actes \u00e0 largement d\u00e9pass\u00e9 la radicalis\u00e9 de nos mots.\u00a0\u00bb\u00a0<div id='gallery-1' class='gallery galleryid-13120 gallery-columns-3 gallery-size-thumbnail'><figure class='gallery-item'>\n\t\t\t<div class='gallery-icon landscape'>\n\t\t\t\t<a href='https:\/\/archives.regards.fr\/wp-content\/uploads\/2021\/09\/capture_d_e_cran_2021-09-06_a_12-2ca.45.54.png'><img loading=\"lazy\" decoding=\"async\" width=\"150\" height=\"150\" src=\"https:\/\/archives.regards.fr\/wp-content\/uploads\/2021\/09\/capture_d_e_cran_2021-09-06_a_12-2ca.45.54-150x150.png\" class=\"attachment-thumbnail size-thumbnail\" alt=\"capture_d_e_cran_2021-09-06_a_12.45.54.png\" \/><\/a>\n\t\t\t<\/div><\/figure>\n\t\t<\/div>\n<\/p>\n","protected":false},"excerpt":{"rendered":"<p>Ce week-end, les \u00e9cologistes organisaient sur France Inter leur premier d\u00e9bat des primaires.  On y revient avec Sandra Regol, secr\u00e9taire nationale adjointe d\u2019EELV. Elle est l\u2019invit\u00e9e de #LaMidinale.<\/p>\n","protected":false},"author":1039,"featured_media":30922,"comment_status":"open","ping_status":"open","sticky":false,"template":"","format":"standard","meta":{"_themeisle_gutenberg_block_has_review":false,"footnotes":""},"categories":[238],"tags":[293],"class_list":["post-13120","post","type-post","status-publish","format-standard","has-post-thumbnail","hentry","category-la-midinale","tag-entretien"],"_links":{"self":[{"href":"https:\/\/archives.regards.fr\/index.php?rest_route=\/wp\/v2\/posts\/13120","targetHints":{"allow":["GET"]}}],"collection":[{"href":"https:\/\/archives.regards.fr\/index.php?rest_route=\/wp\/v2\/posts"}],"about":[{"href":"https:\/\/archives.regards.fr\/index.php?rest_route=\/wp\/v2\/types\/post"}],"author":[{"embeddable":true,"href":"https:\/\/archives.regards.fr\/index.php?rest_route=\/wp\/v2\/users\/1039"}],"replies":[{"embeddable":true,"href":"https:\/\/archives.regards.fr\/index.php?rest_route=%2Fwp%2Fv2%2Fcomments&post=13120"}],"version-history":[{"count":0,"href":"https:\/\/archives.regards.fr\/index.php?rest_route=\/wp\/v2\/posts\/13120\/revisions"}],"wp:featuredmedia":[{"embeddable":true,"href":"https:\/\/archives.regards.fr\/index.php?rest_route=\/wp\/v2\/media\/30922"}],"wp:attachment":[{"href":"https:\/\/archives.regards.fr\/index.php?rest_route=%2Fwp%2Fv2%2Fmedia&parent=13120"}],"wp:term":[{"taxonomy":"category","embeddable":true,"href":"https:\/\/archives.regards.fr\/index.php?rest_route=%2Fwp%2Fv2%2Fcategories&post=13120"},{"taxonomy":"post_tag","embeddable":true,"href":"https:\/\/archives.regards.fr\/index.php?rest_route=%2Fwp%2Fv2%2Ftags&post=13120"}],"curies":[{"name":"wp","href":"https:\/\/api.w.org\/{rel}","templated":true}]}}