{"id":13116,"date":"2021-09-03T18:40:19","date_gmt":"2021-09-03T16:40:19","guid":{"rendered":"https:\/\/wp.muchomaas.com\/article-tribune-ecrans-plats-selon-que-vous-serez-puissant-ou-miserable\/"},"modified":"2023-06-24T00:19:08","modified_gmt":"2023-06-23T22:19:08","slug":"article-tribune-ecrans-plats-selon-que-vous-serez-puissant-ou-miserable","status":"publish","type":"post","link":"https:\/\/archives.regards.fr\/?p=13116","title":{"rendered":"TRIBUNE. \u00ab\u00a0\u00c9crans plats\u00a0\u00bb : selon que vous serez puissant ou mis\u00e9rable&#8230;"},"content":{"rendered":"<p class=\"post_excerpt\">C&#8217;est la pol\u00e9mique de la rentr\u00e9e, orchestr\u00e9e par Jean-Michel Blanquer (avec le soutien d&#8217;Emmanuel Macron) : trop de parents d&#8217;\u00e9l\u00e8ves utiliseraient l&#8217;allocation de rentr\u00e9e scolaire pour s&#8217;acheter une nouvelle t\u00e9l\u00e9. R\u00e9action de Benjamin Lucas, coordinateur national de G\u00e9n\u00e9ration.s.<\/p>\n<p>Cette semaine de rentr\u00e9e scolaire aura \u00e9t\u00e9 marqu\u00e9e par l\u2019habituelle pol\u00e9mique \u2013 puissamment relay\u00e9e cette ann\u00e9e par le ministre de l\u2019\u00c9ducation nationale et le pr\u00e9sident de la R\u00e9publique \u2013 sur l\u2019usage de l\u2019allocation de rentr\u00e9e scolaire par les familles les plus modestes, accus\u00e9es d\u2019en d\u00e9voyer l\u2019objectif pour s\u2019adonner aux plaisirs (ou aux besoins) de la soci\u00e9t\u00e9 de consommation.<\/p>\n<p>&nbsp;<\/p>\n<p>\n<strong>LIRE AUSSI SUR REGARDS.FR<br \/>\n>><\/strong> <em><a href=\"https:\/\/wp.muchomaas.com\/politique\/article\/mensonges-drogue-et-mepris-macron-et-blanquer-vous-souhaitent-une-bonne-rentree\">Mensonges, drogue et m\u00e9pris : Macron et Blanquer vous souhaitent une bonne rentr\u00e9e !<\/a><\/em><\/p>\n<p>&nbsp;<\/p>\n<p>Apr\u00e8s tout, rien de plus simple pour un pouvoir incapable de faire reculer la pauvret\u00e9 que d\u2019entonner l\u2019air du \u00ab\u00a0salauds d\u2019pauvres\u00a0\u00bb pour faire diversion. La chasse aux pauvres plut\u00f4t que la chasse \u00e0 la pauvret\u00e9, c\u2019est tragique mais c\u2019est classique. <\/p>\n<p>Devant cette grosse et vieille ficelle, nous avons \u00e9t\u00e9 nombreuses et nombreux \u00e0 nous indigner et \u00e0 rappeler des \u00e9vidences. Quand la crise jette chaque jour des centaines de familles suppl\u00e9mentaires dans la pr\u00e9carit\u00e9, quand la pauvret\u00e9 est \u00e0 ce point r\u00e9pandue dans une puissance pourtant aussi riche que la n\u00f4tre, que la brutalit\u00e9 des in\u00e9galit\u00e9s et des injustices est ancr\u00e9e dans la r\u00e9alit\u00e9 de la soci\u00e9t\u00e9 sans qu\u2019une seule solution d\u2019ampleur vienne proposer un chemin pour les faire clairement et massivement reculer, il est indigne, l\u00e2che et assez m\u00e9prisable de vouloir concentrer le d\u00e9bat public sur une question aussi absurde que celle de ces achats dont aucune \u00e9tude, aucun fait ne d\u00e9montre qu\u2019il n\u2019est pas seulement l\u2019objet du fantasme malsain de ceux qui d\u00e9testent les pauvres. <\/p>\n<p>On pourrait s\u2019arr\u00eater l\u00e0. Une pol\u00e9mique inutile et facile \u00e0 d\u00e9crypter en chasse une autre et en pr\u00e9c\u00e8de une, sans doute encore plus crasse, qui choisira d\u2019autres boucs \u00e9missaires faciles : exil\u00e9s, jeunes, fonctionnaires\u2026 <\/p>\n<p>Mais la r\u00e9currence de ce genre de pol\u00e9miques appelle une observation bien plus grave que la simple d\u00e9ploration de la m\u00e9diocrit\u00e9 du d\u00e9bat public national et de son mauvais usage par le pouvoir et une partie des responsables politiques. En choisissant ce sujet, le Pr\u00e9sident Macron et son ministre de l\u2019\u00c9ducation nationale ont choisi de se placer sur un terrain moral. Il y aurait <em>\u00ab\u00a0de toute \u00e9vidence\u00a0\u00bb<\/em> un d\u00e9tournement des allocations destin\u00e9es \u00e0 la scolarit\u00e9 des enfants par des parents pour leur bon plaisir. La cons\u00e9quence politique logique \u00e0 cette affirmation serait donc de contr\u00f4ler davantage les plus pauvres, pour surveiller l\u2019usage qu\u2019ils font des dispositifs de solidarit\u00e9, et de leur imposer certaines d\u00e9penses plut\u00f4t que d\u2019autres. Apr\u00e8s tout, on nous rab\u00e2che ce vieux et stupide poncif \u00ab\u00a0pas de droits sans devoirs\u00a0\u00bb. <\/p>\n<p>Ce que nous dit ce d\u00e9bat, comme tous ceux sur la surveillance des allocataires du RSA ou d\u2019autres allocations, c\u2019est que la soci\u00e9t\u00e9 a le droit de juger moralement les pauvres, parce que la solidarit\u00e9 n\u2019en est pas une, elle est une aum\u00f4ne, et elle donne droit \u00e0 ceux qui en d\u00e9cident le versement \u00e0 tous les jugements sur ceux qui la re\u00e7oivent. Qu\u2019on ne nous dise pas qu\u2019il s\u2019agit de \u00ab\u00a0bien g\u00e9rer l\u2019argent public\u00a0\u00bb. Aucun d\u00e9bat d\u2019ampleur n\u2019a eu lieu dans le pays sur les contreparties des milliards donn\u00e9s aux banques, aux grandes entreprises, sur les exon\u00e9rations d\u2019imp\u00f4ts de ceux qui ont les moyens de se faire conseiller par des experts en dissimulation et en subtilit\u00e9s fiscales. <\/p>\n<p>Ce qu\u2019il y a de dangereux et d\u2019indigne dans cette orientation politique et sociale, c\u2019est justement cette volont\u00e9 syst\u00e9matique de juger moralement et socialement ce que font les plus pauvres. Ainsi, moins vous avez de ressources, plus il faut vous justifier, et m\u00eame vous excuser de l\u2019usage que vous en faites. En relayant ces pol\u00e9miques, le plus haut sommet de l\u2019\u00c9tat valide l\u2019id\u00e9e que la libert\u00e9 des plus pauvres, leur droit au bonheur, ne doit pas \u00eatre \u00e9quivalent \u00e0 celui des riches, qui eux peuvent bien faire ce qu\u2019ils veulent de leur argent. La libert\u00e9 dans le lib\u00e9ralisme n\u2019est finalement qu\u2019une affaire de capital. Comme tout le reste, on l\u2019ach\u00e8te. <\/p>\n<p>Il y a quelques semaines, un homme, parce qu\u2019il est milliardaire, s\u2019est offert quelques secondes dans le cosmos pour un <em>\u00ab\u00a0pognon de dingue\u00a0\u00bb<\/em>, en envoyant dans l\u2019air une quantit\u00e9 de carbone d\u00e9mesur\u00e9ment grande pour une exp\u00e9rience aussi courte. Il y a l\u00e0 mati\u00e8re \u00e0 d\u00e9battre. C\u2019est cette ind\u00e9cence l\u00e0 qu\u2019il nous faut interroger, celle qui sous pr\u00e9texte de richesses s\u2019ach\u00e8te tout et n\u2019importe quoi, pollue et pille les ressources, sans avoir droit \u00e0 une expression pr\u00e9sidentielle de d\u00e9sapprobation morale. <\/p>\n<p>Alors, oui ayons un grand d\u00e9bat moral sur l\u2019usage des moyens et des ressources dans notre soci\u00e9t\u00e9. Si le pr\u00e9sident de la R\u00e9publique veut \u00e0 ce point faire de l\u2019ing\u00e9rence dans les porte-monnaies, qu\u2019il dise l\u2019immoralit\u00e9 de l\u2019ultra richesse. Et qu\u2019on laisse libres et en paix, celles et ceux pour qui chaque euro compte. <\/p>\n<p>Il y a quelques mois, le Pr\u00e9sident Macron de visite en Picardie pour comm\u00e9morer La Fontaine n\u2019a pas pu \u00e9chapper \u00e0 la lecture de l\u2019une de ses plus c\u00e9l\u00e8bres fables, \u00ab Les animaux malades de la Peste \u00bb, et de sa morale :<\/p>\n<p><em>\u00ab\u00a0Selon que vous serez puissant ou mis\u00e9rable,<br \/>\nLes jugements de cour vous rendront blanc ou noir.\u00a0\u00bb<\/em><\/p>\n<p>Puissions-nous l\u2019avoir \u00e0 l\u2019esprit pour r\u00e9orienter un peu les th\u00e8mes et les termes du d\u00e9bat public.<\/p>\n<p>&nbsp;<\/p>\n<p>\n<strong>Benjamin Lucas<\/strong>, coordinateur national de G\u00e9n\u00e9ration.s<div id='gallery-1' class='gallery galleryid-13116 gallery-columns-3 gallery-size-thumbnail'><figure class='gallery-item'>\n\t\t\t<div class='gallery-icon landscape'>\n\t\t\t\t<a href='https:\/\/archives.regards.fr\/wp-content\/uploads\/2021\/09\/gray-glitch-effect-patterned-background-657.png'><img loading=\"lazy\" decoding=\"async\" width=\"150\" height=\"150\" src=\"https:\/\/archives.regards.fr\/wp-content\/uploads\/2021\/09\/gray-glitch-effect-patterned-background-657-150x150.png\" class=\"attachment-thumbnail size-thumbnail\" alt=\"gray-glitch-effect-patterned-background.png\" \/><\/a>\n\t\t\t<\/div><\/figure>\n\t\t<\/div>\n<\/p>\n","protected":false},"excerpt":{"rendered":"<p>C&#8217;est la pol\u00e9mique de la rentr\u00e9e, orchestr\u00e9e par Jean-Michel Blanquer (avec le soutien d&#8217;Emmanuel Macron) : trop de parents d&#8217;\u00e9l\u00e8ves utiliseraient l&#8217;allocation de rentr\u00e9e scolaire pour s&#8217;acheter une nouvelle t\u00e9l\u00e9. R\u00e9action de Benjamin Lucas, coordinateur national de G\u00e9n\u00e9ration.s.<\/p>\n","protected":false},"author":1,"featured_media":30915,"comment_status":"open","ping_status":"open","sticky":false,"template":"","format":"standard","meta":{"_themeisle_gutenberg_block_has_review":false,"footnotes":""},"categories":[278],"tags":[],"class_list":["post-13116","post","type-post","status-publish","format-standard","has-post-thumbnail","hentry","category-tribunes"],"_links":{"self":[{"href":"https:\/\/archives.regards.fr\/index.php?rest_route=\/wp\/v2\/posts\/13116","targetHints":{"allow":["GET"]}}],"collection":[{"href":"https:\/\/archives.regards.fr\/index.php?rest_route=\/wp\/v2\/posts"}],"about":[{"href":"https:\/\/archives.regards.fr\/index.php?rest_route=\/wp\/v2\/types\/post"}],"author":[{"embeddable":true,"href":"https:\/\/archives.regards.fr\/index.php?rest_route=\/wp\/v2\/users\/1"}],"replies":[{"embeddable":true,"href":"https:\/\/archives.regards.fr\/index.php?rest_route=%2Fwp%2Fv2%2Fcomments&post=13116"}],"version-history":[{"count":0,"href":"https:\/\/archives.regards.fr\/index.php?rest_route=\/wp\/v2\/posts\/13116\/revisions"}],"wp:featuredmedia":[{"embeddable":true,"href":"https:\/\/archives.regards.fr\/index.php?rest_route=\/wp\/v2\/media\/30915"}],"wp:attachment":[{"href":"https:\/\/archives.regards.fr\/index.php?rest_route=%2Fwp%2Fv2%2Fmedia&parent=13116"}],"wp:term":[{"taxonomy":"category","embeddable":true,"href":"https:\/\/archives.regards.fr\/index.php?rest_route=%2Fwp%2Fv2%2Fcategories&post=13116"},{"taxonomy":"post_tag","embeddable":true,"href":"https:\/\/archives.regards.fr\/index.php?rest_route=%2Fwp%2Fv2%2Ftags&post=13116"}],"curies":[{"name":"wp","href":"https:\/\/api.w.org\/{rel}","templated":true}]}}