{"id":13115,"date":"2021-09-03T15:02:45","date_gmt":"2021-09-03T13:02:45","guid":{"rendered":"https:\/\/wp.muchomaas.com\/article-mensonges-drogue-et-mepris-macron-et-blanquer-vous-souhaitent-une-bonne-rentree\/"},"modified":"2021-09-03T15:02:45","modified_gmt":"2021-09-03T13:02:45","slug":"article-mensonges-drogue-et-mepris-macron-et-blanquer-vous-souhaitent-une-bonne-rentree","status":"publish","type":"post","link":"https:\/\/archives.regards.fr\/?p=13115","title":{"rendered":"Mensonges, drogue et m\u00e9pris : Macron et Blanquer vous souhaitent une bonne rentr\u00e9e !"},"content":{"rendered":"<p class=\"post_excerpt\">Une reprise en grande forme ! Voil\u00e0 ce que nous offrent Emmanuel Macron et Jean-Michel Blanquer. Des <em>fake news<\/em>, du m\u00e9pris pour tout le monde !<\/p>\n<p>\u00c0 dire vrai, le ministre de l&#8217;\u00c9ducation nationale ne nous avait pas franchement manqu\u00e9 pendant ces vacances d&#8217;\u00e9t\u00e9. C&#8217;est donc l&#8217;\u0153il peu alerte que nous le retrouvons en cette rentr\u00e9e. Le bougre s&#8217;est laiss\u00e9 pousser la barbe. Pourquoi pas. Manuel Valls l&#8217;avait fait en son temps. Rien d\u2019\u00e9tonnant. Il y a du Valls dans Blanquer. Et sans doute du Blanquer dans Valls.<\/p>\n<p>&nbsp;<\/p>\n<p>\n<strong>LIRE AUSSI SUR REGARDS.FR<br \/>\n>><\/strong> <em><a href=\"https:\/\/wp.muchomaas.com\/politique\/article\/emmanuel-macron-president-sans-heritage\">Emmanuel Macron, le Pr\u00e9sident sans Histoire<\/a><\/em><\/p>\n<p>&nbsp;<\/p>\n<p>Blanquer aurait-il \u00e9t\u00e9 jaloux du fait que G\u00e9rald Darmanin prenne toute la lumi\u00e8re de la rentr\u00e9e m\u00e9diatique pour <a href=\"https:\/\/twitter.com\/LoicLeClerc33\/status\/1430489647352848384\">ses mensonges \u00e0 r\u00e9p\u00e9tition<\/a> ? Vex\u00e9 d&#8217;entendre son coll\u00e8gue de la place Beauvau <a href=\"https:\/\/www.francetvinfo.fr\/economie\/emploi\/metiers\/droit-et-justice\/desintox-non-les-pays-ayant-legalise-le-cannabis-ne-sont-pas-revenus-sur-leur-decision_4756321.html\">raconter n&#8217;importe quoi<\/a> sur le cannabis et voir le chef de l&#8217;\u00c9tat voler \u00e0 son secours \u2013 <a href=\"https:\/\/www.nouvelobs.com\/justice\/20210902.OBS48128\/pour-emmanuel-macron-les-consommateurs-sont-des-complices-du-trafic-de-drogue.html\">accusant<\/a> m\u00eame les consommateurs d&#8217;\u00eatre <em>\u00ab des complices \u00bb<\/em> du trafic de drogue \u2013, le ministre de l\u2019Education nationale ne voulait-il pas lui aussi sa rentr\u00e9e de gloire ?<\/p>\n<p>Quoi qu&#8217;il en soit, Blanquer a sorti son joker d&#8217;entr\u00e9e de jeu : les \u00ab \u00e9crans plats \u00bb \u2013 qui utilise encore cette expression pour parler d&#8217;une t\u00e9l\u00e9 ?[[Notre cons\u0153ur Nassira El Moaddem <a href=\"https:\/\/twitter.com\/NassiraELM\/status\/1433450871191392256\">a tout dit<\/a> \u00e0 ce propos : <em>\u00ab &#8220;Ecran plat&#8221; : mot valise f\u00e9tichis\u00e9 inscrit dans notre imaginaire collectif (gr\u00e2ce aux pol\u00e9miques \u00e9ternelles) et qui utilis\u00e9 dans la bouche des dominants ciblant les pauvres, est le symbole du luxe que souhaitent s&#8217;arroger les gueux. Ecran-plat : mot qui permet aussi de bien rappeler la fronti\u00e8re entre les dominants et les gueux. Ainsi, le dominant utilise le mot &#8220;\u00e9cran-plat&#8221; pour parler d&#8217;un objet achet\u00e9 par les pauvres alors que plus personne n&#8217;utilise ce mot. Humilier socialement par le langage. Strike ! Tout le monde a des \u00e9crans-plats, on le sait, tout le monde s&#8217;en ach\u00e8te mais personne n&#8217;utilise ce mot. Alors laissons-leur ce mot \u00e0 ces gueux pour bien les enfoncer encore plus. \u00bb<\/em>]]<\/p>\n<p>Tel un Galil\u00e9e sentant bien que le soleil ne tourne pas autour de la Terre, Blanquer a eu une intuition : les pauvres ach\u00e8tent des t\u00e9l\u00e9s avec leurs allocations de rentr\u00e9e scolaire. <em>\u00ab C&#8217;est une \u00e9vidence \u00bb<\/em>, <a href=\"https:\/\/www.bfmtv.com\/societe\/education\/c-est-evident-blanquer-maintient-ses-propos-sur-l-achat-d-ecrans-plats-avec-l-allocation-de-rentree-scolaire_AN-202108310484.html\">assure<\/a>-t-il. <em>\u00ab On sait bien que parfois il y a des achats d&#8217;\u00e9crans plats plus importants au mois de septembre qu&#8217;\u00e0 d&#8217;autres moments \u00bb<\/em>, <a href=\"https:\/\/www.francetvinfo.fr\/replay-radio\/entre-les-lignes\/jean-michel-blanquer-sur-l-allocation-de-rentree-scolaire-bon-sens-et-mensonge_4753583.html\">continue<\/a>-t-il. Et gaspiller \u00e9go\u00efstement l&#8217;argent public destin\u00e9 \u00e0 l&#8217;instruction de nos enfants, c&#8217;est tr\u00e8s, tr\u00e8s mal. Alors il d\u00e9nonce, il accuse ! <\/p>\n<h2>Joue-la comme Trump<\/h2>\n<p>Le probl\u00e8me, c&#8217;est que c&#8217;est faux. Parce que, <a href=\"https:\/\/www.liberation.fr\/checknews\/les-ventes-decrans-plats-augmentent-elles-en-septembre-comme-le-dit-blanquer-20210831_FKTO6DNEKZDAFLCDFDFUBKYIRI\/\">dans les faits<\/a>, les mois d&#8217;ao\u00fbt et septembre sont les mois o\u00f9 les Fran\u00e7ais ach\u00e8tent le moins d&#8217;\u00ab \u00e9crans plats \u00bb. Le ministre ment. Une bagatelle en Macronie. Pis ! Blanquer nous fait du Trump. Interview\u00e9 par <a href=\"https:\/\/twitter.com\/brutofficiel\/status\/1432790327694397445\">Brut<\/a>, il renverse la pol\u00e9mique : qu&#8217;on vienne lui prouver que 100% de ces allocations sont toujours bien d\u00e9pens\u00e9es ! C&#8217;est l&#8217;inversion de la charge de la preuve. Aux autres de prouver leur innocence. Et les faits alternatifs deviennent paroles d&#8217;\u00c9vangile.<\/p>\n<blockquote class=\"twitter-tweet\">\n<p lang=\"fr\" dir=\"ltr\">\u00ab Jean-Michel Blanquer s&#39;abrite derri\u00e8re le &quot;bon sens&quot; pour tenter de camoufler&#8230; un mensonge ! \u00bb<\/p>\n<p>Dans <a href=\"https:\/\/twitter.com\/hashtag\/EntreLesLignes?src=hash&amp;ref_src=twsrc%5Etfw\">#EntreLesLignes<\/a>, sur <a href=\"https:\/\/twitter.com\/franceinfo?ref_src=twsrc%5Etfw\">@franceinfo<\/a>, je reviens sur l&#39;allocation de rentr\u00e9e scolaire qui serait d\u00e9tourn\u00e9e pour acheter des \u00e9crans plats.<a href=\"https:\/\/t.co\/yzrp97OPt5\">pic.twitter.com\/yzrp97OPt5<\/a><\/p>\n<p>&mdash; Cl\u00e9ment Viktorovitch (@clemovitch) <a href=\"https:\/\/twitter.com\/clemovitch\/status\/1433112200445636613?ref_src=twsrc%5Etfw\">September 1, 2021<\/a><\/p><\/blockquote>\n<p> <script async src=\"https:\/\/platform.twitter.com\/widgets.js\" charset=\"utf-8\"><\/script><\/p>\n<p>Et le second probl\u00e8me, c&#8217;est qu&#8217;Emmanuel Macron, pr\u00e9sident de la R\u00e9publique fran\u00e7aise, soutient son ministre quoi qu&#8217;il en co\u00fbte. Ainsi <a href=\"https:\/\/twitter.com\/GuillaumeDaret\/status\/1433388755403091968\">disserte<\/a>-t-il sereinement : <em>\u00ab Nous serions ou aveugles ou na\u00effs de penser que la totalit\u00e9 de ce que chaque m\u00e9nage touche en allocation de rentr\u00e9e est revers\u00e9e pour acheter les fournitures ou les livres. C\u2019est pas vrai, et nous tous, nous le savons. \u00bb<\/em><\/p>\n<p><em>\u00ab You are fake news ! \u00bb<\/em>, disait l&#8217;autre.<\/p>\n<p>R\u00e9sultat des courses : \u00e0 son arriv\u00e9e dans une \u00e9cole marseillaise, Jean-Michel Blanquer est <a href=\"https:\/\/www.huffingtonpost.fr\/entry\/rentree-chahutee-pour-jean-michel-blanquer-dans-cette-ecole-de-marseille_fr_613084aee4b05f53eda38afc\">hu\u00e9<\/a>, conspu\u00e9, un <em>\u00ab Viens nous le dire en face qu\u2019on ach\u00e8te des \u00e9crans plats ! \u00bb<\/em> est lanc\u00e9. Bonne ambiance. Il faut dire qu&#8217;\u00e0 force de semer le m\u00e9pris, il faut bien que quelques semences finissent par germer.<\/p>\n<p>Pendant ce temps-l\u00e0, <em>\u00ab le gouvernement supprime encore 1883 postes d&#8217;enseignant-es en cette rentr\u00e9e. Au total, 7490 emplois d&#8217;enseignant-es en moins dans les coll\u00e8ges et lyc\u00e9es depuis 2017. C&#8217;est l&#8217;\u00e9quivalent de 166 coll\u00e8ges ray\u00e9s de la carte ! <\/em> \u00bb, <a href=\"https:\/\/twitter.com\/SNESFSU\/status\/1432267919610765313\">tweete<\/a> le syndicat SNES-FSU. Bonne rentr\u00e9e quand m\u00eame !<\/p>\n<p>&nbsp;<\/p>\n<p>\n<a href=\"https:\/\/wp.muchomaas.com\/auteur\/loic-le-clerc\"><strong>Lo\u00efc Le Clerc<\/strong><\/a><\/p>\n","protected":false},"excerpt":{"rendered":"<p>Une reprise en grande forme ! Voil\u00e0 ce que nous offrent Emmanuel Macron et Jean-Michel Blanquer. Des <em>fake news<\/em>, du m\u00e9pris pour tout le monde !<\/p>\n","protected":false},"author":1203,"featured_media":0,"comment_status":"open","ping_status":"open","sticky":false,"template":"","format":"standard","meta":{"_themeisle_gutenberg_block_has_review":false,"footnotes":""},"categories":[6],"tags":[487],"class_list":["post-13115","post","type-post","status-publish","format-standard","hentry","category-actu","tag-emmanuel-macron"],"_links":{"self":[{"href":"https:\/\/archives.regards.fr\/index.php?rest_route=\/wp\/v2\/posts\/13115","targetHints":{"allow":["GET"]}}],"collection":[{"href":"https:\/\/archives.regards.fr\/index.php?rest_route=\/wp\/v2\/posts"}],"about":[{"href":"https:\/\/archives.regards.fr\/index.php?rest_route=\/wp\/v2\/types\/post"}],"author":[{"embeddable":true,"href":"https:\/\/archives.regards.fr\/index.php?rest_route=\/wp\/v2\/users\/1203"}],"replies":[{"embeddable":true,"href":"https:\/\/archives.regards.fr\/index.php?rest_route=%2Fwp%2Fv2%2Fcomments&post=13115"}],"version-history":[{"count":0,"href":"https:\/\/archives.regards.fr\/index.php?rest_route=\/wp\/v2\/posts\/13115\/revisions"}],"wp:attachment":[{"href":"https:\/\/archives.regards.fr\/index.php?rest_route=%2Fwp%2Fv2%2Fmedia&parent=13115"}],"wp:term":[{"taxonomy":"category","embeddable":true,"href":"https:\/\/archives.regards.fr\/index.php?rest_route=%2Fwp%2Fv2%2Fcategories&post=13115"},{"taxonomy":"post_tag","embeddable":true,"href":"https:\/\/archives.regards.fr\/index.php?rest_route=%2Fwp%2Fv2%2Ftags&post=13115"}],"curies":[{"name":"wp","href":"https:\/\/api.w.org\/{rel}","templated":true}]}}