{"id":13114,"date":"2021-09-03T14:16:36","date_gmt":"2021-09-03T12:16:36","guid":{"rendered":"https:\/\/wp.muchomaas.com\/article-diane-scott-il-y-a-une-haine-de-l-intellectuel-quant-a-l-exigence-de-populaire\/"},"modified":"2023-06-24T00:19:08","modified_gmt":"2023-06-23T22:19:08","slug":"article-diane-scott-il-y-a-une-haine-de-l-intellectuel-quant-a-l-exigence-de-populaire","status":"publish","type":"post","link":"https:\/\/archives.regards.fr\/?p=13114","title":{"rendered":"Diane Scott : \u00ab Il y a une haine de l&#8217;intellectuel quant \u00e0 l&#8217;exigence de populaire \u00bb"},"content":{"rendered":"<p class=\"post_excerpt\">Le th\u00e9\u00e2tre sert-il (encore) \u00e0 quelque chose ? La R\u00e9volution fran\u00e7aise avait propos\u00e9 que ce soit un des lieux privil\u00e9gi\u00e9s de la construction du peuple. Mais aujourd&#8217;hui, peut-on encore y croire ? On en parle avec Diane Scott, autrice de <em>S&#8217;adresser \u00e0 tous, th\u00e9\u00e2tre et industrie culturelle<\/em> aux \u00e9ditions des Prairies ordinaires.<\/p>\n<h2>UNE MIDINALE \u00c0 VOIR&#8230;<\/h2>\n<p><iframe loading=\"lazy\" width=\"490\" height=\"276\" src=\"https:\/\/www.youtube.com\/embed\/1hN77W75IVg\" title=\"YouTube video player\" frameborder=\"0\" allow=\"accelerometer; autoplay; clipboard-write; encrypted-media; gyroscope; picture-in-picture\" allowfullscreen><\/iframe><\/p>\n<p>&nbsp;<\/p>\n<div id='gallery-1' class='gallery galleryid-13114 gallery-columns-3 gallery-size-thumbnail'><figure class='gallery-item'>\n\t\t\t<div class='gallery-icon landscape'>\n\t\t\t\t<a href='https:\/\/archives.regards.fr\/wp-content\/uploads\/2021\/09\/capture_d_e_cran_2021-09-03_a_12-a6c.51.19.png'><img loading=\"lazy\" decoding=\"async\" width=\"150\" height=\"150\" src=\"https:\/\/archives.regards.fr\/wp-content\/uploads\/2021\/09\/capture_d_e_cran_2021-09-03_a_12-a6c.51.19-150x150.png\" class=\"attachment-thumbnail size-thumbnail\" alt=\"capture_d_e_cran_2021-09-03_a_12.51.19.png\" \/><\/a>\n\t\t\t<\/div><\/figure>\n\t\t<\/div>\n\n","protected":false},"excerpt":{"rendered":"<p>Le th\u00e9\u00e2tre sert-il (encore) \u00e0 quelque chose ? La R\u00e9volution fran\u00e7aise avait propos\u00e9 que ce soit un des lieux privil\u00e9gi\u00e9s de la construction du peuple. Mais aujourd&#8217;hui, peut-on encore y croire ? On en parle avec Diane Scott, autrice de <em>S&#8217;adresser \u00e0 tous, th\u00e9\u00e2tre et industrie culturelle<\/em> aux \u00e9ditions des Prairies ordinaires.<\/p>\n","protected":false},"author":1204,"featured_media":30913,"comment_status":"open","ping_status":"open","sticky":false,"template":"","format":"standard","meta":{"_themeisle_gutenberg_block_has_review":false,"footnotes":""},"categories":[238],"tags":[293],"class_list":["post-13114","post","type-post","status-publish","format-standard","has-post-thumbnail","hentry","category-la-midinale","tag-entretien"],"_links":{"self":[{"href":"https:\/\/archives.regards.fr\/index.php?rest_route=\/wp\/v2\/posts\/13114","targetHints":{"allow":["GET"]}}],"collection":[{"href":"https:\/\/archives.regards.fr\/index.php?rest_route=\/wp\/v2\/posts"}],"about":[{"href":"https:\/\/archives.regards.fr\/index.php?rest_route=\/wp\/v2\/types\/post"}],"author":[{"embeddable":true,"href":"https:\/\/archives.regards.fr\/index.php?rest_route=\/wp\/v2\/users\/1204"}],"replies":[{"embeddable":true,"href":"https:\/\/archives.regards.fr\/index.php?rest_route=%2Fwp%2Fv2%2Fcomments&post=13114"}],"version-history":[{"count":0,"href":"https:\/\/archives.regards.fr\/index.php?rest_route=\/wp\/v2\/posts\/13114\/revisions"}],"wp:featuredmedia":[{"embeddable":true,"href":"https:\/\/archives.regards.fr\/index.php?rest_route=\/wp\/v2\/media\/30913"}],"wp:attachment":[{"href":"https:\/\/archives.regards.fr\/index.php?rest_route=%2Fwp%2Fv2%2Fmedia&parent=13114"}],"wp:term":[{"taxonomy":"category","embeddable":true,"href":"https:\/\/archives.regards.fr\/index.php?rest_route=%2Fwp%2Fv2%2Fcategories&post=13114"},{"taxonomy":"post_tag","embeddable":true,"href":"https:\/\/archives.regards.fr\/index.php?rest_route=%2Fwp%2Fv2%2Ftags&post=13114"}],"curies":[{"name":"wp","href":"https:\/\/api.w.org\/{rel}","templated":true}]}}