{"id":13112,"date":"2021-09-01T14:54:15","date_gmt":"2021-09-01T12:54:15","guid":{"rendered":"https:\/\/wp.muchomaas.com\/article-sophia-hocini-depuis-30-ans-marseille-fonctionne-principalement-voire\/"},"modified":"2023-06-24T00:19:06","modified_gmt":"2023-06-23T22:19:06","slug":"article-sophia-hocini-depuis-30-ans-marseille-fonctionne-principalement-voire","status":"publish","type":"post","link":"https:\/\/archives.regards.fr\/?p=13112","title":{"rendered":"Sophia Hocini : \u00ab Depuis 30 ans, Marseille fonctionne principalement voire uniquement gr\u00e2ce aux solidarit\u00e9s locales \u00bb"},"content":{"rendered":"<p class=\"post_excerpt\">Le pr\u00e9sident de la R\u00e9publique est en d\u00e9placement pour 3 jours \u00e0 Marseille. L&#8217;occasion de revenir sur les attentes, les espoirs et les carences d&#8217;une ville qui lutte. Avec Sophia Hocini, autrice et militante des quartiers populaires.<\/p>\n<h2>UNE MIDINALE \u00c0 VOIR&#8230;<\/h2>\n<p><iframe loading=\"lazy\" width=\"490\" height=\"276\" src=\"https:\/\/www.youtube.com\/embed\/D_CddvThDvc\" title=\"YouTube video player\" frameborder=\"0\" allow=\"accelerometer; autoplay; clipboard-write; encrypted-media; gyroscope; picture-in-picture\" allowfullscreen><\/iframe><\/p>\n<p>&nbsp;<\/p>\n<p><h2>\u00c0 \u00c9COUTER&#8230;<\/h2>\n<p><strong>>><\/strong> <em><a href=\"https:\/\/open.spotify.com\/episode\/7cN9WbnVTOT6UWk8wgYbqm?si=CHGcikAmRFism26g7tE0nA&#038;dl_branch=1\">sur Spotify<\/a><\/em><\/p>\n<p>&nbsp;<\/p>\n<p><h2>&#8230;ET A LIRE<\/h2>\n<p><em>\u00a0<strong>Sur le d\u00e9placement du pr\u00e9sident de la R\u00e9publique<\/em>\u00a0<\/strong><br \/>\n\u00ab\u00a0Le d\u00e9placement d\u2019Emmanuel Macron \u00e0 Marseille est historique puisque c\u2019est la premi\u00e8re fois qu\u2019un pr\u00e9sident de la Cinqui\u00e8me R\u00e9publique passe autant de temps dans une seule et m\u00eame ville.\u00a0\u00bb<br \/>\n\u00ab\u00a0Je suis un peu d\u00e9\u00e7ue qu\u2019un d\u00e9placement avec un agenda politique aussi dense ne se soit pas produit bien plus en amont.\u00a0\u00bb<br \/>\n\u00ab\u00a0En novembre 2018, des gens sont morts \u00e0 cause de leur habitat indigne. Le pr\u00e9sident de la R\u00e9publique aurait du venir se rende compte par lui-m\u00eame de la situation dramatique dans laquelle est Marseille depuis plus de trente ans.\u00a0\u00bb<br \/>\n\u00ab\u00a0Il y a un manque de volontarisme, un manque de courage et, du coup, une vraie incurie dans la gestion de la ville de Marseille.\u00a0\u00bb<br \/>\n\u00ab\u00a0Marseille est la deuxi\u00e8me plus grande m\u00e9tropole de France mais a aussi l\u2019un des quartiers les plus pauvres d\u2019Europe.\u00a0\u00bb<br \/>\n\u00ab\u00a0Plus que des constats, il est aujourd\u2019hui urgent d\u2019agir parce que l\u2019on parle d\u2019hommes, de femmes et d\u2019enfants qui vivent dans les des immeubles amiant\u00e9s avec des rats et seulement 400 euros par mois\u2026\u00a0\u00bb<br \/>\n\u00ab\u00a0Depuis 30 ans, je ne comprends pas qu\u2019une ville plus \u00e9tendue que Paris n\u2019ait que 2 lignes de m\u00e9tro et pas assez de bus.\u00a0Je peux traverser toutes les rues qu\u2019il faut pour trouver du travail, sans transports, c\u2019est juste impossible.\u00a0\u00bb<\/p>\n<p><em>\u00a0<strong>Sur la d\u00e9gradation de la situation \u00e0 Marseille<\/em>\u00a0<\/strong><br \/>\n\u00ab\u00a0La situation s\u2019est particuli\u00e8rement d\u00e9grad\u00e9e ces derniers mois, notamment avec la crise du Covid.\u00a0\u00bb<br \/>\n\u00ab\u00a0J\u2019ai vu dans ma cit\u00e9, une explosion pendant le premier confinement, des demandes d\u2019aides alimentaires : je parle de 200 familles sur 3.000 habitants.\u00a0\u00bb<br \/>\n\u00ab\u00a0Je suis inqui\u00e8te quant \u00e0 la visite d\u2019Emmanuel Macron \u00e0 Marseille : j\u2019esp\u00e8re qu\u2019elle aboutira sur des mesures ambitieuses et \u00e0 la mesure de la situation. Mais je sais aussi que l\u2019on est \u00e0 200 jours de l\u2019\u00e9lection pr\u00e9sidentielle et qu\u2019il y a un agenda politique derri\u00e8re : je crains que ce d\u00e9placement ne soit qu\u2019un effet de communication pour marquer le lancement d\u2019une campagne \u00e9lectorale qui ne dit pas son nom.\u00a0\u00bb<\/p>\n<p><em>\u00a0<strong>Sur les propos de Manuel Valls sur Marseille qui veut \u00ab\u00a0tout raser, tout reconstruire et repeupler diff\u00e9remment\u00a0\u00bb<\/em>\u00a0<\/strong><br \/>\n\u00ab\u00a0Une partie de nos d\u00e9cideurs, de nos responsables, de nos administrateurs ont une vision emprunte de clich\u00e9s sur la ville de Marseille et sur ses habitants.\u00a0\u00bb<br \/>\n\u00ab\u00a0La ville de Marseille porte \u00e0 elle seule toutes les in\u00e9galit\u00e9s, toutes les violences syst\u00e9miques, qu\u2019elles viennent de l\u2019Etat, qu\u2019elles soient symboliques, qu\u2019elles soient \u00e9cologiques.\u00a0\u00bb<br \/>\n\u00ab\u00a0Je n\u2019ai jamais vu aucun \u00e9lu venir visiter la cit\u00e9 dans laquelle je vis.\u00a0\u00bb<br \/>\n\u00ab\u00a0Des gens font des commentaires sans jamais mettre un pied dans nos quartiers : sauf que, effectivement, cela devient difficile parce que, par exemple, pour se rendre chez moi, une fois arriv\u00e9 au terminus, il n\u2019y a plus de bus et il faut marcher pas mal. Ca dissuade !\u00a0\u00bb<br \/>\n\u00ab\u00a0Il y a aussi un probl\u00e8me li\u00e9 au foncier : Marseille est attractive pour son climat et sa proximit\u00e9 \u00e0 la mer mais les gens qui arrivent et la gentrification violente font augmenter les loyers\u2026\u00a0\u00bb<br \/>\n\u00ab\u00a0Il faut remettre du service public \u00e0 Marseille.\u00a0\u00bb<br \/>\n\u00ab\u00a0Aujourd\u2019hui, le premier relai des Marseillais des quartiers nord, ce sont les pharmaciens et les m\u00e9decins &#8211; ils font de l\u2019accompagnement psychologique et social, et ce n\u2019est pas \u00e0 eux de faire \u00e7a.\u00a0\u00bb<br \/>\n\u00ab\u00a0Il faut plus d\u2019Etat avec la r\u00e9ouverture des centres sociaux, des piscines qui fonctionnent, des cin\u00e9mas de proximit\u00e9, de l\u2019accompagnement social et psychologique.\u00a0\u00bb<\/p>\n<p><em>\u00a0<strong>Sur la question de la violence \u00e0 Marseille<\/em>\u00a0<\/strong><br \/>\n\u00ab\u00a0Sur un territoire de 10 millions d\u2019habitants, de Bastia \u00e0 Nice en passant par Marseille, il n\u2019y a que 8 procureurs qui s\u2019occupent des questions de justice.\u00a0\u00bb<br \/>\n\u00ab\u00a0Le probl\u00e8me, ce n\u2019est pas le dealer assis sur sa chaise qui va vendre trois barrettes de shit. Le probl\u00e8me, ce sont les r\u00e9seaux internationaux. Les policiers locaux n\u2019arriveront jamais \u00e0 enrayer cette probl\u00e9matique.\u00a0\u00bb<br \/>\n\u00ab\u00a0La solution ne peut pas \u00eatre que p\u00e9nal : il faut plus d\u2019humain.\u00a0\u00bb<br \/>\n\u00ab\u00a0On produit de la violence quand on a \u00e9t\u00e9 soi-m\u00eame victime de violence.\u00a0Si on ne comprend pas d\u2019o\u00f9 vient cette violence qui commence \u00e0 l\u2019\u00e9cole, on n\u2019y arrivera pas.\u00a0\u00bb<br \/>\n\u00ab\u00a0Quel signal donne-t-on \u00e0 un enfant qui entre \u00e0 l\u2019\u00e9cole \u00e0 5 ou 6 ans quand il lui pleut sur la t\u00eate et que le toit de son \u00e9cole s\u2019effondre ? Si aujourd\u2019hui, l\u2019\u00e9cole n\u2019est pas capable de respecter les enfants et leur famille, il ne faut pas s\u2019\u00e9tonner (je ne le justifie pas mais je le comprends) qu\u2019\u00e0 un moment donn\u00e9, les plus fragiles prennent la porte de la violence.\u00a0\u00bb<\/p>\n<p><em>\u00a0<strong>Sur les luttes \u00e0 Marseille<\/em>\u00a0<\/strong><br \/>\n\u00ab\u00a0Ces trente derni\u00e8res ann\u00e9es, Marseille a fonctionn\u00e9 principalement sur les solidarit\u00e9s locales.\u00a0\u00bb<br \/>\n\u00ab\u00a0Depuis que j\u2019habite \u00e0 Marseille, les \u00e9lus de ma ville n\u2019ont jamais daign\u00e9 v\u00e9ritablement adresser les probl\u00e8mes des quartiers nord de Marseille.\u00a0\u00bb<br \/>\n\u00ab\u00a0Depuis que la majorit\u00e9 \u00e0 changer \u00e0 Marseille, il y a une volont\u00e9 de faire de la vraie participation citoyenne &#8211; et pas uniquement comme un outil marketing.\u00a0\u00bb<br \/>\n\u00ab\u00a0On veut \u00eatre pris au s\u00e9rieux \u00e0 Marseille. On veut \u00eatre \u00e9cout\u00e9s mais surtout entendus.\u00a0\u00bb<div id='gallery-1' class='gallery galleryid-13112 gallery-columns-3 gallery-size-thumbnail'><figure class='gallery-item'>\n\t\t\t<div class='gallery-icon landscape'>\n\t\t\t\t<a href='https:\/\/archives.regards.fr\/wp-content\/uploads\/2021\/09\/capture_d_e_cran_2021-09-01_a_13-1a2.48.37.png'><img loading=\"lazy\" decoding=\"async\" width=\"150\" height=\"150\" src=\"https:\/\/archives.regards.fr\/wp-content\/uploads\/2021\/09\/capture_d_e_cran_2021-09-01_a_13-1a2.48.37-150x150.png\" class=\"attachment-thumbnail size-thumbnail\" alt=\"capture_d_e_cran_2021-09-01_a_13.48.37.png\" \/><\/a>\n\t\t\t<\/div><\/figure>\n\t\t<\/div>\n<\/p>\n","protected":false},"excerpt":{"rendered":"<p>Le pr\u00e9sident de la R\u00e9publique est en d\u00e9placement pour 3 jours \u00e0 Marseille. L&#8217;occasion de revenir sur les attentes, les espoirs et les carences d&#8217;une ville qui lutte. Avec Sophia Hocini, autrice et militante des quartiers populaires.<\/p>\n","protected":false},"author":1204,"featured_media":30909,"comment_status":"open","ping_status":"open","sticky":false,"template":"","format":"standard","meta":{"_themeisle_gutenberg_block_has_review":false,"footnotes":""},"categories":[238],"tags":[293],"class_list":["post-13112","post","type-post","status-publish","format-standard","has-post-thumbnail","hentry","category-la-midinale","tag-entretien"],"_links":{"self":[{"href":"https:\/\/archives.regards.fr\/index.php?rest_route=\/wp\/v2\/posts\/13112","targetHints":{"allow":["GET"]}}],"collection":[{"href":"https:\/\/archives.regards.fr\/index.php?rest_route=\/wp\/v2\/posts"}],"about":[{"href":"https:\/\/archives.regards.fr\/index.php?rest_route=\/wp\/v2\/types\/post"}],"author":[{"embeddable":true,"href":"https:\/\/archives.regards.fr\/index.php?rest_route=\/wp\/v2\/users\/1204"}],"replies":[{"embeddable":true,"href":"https:\/\/archives.regards.fr\/index.php?rest_route=%2Fwp%2Fv2%2Fcomments&post=13112"}],"version-history":[{"count":0,"href":"https:\/\/archives.regards.fr\/index.php?rest_route=\/wp\/v2\/posts\/13112\/revisions"}],"wp:featuredmedia":[{"embeddable":true,"href":"https:\/\/archives.regards.fr\/index.php?rest_route=\/wp\/v2\/media\/30909"}],"wp:attachment":[{"href":"https:\/\/archives.regards.fr\/index.php?rest_route=%2Fwp%2Fv2%2Fmedia&parent=13112"}],"wp:term":[{"taxonomy":"category","embeddable":true,"href":"https:\/\/archives.regards.fr\/index.php?rest_route=%2Fwp%2Fv2%2Fcategories&post=13112"},{"taxonomy":"post_tag","embeddable":true,"href":"https:\/\/archives.regards.fr\/index.php?rest_route=%2Fwp%2Fv2%2Ftags&post=13112"}],"curies":[{"name":"wp","href":"https:\/\/api.w.org\/{rel}","templated":true}]}}