{"id":13096,"date":"2021-08-02T06:00:00","date_gmt":"2021-08-02T04:00:00","guid":{"rendered":"https:\/\/wp.muchomaas.com\/article-cessons-de-plaindre-les-electrices-et-electeurs-du-rassemblement-national\/"},"modified":"2023-06-24T00:18:50","modified_gmt":"2023-06-23T22:18:50","slug":"article-cessons-de-plaindre-les-electrices-et-electeurs-du-rassemblement-national","status":"publish","type":"post","link":"https:\/\/archives.regards.fr\/?p=13096","title":{"rendered":"Cessons de plaindre les \u00e9lectrices et \u00e9lecteurs du Rassemblement national"},"content":{"rendered":"<p class=\"post_excerpt\">On aime croire que les \u00e9lecteurs du RN sont les Fran\u00e7aises et les Fran\u00e7ais les plus \u00e0 plaindre, mais ce ne sont pas des incapables, perdus dans leur d\u00e9sh\u00e9rence. Ils et elles sont des citoyens et citoyennes en pleine possession de leurs moyens qui ont fait un choix\u00a0: celui d\u2019une France x\u00e9nophobe ferm\u00e9e sur elle-m\u00eame. Il ne faut pas les prendre en piti\u00e9, mais les placer face \u00e0 leurs responsabilit\u00e9s.\n<\/p>\n<p><em>\u00ab\u00a0Je suis de plus en plus choqu\u00e9 d\u2019entendre d\u00e9crire comme des gens d\u2019extr\u00eame droite, comme des nationalistes \u2013 mot qui suppose une certaine agressivit\u00e9 avec connotation militaire, des gens ordinaires, paisibles qui r\u00e9clament simplement ce qu\u2019ils sont\u00a0: Fran\u00e7ais en France, Italiens en Italie ou Britanniques en Grande-Bretagne. Il y a une hyst\u00e9risation du vocabulaire qui est choquante et qui traduit un m\u00e9pris.\u00a0\u00bb<\/em> C\u2019est le d\u00e9mographe Emmanuel Todd qui s\u2019indigne ainsi, dans l\u2019\u00e9mission \u00ab\u00a0C\u00a0Politique\u00a0\u00bb sur France 5, de l\u2019injustice du traitement fait aux \u00e9lectrices et \u00e9lecteurs qui soutiennent les partis class\u00e9s \u00e0 l\u2019extr\u00eame droite.<\/p>\n<p>&nbsp;<\/p>\n<p>\n<strong>LIRE AUSSI SUR REGARDS.FR<br \/>\n>><\/strong> <em><a href=\"https:\/\/wp.muchomaas.com\/ecologie\/article\/ecologie-le-rn-passe-au-vert-brun\">\u00c9cologie : le RN passe au vert-brun<\/a><\/em><\/p>\n<p>&nbsp;<\/p>\n<p>Pourquoi ne pas les qualifier ainsi, puisque les id\u00e9es qui portent ces partis sont celles de l\u2019extr\u00eame droite, et comportent des ingr\u00e9dients nationalistes\u00a0? Que signifie le fait de d\u00e9fendre le fait d\u2019\u00eatre \u00ab\u00a0Fran\u00e7ais en France\u00a0\u00bb, dans un pays o\u00f9 notre identit\u00e9 n\u2019est menac\u00e9e que par les fantasmes de \u00ab\u00a0grand remplacement\u00a0\u00bb\u00a0? Accr\u00e9diter l\u2019id\u00e9e selon laquelle les Europ\u00e9ennes et Europ\u00e9ens ne seraient plus autoris\u00e9(e)s \u00e0 \u00eatre elles et eux-m\u00eames dans leur propre pays est irresponsable car cette id\u00e9e est fausse et anxiog\u00e8ne.<\/p>\n<p>Depuis quelques ann\u00e9es, l\u2019ex-Front national, d\u00e9sormais Rassemblement national, refuse le qualificatif d\u2019extr\u00eame droite, et l\u2019on entend de plus en plus de commentaires incitant \u00e0 ne pas accabler ses \u00e9lecteurs. D\u00e9j\u00e0, sous Sarkozy, la droite parlait d\u2019un <em>\u00ab\u00a0vote de crise\u00a0\u00bb<\/em> tandis que la gauche de Hollande plaignait une <em>\u00ab\u00a0France paum\u00e9e\u00a0\u00bb<\/em>. Comme si les r\u00e9sultats spectaculaires du camp de Marine Le Pen \u00e9taient le fruit d\u2019un \u00e9garement collectif momentan\u00e9.<\/p>\n<h2>Un d\u00e9ni fran\u00e7ais<\/h2>\n<p>Les chiffres montrent pourtant qu\u2019il s\u2019agit d\u2019une r\u00e9alit\u00e9 parfaitement ancr\u00e9e dans le paysage politique. Le Front national r\u00e9alise aujourd\u2019hui son score le plus important aux \u00e9lections europ\u00e9ennes (en nombre d\u2019\u00e9lecteurs), et il est confortablement install\u00e9 dans le paysage politique depuis trois d\u00e9cennies. En 1988, il r\u00e9unissait d\u00e9j\u00e0 14% des voix et en 2002, l\u2019ann\u00e9e du tristement fameux \u00ab\u00a021 avril\u00a0\u00bb, l\u2019extr\u00eame droite affichait comme aujourd\u2019hui 18% des suffrages en comptant ceux de Bruno M\u00e9gret. De nos jours, il est devenu parfaitement normal de voir le Rassemblement national se hisser \u00e0 la deuxi\u00e8me voire \u00e0 la premi\u00e8re place.<\/p>\n<p>Depuis 2014, la France est le pays qui envoie le plus grand nombre de d\u00e9put\u00e9s d\u2019extr\u00eame droite au Parlement europ\u00e9en. Cela traduit \u00e0 l\u2019\u00e9vidence une forte adh\u00e9sion, dans notre pays, \u00e0 des partis qui font de l\u2019identit\u00e9 et du rejet de l\u2019immigration le c\u0153ur de leur message. Et pourtant, la France ne se per\u00e7oit pas comme elle est, c\u2019est-\u00e0-dire un pays dont les citoyens sont particuli\u00e8rement sensibles aux id\u00e9es de l\u2019extr\u00eame droite. Au contraire, on entend tr\u00e8s souvent la volont\u00e9 de d\u00e9responsabiliser les \u00e9lecteurs de celle-ci, comme si ce r\u00e9sultat n\u2019\u00e9tait que la manifestation passag\u00e8re de la col\u00e8re de citoyens en souffrance.<\/p>\n<p>Depuis bien longtemps, les id\u00e9es d\u00e9velopp\u00e9es par ces partis nationalistes ont largement impr\u00e9gn\u00e9 les discours politiques de la droite. L\u2019ancien pr\u00e9sident Nicolas Sarkozy n\u2019avait d\u2019ailleurs jamais cach\u00e9 l\u2019inspiration qu\u2019il trouvait aupr\u00e8s du leader frontiste\u00a0: <em>\u00ab\u00a0Si Jean-Marie Le Pen dit\u00a0: &#8220;Le soleil est jaune&#8221;, devrais-je dire qu\u2019il est bleu\u00a0?\u00a0\u00bb<\/em>, interrogeait-il d\u00e9j\u00e0 pendant la campagne pr\u00e9sidentielle de 2007. Et c\u2019est en surfant sur les th\u00e9matiques relatives \u00e0 \u00ab\u00a0l\u2019identit\u00e9 nationale\u00a0\u00bb \u2013 terrain pr\u00e9alablement pr\u00e9par\u00e9 par ses prises de position de ministre de l\u2019Int\u00e9rieur <em>\u00ab\u00a0nettoyant au K\u00e4rcher\u00a0\u00bb<\/em> la banlieue et sa <em>\u00ab\u00a0racaille\u00a0\u00bb<\/em> \u2013 qu\u2019il a \u00e9t\u00e9 \u00e9lu.<\/p>\n<h2>Soutien assum\u00e9<\/h2>\n<p>Malgr\u00e9 l\u2019alternance, la gauche n\u2019a pas \u00e9t\u00e9 en reste, qu\u2019il s\u2019agisse de laisser entendre, comme Manuel Valls, que les Roms n\u2019ont rien \u00e0 faire en France, ou de la gestion calamiteuse de la crise migratoire de 2015 \u2013 au cours de laquelle Fran\u00e7ois Hollande a cru bon de rappeler l\u2019urgence de la <em>\u00ab\u00a0protection de nos fronti\u00e8res\u00a0\u00bb<\/em> et d\u2019une posture de <em>\u00ab\u00a0fermet\u00e9\u00a0\u00bb<\/em>, alors que des milliers de migrantes et migrants \u00e9taient en danger de mort.<\/p>\n<p>Durant la campagne pour les \u00e9lections europ\u00e9ennes, c\u2019est Nathalie Loiseau, t\u00eate de liste LREM, qui d\u00e9clarait sur BFM\u00a0: <em>\u00ab\u00a0Sur la question des fronti\u00e8res, l\u2019Europe doit se faire respecter. Personne ne doit entrer en Europe s\u2019il n\u2019y est pas invit\u00e9\u00a0\u00bb<\/em>. En pr\u00e9cisant qu\u2019elle visait l\u2019immigration \u00e9conomique, comme si fuir la mis\u00e8re et la pr\u00e9carit\u00e9 mat\u00e9rielle \u00e9tait moins acceptable que fuir d\u2019autres dangers\u2026 Si les id\u00e9es de l\u2019extr\u00eame droite connaissent une telle popularit\u00e9, c\u2019est parce que l\u2019opinion a longuement \u00e9t\u00e9 pr\u00e9par\u00e9e pour y devenir perm\u00e9able. Et surtout parce qu\u2019elle assume aujourd\u2019hui son soutien \u00e0 un parti dont l\u2019id\u00e9ologie n\u2019est un secret pour personne.<\/p>\n<p>On aime croire que les \u00e9lecteurs du Rassemblement national sont les Fran\u00e7aises et les Fran\u00e7ais les plus \u00e0 plaindre, mais ce n\u2019est pas parmi les ch\u00f4meurs ni dans les villes dont les habitants sont les plus pauvres que l\u2019on retrouve le plus grand pourcentage de ses partisans. Les supporters du RN ne sont pas des incapables, perdus dans leur d\u00e9sh\u00e9rence. Ils et elles sont des citoyens et citoyennes en pleine possession de leurs moyens qui ont fait un choix\u00a0: celui d\u2019une France x\u00e9nophobe ferm\u00e9e sur elle-m\u00eame. Il ne faut pas les prendre en piti\u00e9, mais les placer face \u00e0 leurs responsabilit\u00e9s.<\/p>\n<p>Le Rassemblement national n\u2019est pas un parti marginal ni un accident de l\u2019histoire, c\u2019est une des formations politiques fran\u00e7aises les plus puissantes. Y adh\u00e9rer, c\u2019est <em>a minima<\/em> consid\u00e9rer que la x\u00e9nophobie n\u2019est pas un probl\u00e8me.. <\/p>\n<p>&nbsp;<\/p>\n<p>\n<a href=\"https:\/\/wp.muchomaas.com\/auteur\/rokhaya-diallo\"><strong>Rokhaya Diallo<\/strong><\/a><div id='gallery-1' class='gallery galleryid-13096 gallery-columns-3 gallery-size-thumbnail'><figure class='gallery-item'>\n\t\t\t<div class='gallery-icon landscape'>\n\t\t\t\t<a href='https:\/\/archives.regards.fr\/wp-content\/uploads\/2021\/07\/352273182_fbc19a7516_o-0da.png'><img loading=\"lazy\" decoding=\"async\" width=\"150\" height=\"150\" src=\"https:\/\/archives.regards.fr\/wp-content\/uploads\/2021\/07\/352273182_fbc19a7516_o-0da-150x150.png\" class=\"attachment-thumbnail size-thumbnail\" alt=\"352273182_fbc19a7516_o.png\" \/><\/a>\n\t\t\t<\/div><\/figure>\n\t\t<\/div>\n<\/p>\n","protected":false},"excerpt":{"rendered":"<p>On aime croire que les \u00e9lecteurs du RN sont les Fran\u00e7aises et les Fran\u00e7ais les plus \u00e0 plaindre, mais ce ne sont pas des incapables, perdus dans leur d\u00e9sh\u00e9rence. Ils et elles sont des citoyens et citoyennes en pleine possession de leurs moyens qui ont fait un choix\u00a0: celui d\u2019une France x\u00e9nophobe ferm\u00e9e sur elle-m\u00eame. Il ne faut pas les prendre en piti\u00e9, mais les placer face \u00e0 leurs responsabilit\u00e9s.<\/p>\n","protected":false},"author":1,"featured_media":30842,"comment_status":"open","ping_status":"open","sticky":false,"template":"","format":"standard","meta":{"_themeisle_gutenberg_block_has_review":false,"footnotes":""},"categories":[6],"tags":[355],"class_list":["post-13096","post","type-post","status-publish","format-standard","has-post-thumbnail","hentry","category-actu","tag-extreme-droite"],"_links":{"self":[{"href":"https:\/\/archives.regards.fr\/index.php?rest_route=\/wp\/v2\/posts\/13096","targetHints":{"allow":["GET"]}}],"collection":[{"href":"https:\/\/archives.regards.fr\/index.php?rest_route=\/wp\/v2\/posts"}],"about":[{"href":"https:\/\/archives.regards.fr\/index.php?rest_route=\/wp\/v2\/types\/post"}],"author":[{"embeddable":true,"href":"https:\/\/archives.regards.fr\/index.php?rest_route=\/wp\/v2\/users\/1"}],"replies":[{"embeddable":true,"href":"https:\/\/archives.regards.fr\/index.php?rest_route=%2Fwp%2Fv2%2Fcomments&post=13096"}],"version-history":[{"count":0,"href":"https:\/\/archives.regards.fr\/index.php?rest_route=\/wp\/v2\/posts\/13096\/revisions"}],"wp:featuredmedia":[{"embeddable":true,"href":"https:\/\/archives.regards.fr\/index.php?rest_route=\/wp\/v2\/media\/30842"}],"wp:attachment":[{"href":"https:\/\/archives.regards.fr\/index.php?rest_route=%2Fwp%2Fv2%2Fmedia&parent=13096"}],"wp:term":[{"taxonomy":"category","embeddable":true,"href":"https:\/\/archives.regards.fr\/index.php?rest_route=%2Fwp%2Fv2%2Fcategories&post=13096"},{"taxonomy":"post_tag","embeddable":true,"href":"https:\/\/archives.regards.fr\/index.php?rest_route=%2Fwp%2Fv2%2Ftags&post=13096"}],"curies":[{"name":"wp","href":"https:\/\/api.w.org\/{rel}","templated":true}]}}