{"id":13089,"date":"2021-07-13T12:12:03","date_gmt":"2021-07-13T10:12:03","guid":{"rendered":"https:\/\/wp.muchomaas.com\/article-annonces-de-macron-le-debrief-avec-isabelle-lorand-et-christophe-prudhomme\/"},"modified":"2023-06-24T00:18:49","modified_gmt":"2023-06-23T22:18:49","slug":"article-annonces-de-macron-le-debrief-avec-isabelle-lorand-et-christophe-prudhomme","status":"publish","type":"post","link":"https:\/\/archives.regards.fr\/?p=13089","title":{"rendered":"Annonces de Macron : le d\u00e9brief avec Isabelle Lorand et Christophe Prudhomme"},"content":{"rendered":"<p class=\"post_excerpt\">Lundi 12 juillet lors de son allocution t\u00e9l\u00e9vis\u00e9e, Emmanuel Macron a annonc\u00e9 de nouvelles mesures pour faire face \u00e0 la crise sanitaire (obligation vaccinale pour les soignants, extension du pass sanitaire, PCR payants&#8230;) mais aussi des mesures \u00e9conomiques et sociales (r\u00e9formes de l&#8217;assurance ch\u00f4mage et des retraites, dette&#8230;). On en d\u00e9bat avec Isabelle Lorand, chirurgienne, et Christophe Prudhomme, m\u00e9decin urgentiste et conseiller r\u00e9gional d&#8217;\u00cele-de-France. D\u00e9bat anim\u00e9 par Pierre Jacquemain.<\/p>\n<h2>UN D\u00c9BRIEF \u00c0 VOIR CI-DESSOUS<\/h2>\n<p><iframe loading=\"lazy\" width=\"490\" height=\"276\" src=\"https:\/\/www.youtube.com\/embed\/wBJ9sQkTrYc\" title=\"YouTube video player\" frameborder=\"0\" allow=\"accelerometer; autoplay; clipboard-write; encrypted-media; gyroscope; picture-in-picture\" allowfullscreen><\/iframe><div id='gallery-1' class='gallery galleryid-13089 gallery-columns-3 gallery-size-thumbnail'><figure class='gallery-item'>\n\t\t\t<div class='gallery-icon landscape'>\n\t\t\t\t<a href='https:\/\/archives.regards.fr\/wp-content\/uploads\/2021\/07\/screenshot_2021-07-13_12-63b.09.47.png'><img loading=\"lazy\" decoding=\"async\" width=\"150\" height=\"150\" src=\"https:\/\/archives.regards.fr\/wp-content\/uploads\/2021\/07\/screenshot_2021-07-13_12-63b.09.47-150x150.png\" class=\"attachment-thumbnail size-thumbnail\" alt=\"screenshot_2021-07-13_12.09.47.png\" \/><\/a>\n\t\t\t<\/div><\/figure>\n\t\t<\/div>\n<\/p>\n","protected":false},"excerpt":{"rendered":"<p>Lundi 12 juillet lors de son allocution t\u00e9l\u00e9vis\u00e9e, Emmanuel Macron a annonc\u00e9 de nouvelles mesures pour faire face \u00e0 la crise sanitaire (obligation vaccinale pour les soignants, extension du pass sanitaire, PCR payants&#8230;) mais aussi des mesures \u00e9conomiques et sociales (r\u00e9formes de l&#8217;assurance ch\u00f4mage et des retraites, dette&#8230;). On en d\u00e9bat avec Isabelle Lorand, chirurgienne, et Christophe Prudhomme, m\u00e9decin urgentiste et conseiller r\u00e9gional d&#8217;\u00cele-de-France. D\u00e9bat anim\u00e9 par Pierre Jacquemain.<\/p>\n","protected":false},"author":1039,"featured_media":30830,"comment_status":"open","ping_status":"open","sticky":false,"template":"","format":"standard","meta":{"_themeisle_gutenberg_block_has_review":false,"footnotes":""},"categories":[238],"tags":[],"class_list":["post-13089","post","type-post","status-publish","format-standard","has-post-thumbnail","hentry","category-la-midinale"],"_links":{"self":[{"href":"https:\/\/archives.regards.fr\/index.php?rest_route=\/wp\/v2\/posts\/13089","targetHints":{"allow":["GET"]}}],"collection":[{"href":"https:\/\/archives.regards.fr\/index.php?rest_route=\/wp\/v2\/posts"}],"about":[{"href":"https:\/\/archives.regards.fr\/index.php?rest_route=\/wp\/v2\/types\/post"}],"author":[{"embeddable":true,"href":"https:\/\/archives.regards.fr\/index.php?rest_route=\/wp\/v2\/users\/1039"}],"replies":[{"embeddable":true,"href":"https:\/\/archives.regards.fr\/index.php?rest_route=%2Fwp%2Fv2%2Fcomments&post=13089"}],"version-history":[{"count":0,"href":"https:\/\/archives.regards.fr\/index.php?rest_route=\/wp\/v2\/posts\/13089\/revisions"}],"wp:featuredmedia":[{"embeddable":true,"href":"https:\/\/archives.regards.fr\/index.php?rest_route=\/wp\/v2\/media\/30830"}],"wp:attachment":[{"href":"https:\/\/archives.regards.fr\/index.php?rest_route=%2Fwp%2Fv2%2Fmedia&parent=13089"}],"wp:term":[{"taxonomy":"category","embeddable":true,"href":"https:\/\/archives.regards.fr\/index.php?rest_route=%2Fwp%2Fv2%2Fcategories&post=13089"},{"taxonomy":"post_tag","embeddable":true,"href":"https:\/\/archives.regards.fr\/index.php?rest_route=%2Fwp%2Fv2%2Ftags&post=13089"}],"curies":[{"name":"wp","href":"https:\/\/api.w.org\/{rel}","templated":true}]}}