{"id":13088,"date":"2021-07-13T11:48:56","date_gmt":"2021-07-13T09:48:56","guid":{"rendered":"https:\/\/wp.muchomaas.com\/article-tribune-la-republique-selon-carole-delga\/"},"modified":"2021-07-13T11:48:56","modified_gmt":"2021-07-13T09:48:56","slug":"article-tribune-la-republique-selon-carole-delga","status":"publish","type":"post","link":"https:\/\/archives.regards.fr\/?p=13088","title":{"rendered":"TRIBUNE. La R\u00e9publique selon Carole Delga"},"content":{"rendered":"<p class=\"post_excerpt\">Selon la pr\u00e9sidente de la r\u00e9gion Occitanie : <em>\u00ab Jean-Luc M\u00e9lenchon n\u2019est plus de gauche \u00bb<\/em> car quand <em>\u00ab on est de gauche, on d\u00e9fend la R\u00e9publique \u00bb<\/em>. Mais de quoi parle-t-on ? De la R\u00e9publique de Jaur\u00e8s ou bien de celle d\u00e9fendue par Manuel Valls ?<\/p>\n<p>La R\u00e9publique. Voil\u00e0 un mot qui traverse les si\u00e8cles. Un mot qui qui nous fait vibrer. Mais c\u2019est aussi un mot aujourd\u2019hui galvaud\u00e9, pi\u00e9tin\u00e9 et utilis\u00e9 par des responsables politiques dont la boussole semble s\u2019\u00eatre arr\u00eat\u00e9e aux fronti\u00e8res de la droite extr\u00eame. La R\u00e9publique, comme le disait le grand Jaur\u00e8s, c\u2019est <em>\u00ab un grand acte de confiance et un grand acte d\u2019audace \u00bb<\/em>. En moins de 48h, une pr\u00e9sidente de r\u00e9gion, Carole Delga, et une ministre, Emmanuelle Wargon, l\u2019ont utilis\u00e9 pour se livrer \u00e0 des attaques de caniveaux \u00e0 l\u2019encontre de Jean-Luc M\u00e9lenchon. Il ne s\u2019agit pas ici d\u2019agir comme un d\u00e9fenseur aveugle du d\u00e9put\u00e9 insoumis mais simplement de r\u00e9tablir de faits et tracer des perspectives pour comprendre ce qui se joue.<\/p>\n<p>&nbsp;<\/p>\n<p>\n<strong>LIRE AUSSI SUR REGARDS.FR<br \/>\n>><\/strong> <em><a href=\"https:\/\/wp.muchomaas.com\/idees-culture\/article\/a-propos-du-bloc-bourgeois\">\u00c0 propos du \u00ab bloc bourgeois \u00bb, par Roger Martelli<\/a><\/em><\/p>\n<p>&nbsp;<\/p>\n<p>Selon la pr\u00e9sidente de la r\u00e9gion Occitanie : <em>\u00ab Jean-Luc M\u00e9lenchon n\u2019est plus de gauche \u00bb<\/em>. Elle ajoute au passage que quand <em>\u00ab on est de gauche on d\u00e9fend la R\u00e9publique \u00bb<\/em>. Mais de quoi parle-t-on ? De la R\u00e9publique de Jaur\u00e8s ou bien de celle d\u00e9fendue par Manuel Valls, l\u2019homme dont elle a soutenu la candidature \u00e0 la primaire du PS en 2017, et ses amis du Printemps r\u00e9publicain ?<\/p>\n<p>L\u2019ancienne d\u00e9put\u00e9e semble avoir la m\u00e9moire courte. Il y a quelques semaines nous n\u2019avons pas h\u00e9sit\u00e9, et nous avons eu raison, \u00e0 lui apporter notre soutien lors de l\u2019envahissement du Conseil r\u00e9gional d\u2019Occitanie par le groupuscule d\u2019extr\u00eame droite Action fran\u00e7aise. Comment a-t-elle remerci\u00e9 l\u2019ensemble de la gauche de ce soutien unanime ? En attaquant l\u2019Unef et les r\u00e9unions non mixtes quelques heures \u00e0 peine apr\u00e8s cette intrusion. Sid\u00e9rant, mais aussi r\u00e9v\u00e9lateur d\u2019une conception de la R\u00e9publique de la part de Carole Delga. Une conception tr\u00e8s \u00e9loign\u00e9e de la n\u00f4tre, nous qui avons connu et soutenu les r\u00e9unions non mixtes de salari\u00e9s \u00e9trangers des grandes usines de Renault dans la banlieue parisienne ou les r\u00e9unions non mixte destin\u00e9es aux femmes pour faire avancer leurs droits et lib\u00e9rer leur parole loin de toute domination patriarcale.<\/p>\n<p>Pour nous la R\u00e9publique est r\u00e9volutionnaire dans son essence, et poursuit un objectif l\u2019\u00e9mancipation, de lutte contre les in\u00e9galit\u00e9s et de mis au pas des dominations de toutes sortes. Dans des moments o\u00f9 le basculement vers le pire est possible, certains hurlent avec les loups quand d\u2019autres gardent le cap. Notre boussole ne s\u2019\u00e9gare jamais, et les faits r\u00e9cents ont confirm\u00e9 que celle de Carole Delga penche \u00e0 droite, pour ne pas dire plus. <a href=\"https:\/\/wp.muchomaas.com\/politique\/article\/contre-le-rassemblement-policier-cette-gauche-debout\">Alors que les syndicats policiers factieux manifestaient devant l\u2019Assembl\u00e9e nationale<\/a>, autour de slogan visant \u00e0 mettre au pas la justice, une premi\u00e8re depuis la manifestation men\u00e9e par le d\u00e9put\u00e9 poujadiste Jean-Marie le Pen dans les ann\u00e9es 50, la pr\u00e9sident de r\u00e9gion se fendait d\u2019une lettre ouverte pour d\u00e9clarer son amour \u00e0 la police nationale. Elle osait m\u00eame un <em>\u00ab J\u2019esp\u00e8re de tout c\u0153ur que votre marche citoyenne contribuera \u00e0 r\u00e9veiller les consciences de notre pays \u00bb<\/em>. R\u00e9veiller les consciences avec le syndicat Alliance, dont un des slogans est <em>\u00ab La peur doit changer de camp \u00bb<\/em>, il fallait oser.<\/p>\n<blockquote><p>\u00ab On peut \u00eatre en d\u00e9saccord avec Jean-Luc M\u00e9lenchon sur diff\u00e9rents sujets \u2013 c\u2019est parfois mon cas \u2013, mais le qualifier d\u2019ennemi de la R\u00e9publique ne peut, et ne doit, \u00eatre accept\u00e9 par le camp du progr\u00e8s social. \u00c0 quelques mois d\u2019une \u00e9ch\u00e9ance pr\u00e9sidentielle cruciale pour l\u2019avenir du pays, ne nous trompons pas. \u00bb<\/p><\/blockquote>\n<h2>La R\u00e9publique, toujours comme trait de facture<\/h2>\n<p>De tout temps cette notion fut utilis\u00e9e, d\u00e9voy\u00e9e pour agiter les peurs et servir les pires desseins de l\u2019histoire. Dans sa profession de foi de 1906 intitul\u00e9e \u00ab Vers la R\u00e9publique sociale \u00bb, Jean Jaur\u00e8s d\u00e9j\u00e0, alertait sur le danger que repr\u00e9sentait <em>\u00ab des fourbes et des pharisiens qui cherchent \u00e0 propos de tous les incidents de la vie sociale \u00e0 semer la panique et la peur \u00bb<\/em>. Comment ne pas y voir un parall\u00e8le avec la p\u00e9riode actuelle, o\u00f9 \u00e0 l\u2019heure des chaines d\u2019infos en continue les semeurs de haine qui r\u00eavent de guerre civile utilisent chaque fait divers pour servir leur agenda politique mortif\u00e8re. Visionnaire Jaur\u00e8s soulignait que <em>\u00ab cette R\u00e9publique n\u00e9cessaire, les r\u00e9acteurs la menacent sans cesse. Quand ils n\u2019ont pu la tuer par la violence, ils essaient de la tuer par le mensonge \u00bb<\/em>, des paroles d\u2019une \u00e9tonnante actualit\u00e9 en 2021. Car oui la notion de R\u00e9publique est aujourd\u2019hui menac\u00e9e. Menac\u00e9e par celles et ceux qui instrumentalisent la la\u00efcit\u00e9 pour stigmatiser une partie de la population. Menac\u00e9e par celles et ceux qui promeuvent des politiques qui aggravent les in\u00e9galit\u00e9s. Menac\u00e9e par celles et ceux qui c\u00e8dent aux lobbyistes et participent \u00e0 la destruction de la plan\u00e8te.<\/p>\n<p>On peut \u00eatre en d\u00e9saccord avec Jean-Luc M\u00e9lenchon sur diff\u00e9rents sujets \u2013 c\u2019est parfois mon cas \u2013, mais le qualifier d\u2019ennemi de la R\u00e9publique ne peut, et ne doit, \u00eatre accept\u00e9 par le camp du progr\u00e8s social. \u00c0 quelques mois d\u2019une \u00e9ch\u00e9ance pr\u00e9sidentielle cruciale pour l\u2019avenir du pays, ne nous trompons pas. Il s\u2019agit d\u2019une tentative de d\u00e9stabilisation par le camp du social lib\u00e9ralisme incapable de convaincre apr\u00e8s un quinquennat Hollande fait de trahisons et de renoncements. Croire que cela vise seulement Jean-Luc M\u00e9lenchon, ou m\u00eame La France insoumise, serait une profonde erreur. N\u2019oublions pas qu\u2019il y a quelques semaines ce sont les Verts, G\u00e9n\u00e9ration.s, l\u2019Unef, Audrey Pulvar qui ont subi les foudres de ces serviteurs z\u00e9l\u00e9s de l\u2019ancien monde. \u00c0 l\u2019\u00e9poque, avec d\u2019autres, nous avions serr\u00e9 les rangs, et nous avions eu raison.<\/p>\n<p>La radicalit\u00e9 \u00e9cologique et la justice sociale sont pour moi deux matrices au service d\u2019une R\u00e9publique d\u00e9mocratique, sociale et \u00e9cologique, doit rester notre seule boussole car, comme disait Jaur\u00e8s en 1906 : <em>\u00ab La R\u00e9publique est le seul Gouvernement qui convienne \u00e0 la dignit\u00e9 de l\u2019homme, car elle seule met en jeu la raison et la responsabilit\u00e9 de tous. Seule aussi, par l\u2019exercice toujours plus efficace de la volont\u00e9 populaire toujours plus \u00e9clair\u00e9e, par le libre mouvement des id\u00e9es et la puissante action l\u00e9gale de la classe ouvri\u00e8re, elle peut assurer l\u2019\u00e9volution pacifique des soci\u00e9t\u00e9s vers des formes meilleures \u00bb<\/em>. Voil\u00e0 ma conception de la R\u00e9publique. Loin, tr\u00e8s loin de celle de Madame Delga.<\/p>\n<p>&nbsp;<\/p>\n<p>\n<a href=\"https:\/\/wp.muchomaas.com\/auteur\/thomas-portes\"><strong>Thomas Portes<\/strong><\/a><\/p>\n","protected":false},"excerpt":{"rendered":"<p>Selon la pr\u00e9sidente de la r\u00e9gion Occitanie : <em>\u00ab Jean-Luc M\u00e9lenchon n\u2019est plus de gauche \u00bb<\/em> car quand <em>\u00ab on est de gauche, on d\u00e9fend la R\u00e9publique \u00bb<\/em>. Mais de quoi parle-t-on ? De la R\u00e9publique de Jaur\u00e8s ou bien de celle d\u00e9fendue par Manuel Valls ?<\/p>\n","protected":false},"author":1,"featured_media":0,"comment_status":"open","ping_status":"open","sticky":false,"template":"","format":"standard","meta":{"_themeisle_gutenberg_block_has_review":false,"footnotes":""},"categories":[278],"tags":[],"class_list":["post-13088","post","type-post","status-publish","format-standard","hentry","category-tribunes"],"_links":{"self":[{"href":"https:\/\/archives.regards.fr\/index.php?rest_route=\/wp\/v2\/posts\/13088","targetHints":{"allow":["GET"]}}],"collection":[{"href":"https:\/\/archives.regards.fr\/index.php?rest_route=\/wp\/v2\/posts"}],"about":[{"href":"https:\/\/archives.regards.fr\/index.php?rest_route=\/wp\/v2\/types\/post"}],"author":[{"embeddable":true,"href":"https:\/\/archives.regards.fr\/index.php?rest_route=\/wp\/v2\/users\/1"}],"replies":[{"embeddable":true,"href":"https:\/\/archives.regards.fr\/index.php?rest_route=%2Fwp%2Fv2%2Fcomments&post=13088"}],"version-history":[{"count":0,"href":"https:\/\/archives.regards.fr\/index.php?rest_route=\/wp\/v2\/posts\/13088\/revisions"}],"wp:attachment":[{"href":"https:\/\/archives.regards.fr\/index.php?rest_route=%2Fwp%2Fv2%2Fmedia&parent=13088"}],"wp:term":[{"taxonomy":"category","embeddable":true,"href":"https:\/\/archives.regards.fr\/index.php?rest_route=%2Fwp%2Fv2%2Fcategories&post=13088"},{"taxonomy":"post_tag","embeddable":true,"href":"https:\/\/archives.regards.fr\/index.php?rest_route=%2Fwp%2Fv2%2Ftags&post=13088"}],"curies":[{"name":"wp","href":"https:\/\/api.w.org\/{rel}","templated":true}]}}