{"id":13080,"date":"2021-07-09T12:29:14","date_gmt":"2021-07-09T10:29:14","guid":{"rendered":"https:\/\/wp.muchomaas.com\/article-sam-bourcier-on-assiste-a-la-dislocation-de-la-difference-sexuelle\/"},"modified":"2023-06-24T00:18:41","modified_gmt":"2023-06-23T22:18:41","slug":"article-sam-bourcier-on-assiste-a-la-dislocation-de-la-difference-sexuelle","status":"publish","type":"post","link":"https:\/\/archives.regards.fr\/?p=13080","title":{"rendered":"Sam Bourcier : \u00ab On assiste \u00e0 la dislocation de la diff\u00e9rence sexuelle \u00bb"},"content":{"rendered":"<p class=\"post_excerpt\">\u00c7a fait trente ans que l\u2019Etat et la Ville de Paris promettent la cr\u00e9ation d\u2019un centre d\u2019archives de l\u2019histoire LGBTQI+. Une p\u00e9tition circule pour que cette promesse voit enfin le jour. Sam Bourcier, sociologue, l\u2019un des initiateurs de cette p\u00e9tition est l\u2019invit\u00e9 de #LaMidinale.<\/p>\n<h2>UNE MIDINALE \u00c0 VOIR&#8230;<\/h2>\n<p><iframe loading=\"lazy\" width=\"490\" height=\"276\" src=\"https:\/\/www.youtube.com\/embed\/4vK4QJgPZIY\" title=\"YouTube video player\" frameborder=\"0\" allow=\"accelerometer; autoplay; clipboard-write; encrypted-media; gyroscope; picture-in-picture\" allowfullscreen><\/iframe><\/p>\n<p>&nbsp;<\/p>\n<p><h2>ET \u00c0 LIRE&#8230;<\/h2>\n<p><em>\u00a0<strong>Sur les archives LGBTQIA+<\/em>\u00a0<\/strong><br \/>\n\u00ab\u00a0L\u2019urgence de l\u2019archive s\u2019ancre dans le sida.\u00a0\u00bb<br \/>\n\u00ab\u00a0Un centre d\u2019archives LGBTQI+ est un centre d\u2019archives minoritaires qui portent sur les identit\u00e9s sexuelles et de genres mais pas seulement.\u00a0\u00bb<br \/>\n\u00ab\u00a0Nous sommes d\u00e9sactiv\u00e9s depuis le d\u00e9but du 19\u00e8 si\u00e8cle par la police ou les institutions psychiatriques.\u00a0C\u2019est d\u2019ailleurs un peu le discours des archives nationales. \u00bb<br \/>\n\u00ab\u00a0En France, on a tendance \u00e0 voir les archives comme quelque chose de poussi\u00e9reux mais parmi nos archives et au-del\u00e0 des livres il y a des banderoles, des cornes de brume, des robes.\u00a0\u00bb<br \/>\n\u00ab\u00a0L\u2019usage des archives, ce n&#8217;est pas seulement les historiens ou les universitaires.\u00a0\u00bb<br \/>\n\u00ab\u00a0Les archives, c\u2019est une pratique.\u00a0\u00bb<br \/>\n\u00ab\u00a0Nous on est \u00e0 la fois sur la cr\u00e9ation d\u2019un centre d\u2019archives LGBTQI comme il en existe partout dans le monde et qui soit g\u00e9r\u00e9 par la communaut\u00e9 et il y a aussi l\u2019utilisation de l\u2019archive comme pratique parce qu\u2019il n\u2019y a pas que la recherche (\u2026) raison pour laquelle on fait des podcast.\u00a0\u00bb<br \/>\n\u00ab\u00a0Aujourd\u2019hui, les gens ont des archives dans les oreilles, gr\u00e2ce \u00e0 nos Podcast, mais on n\u2019a toujours pas de lieux.\u00a0\u00bb<\/p>\n<p><em>\u00a0<strong>Sur les obstacles institutionnels<\/em>\u00a0<\/strong><br \/>\n\u00ab\u00a0L\u2019Etat et la mairie de Paris ont une conception de l\u2019archive assez anti-communautaire.\u00a0\u00bb<br \/>\n\u00ab\u00a0Le premier voeu pour la cr\u00e9ation d\u2019un centre d\u2019archives \u00e0 Paris, c\u2019est Cl\u00e9mentine Autain qui l\u2019a d\u00e9pos\u00e9 en 2003 [lorsqu\u2019elle \u00e9tait adjointe au Maire de Paris en 2003].\u00a0\u00bb\u00a0<br \/>\n\u00ab\u00a0Il y aura un autre voeu en octobre au Conseil de Paris.\u00a0\u00bb<br \/>\n\u00ab\u00a0On veut cr\u00e9er un centre d\u2019archives mais qui sera bien plus que \u00e7a : \u00e7a sera un lieu culturel avec des expositions, des r\u00e9sidences.\u00a0\u00bb<br \/>\n\u00ab\u00a0Il faut que les gens comprennent qu&#8217;ils peuvent faire de l\u2019archive eux-m\u00eame et pour \u00e7a, on va faire de l\u2019auto-formation.\u00a0\u00bb<br \/>\n\u00ab\u00a0L\u2019archive, c\u2019est des histoires, c\u2019est des r\u00e9cits qui circulent pour faire de la politique, pour se construire et pour se connaitre, pour le futur et pas simplement pour la connaissance du pass\u00e9.\u00a0\u00bb<\/p>\n<p><em>\u00a0<strong>Sur l\u2019h\u00e9t\u00e9rog\u00e9n\u00e9it\u00e9 des cultures LGBTQIA+<\/em>\u00a0<\/strong><br \/>\n\u00ab\u00a0Ce qui est g\u00e9nial avec l\u2019archive, c\u2019est qu\u2019il n\u2019y a pas de p\u00e9rim\u00e8tre. L\u2019archive est performative.\u00a0\u00bb<br \/>\n\u00ab\u00a0Ce qui est important, c\u2019est qu\u2019on est assez articul\u00e9 sur les politiques m\u00e9morielles.\u00a0\u00bb<br \/>\n\u00ab\u00a0On n\u2019est pas sur les droits \u00e0 la m\u00e9moire ou devoir de m\u00e9moire, on est sur les politiques m\u00e9morielles publiques et d\u2019ailleurs c\u2019est un dialogue qu\u2019on aimerait bien avoir avec l&#8217;adjointe au patrimoine de la mairie de paris qui refuse de nous recevoir. \u00bb<br \/>\n\u00ab\u00a0Il n\u2019est pas s\u00fbr que les politiques m\u00e9morielles publiques doivent se r\u00e9duire \u00e0 mettre des plaques LGBT en ville. C\u2019est beaucoup plus compliqu\u00e9 que \u00e7a. \u00c7a doit \u00eatre des politiques publiques.\u00a0\u00bb<br \/>\n\u00ab\u00a0Il faut associer m\u00e9moire et archives.\u00a0\u00bb<br \/>\n\u00ab\u00a0Il faut ajouter des lettres dans la soupe alphab\u00e9tique : le R de racis\u00e9, le P de pute, le H de handicap\u00e9.\u00a0\u00bb<br \/>\n\u00ab\u00a0On est au bout des identit\u00e9s en mati\u00e8re d\u2019affirmation.\u00a0\u00bb<br \/>\n\u00ab\u00a0On est en train d\u2019\u00eatre trait\u00e9s comme des populations depuis qu\u2019on fait des enfants et qu\u2019on se marie.\u00a0\u00bb<br \/>\n\u00ab\u00a0La population n\u2019est pas un sujet politique.\u00a0\u00bb<\/p>\n<p><em>\u00a0<strong>Sur l\u2019\u00e9galit\u00e9 des droits<\/em>\u00a0<\/strong><br \/>\n\u00ab\u00a0Je ne comprends pas ce que \u00e7a veut dire \u2018\u00e9galit\u00e9 des droits\u2019.\u00a0\u00bb<br \/>\n\u00ab\u00a0Les droits ne marchent pas depuis qu\u2019on dit qu\u2019on dit que tout le monde a des droits, depuis la r\u00e9volution.\u00a0\u00bb<br \/>\n\u00ab\u00a0Depuis dix ans, on a habitu\u00e9 LGBT \u00e0 penser que l\u2019alpha et l\u2019om\u00e9ga de la politique c\u2019est l\u2019\u00e9galit\u00e9 des droits &#8211; ce que les Q ne pensent pas.\u00a0\u00bb<br \/>\n\u00ab\u00a0Le sujet de la politique ne doit pas \u00eatre corporatiste.\u00a0\u00bb<br \/>\n\u00ab\u00a0C\u2019est des enfants g\u00e2t\u00e9s les LGBT qui se plaignent en permanence.\u00a0\u00bb<br \/>\n\u00ab\u00a0Le sujet qu\u2019on doit construire, c\u2019est les corps.\u00a0\u00bb<\/p>\n<p><em>\u00a0<strong>Sur la notion de fiert\u00e9<\/em>\u00a0<\/strong><br \/>\n\u00ab\u00a0On est arriv\u00e9 \u00e0 un moment o\u00f9 il faut arr\u00eater avec cette histoire de fiert\u00e9.\u00a0\u00bb<br \/>\n\u00ab\u00a0On ne parle plus de cul, on ne parle plus de sexualit\u00e9s : la grande force des mouvements LGBT c\u2019est d\u2019inventer des trucs sexuels qui peuvent profiter \u00e0 pas mal de gens.\u00a0\u00bb<br \/>\n\u00ab\u00a0Il y a beaucoup de gens qui ne savent pas s\u2019enculer en France.\u00a0\u00bb<\/p>\n<p><em>\u00a0<strong>Sur les questions de genre<\/em>\u00a0<\/strong><br \/>\n\u00ab\u00a0La d\u00e9fonce de la diff\u00e9rence sexuelle est au coeur du projet Queer depuis le d\u00e9part.\u00a0\u00bb<br \/>\n\u00ab\u00a0On assiste \u00e0 la dislocation de la diff\u00e9rence sexuelle, binaire, antagoniste avec sexe et genre align\u00e9s : il n\u2019y a pas deux sexes et deux genres.\u00a0\u00bb<br \/>\n\u00ab\u00a0Le couple h\u00e9t\u00e9rosexualit\u00e9\/h\u00e9t\u00e9rosexualit\u00e9 doit dispara\u00eetre.\u00a0\u00bb<br \/>\n\u00ab\u00a0Je n\u2019ai jamais \u00e9t\u00e9 homosexuel et je ne le serai jamais.\u00a0\u00bb<br \/>\n\u00ab\u00a0On ne peut pas se d\u00e9finir h\u00e9t\u00e9rosexuel ou homosexuel, \u00e7a ne marche pas.\u00a0\u00bb<\/p>\n<p><em>\u00a0<strong>Sur les manifestations LGBTQI+ dites radicales\u00a0<\/em>\u00a0<\/strong><br \/>\n\u00ab\u00a0Je n\u2019ai pas besoin d\u2019\u00eatre radical pour faire ce que j\u2019ai \u00e0 faire.\u00a0\u00bb<br \/>\n\u00ab\u00a0Cette ann\u00e9e, la marche radicale LGBTQI+ a accouch\u00e9 de quatorze pages de normes s\u00e9curitaires.\u00a0\u00bb<br \/>\n\u00ab\u00a0On a un gros probl\u00e8me avec les politiques de la violence.\u00a0\u00bb<br \/>\n\u00ab\u00a0On a besoin de pr\u00e9sence dans les m\u00e9dias et dans l\u2019espace public.\u00a0\u00bb<div id='gallery-1' class='gallery galleryid-13080 gallery-columns-3 gallery-size-thumbnail'><figure class='gallery-item'>\n\t\t\t<div class='gallery-icon landscape'>\n\t\t\t\t<a href='https:\/\/archives.regards.fr\/wp-content\/uploads\/2021\/07\/capture_d_e_cran_2021-07-09_a_11-333.59.17.png'><img loading=\"lazy\" decoding=\"async\" width=\"150\" height=\"150\" src=\"https:\/\/archives.regards.fr\/wp-content\/uploads\/2021\/07\/capture_d_e_cran_2021-07-09_a_11-333.59.17-150x150.png\" class=\"attachment-thumbnail size-thumbnail\" alt=\"capture_d_e_cran_2021-07-09_a_11.59.17.png\" \/><\/a>\n\t\t\t<\/div><\/figure>\n\t\t<\/div>\n<\/p>\n","protected":false},"excerpt":{"rendered":"<p>\u00c7a fait trente ans que l\u2019Etat et la Ville de Paris promettent la cr\u00e9ation d\u2019un centre d\u2019archives de l\u2019histoire LGBTQI+. Une p\u00e9tition circule pour que cette promesse voit enfin le jour. Sam Bourcier, sociologue, l\u2019un des initiateurs de cette p\u00e9tition est l\u2019invit\u00e9 de #LaMidinale.<\/p>\n","protected":false},"author":1204,"featured_media":30807,"comment_status":"open","ping_status":"open","sticky":false,"template":"","format":"standard","meta":{"_themeisle_gutenberg_block_has_review":false,"footnotes":""},"categories":[238],"tags":[293],"class_list":["post-13080","post","type-post","status-publish","format-standard","has-post-thumbnail","hentry","category-la-midinale","tag-entretien"],"_links":{"self":[{"href":"https:\/\/archives.regards.fr\/index.php?rest_route=\/wp\/v2\/posts\/13080","targetHints":{"allow":["GET"]}}],"collection":[{"href":"https:\/\/archives.regards.fr\/index.php?rest_route=\/wp\/v2\/posts"}],"about":[{"href":"https:\/\/archives.regards.fr\/index.php?rest_route=\/wp\/v2\/types\/post"}],"author":[{"embeddable":true,"href":"https:\/\/archives.regards.fr\/index.php?rest_route=\/wp\/v2\/users\/1204"}],"replies":[{"embeddable":true,"href":"https:\/\/archives.regards.fr\/index.php?rest_route=%2Fwp%2Fv2%2Fcomments&post=13080"}],"version-history":[{"count":0,"href":"https:\/\/archives.regards.fr\/index.php?rest_route=\/wp\/v2\/posts\/13080\/revisions"}],"wp:featuredmedia":[{"embeddable":true,"href":"https:\/\/archives.regards.fr\/index.php?rest_route=\/wp\/v2\/media\/30807"}],"wp:attachment":[{"href":"https:\/\/archives.regards.fr\/index.php?rest_route=%2Fwp%2Fv2%2Fmedia&parent=13080"}],"wp:term":[{"taxonomy":"category","embeddable":true,"href":"https:\/\/archives.regards.fr\/index.php?rest_route=%2Fwp%2Fv2%2Fcategories&post=13080"},{"taxonomy":"post_tag","embeddable":true,"href":"https:\/\/archives.regards.fr\/index.php?rest_route=%2Fwp%2Fv2%2Ftags&post=13080"}],"curies":[{"name":"wp","href":"https:\/\/api.w.org\/{rel}","templated":true}]}}