{"id":13079,"date":"2021-07-08T18:05:37","date_gmt":"2021-07-08T16:05:37","guid":{"rendered":"https:\/\/wp.muchomaas.com\/article-perpignan-annee-1\/"},"modified":"2023-06-24T00:18:40","modified_gmt":"2023-06-23T22:18:40","slug":"article-perpignan-annee-1","status":"publish","type":"post","link":"https:\/\/archives.regards.fr\/?p=13079","title":{"rendered":"Perpignan ann\u00e9e 1"},"content":{"rendered":"<p class=\"post_excerpt\">Louis Aliot vient d&#8217;accueillir dans sa ville le congr\u00e8s du Rassemblement national, un an jour pour jour apr\u00e8s avoir \u00e9t\u00e9 \u00e9lu maire de Perpignan. Dans les rues, plus de 2000 personnes battaient le pav\u00e9 contre l\u2019extr\u00eame droite. Une occasion donn\u00e9e \u00e0 <em>Regards<\/em> de faire l\u2019\u00e9tat des lieux et des r\u00e9sistances \u00e0 la gestion frontiste de la cit\u00e9 catalane.<\/p>\n<p>Sur la place de Catalogne, les drapeaux s\u2019entrem\u00ealent et \u00e0 la buvette des stands, les discussions vont bon train. Il est quasiment 14h et les militants convergent, heureux de se retrouver. Le cort\u00e8ge naissant a \u00ab de la gueule \u00bb. Tant mieux, m\u00eame si chacun a compris qu\u2019il en faudra bien plus pour faire reculer la r\u00e9gression brune&#8230;<\/p>\n<p>&nbsp;<\/p>\n<p>\n<strong>LIRE AUSSI SUR REGARDS.FR<br \/>\n>><\/strong> <em><a href=\"https:\/\/wp.muchomaas.com\/politique\/article\/un-duel-macron-le-pen-en-2022-n-est-pas-inevitable\">\u00ab Un duel Macron-Le Pen en 2022 n\u2019est pas in\u00e9vitable \u00bb<\/a><\/em><\/p>\n<p>&nbsp;<\/p>\n<p><img decoding=\"async\" src=\"IMG\/jpg\/befunky-collage_4_-7.jpg\" alt=\"befunky-collage_4_-7.jpg\" align=\"left\" \/><\/p>\n<h2>Un notable \u00e9lu sans \u00e9tiquette politique<\/h2>\n<p>\u00c0 quelques kilom\u00e8tres, le congr\u00e8s du RN a d\u00e9but\u00e9. En place des festivit\u00e9s escompt\u00e9es on sert de la soupe \u00e0 la grimace. Avec une perte de plus de la moiti\u00e9 de ses conseillers d\u00e9partementaux ( 26 contre 62 en 2015) et de 30% de ses conseillers r\u00e9gionaux (252 contre 358 en 2015) le mouvement a connu des jours meilleurs. Pour l\u2019h\u00f4te des lieux, la peine est double: battu aux d\u00e9partementales et contest\u00e9 dans son entreprise de normalisation du Parti.<\/p>\n<p> <em>\u00ab Louis Aliot avait annonc\u00e9 publiquement sa volont\u00e9 de r\u00e9aliser le grand chelem \u00e0 Perpignan. Ses candidats ont \u00e9t\u00e9 lamin\u00e9s dans les six cantons de la ville, et le d\u00e9partement reste \u00e0 gauche. Malgr\u00e9 l\u2019abstention massive, c\u2019est une de nos rares victoires \u00bb<\/em>, commente Fran\u00e7oise Fiter conseill\u00e8re d\u00e9partementale. L\u2019amorce d\u2019un reflux ? Pas plus l\u2019\u00e9lue communiste que ceux qui d\u00e9filent \u00e0 ses c\u00f4t\u00e9s n\u2019y croient un instant. Pr\u00e9sente sur la banderole de t\u00eate Dominique Nogu\u00e8res, responsable de la LDH avertit : <em>\u00ab On vit un moment de brouillage des rep\u00e8res. Avec une d\u00e9mocratie en panne. Dans le d\u00e9bat public, les th\u00e8mes de l\u2019extr\u00eame droite sont banalis\u00e9s. La diabolisation du RN ne fonctionne plus. \u00bb<\/em> Elle met l\u2019accent sur le travail citoyen et d\u2019\u00e9ducation populaire \u00e0 d\u00e9ployer dans la dur\u00e9e.<\/p>\n<p>Lors de la conf\u00e9rence de presse du matin, Thomas Portes porte-parole de G\u00e9n\u00e9ration.s et l\u2019une des chevilles ouvri\u00e8res des manifestations du 12 juin a \u00e9voqu\u00e9 cette dimension. <em>\u00ab Les id\u00e9es d\u2019extr\u00eame droite infusent dans toute la soci\u00e9t\u00e9 \u00bb<\/em>, a-t-il expliqu\u00e9. Une autre mani\u00e8re de signifier que de nombreuses digues ont c\u00e9d\u00e9 et que l\u2019effort doit porter sur le d\u00e9bat citoyen et de perspectives. \u00c0 sa mani\u00e8re Jean-Bernard Mathon dresse la feuille de route \u00e0 suivre. Chef de file avec Carole Forgues de la liste \u00e9cologiste et solidaire aux derni\u00e8res municipales, il poursuit son engagement dans l\u2019association L\u2019Alternative ! Endavat [[L\u2019association est l\u2019\u00e9manation de la liste \u00ab L\u2019Alternative ! Perpignan \u00e9cologique et solidaire \u00bb qui a regroup\u00e9 en 2020 des forces citoyennes et politiques (PCF, LFI, NPA, G\u00e9n\u00e9rationS, ERS (Escar Republicana de Catalunya)). Elle a obtenu 6,57% derri\u00e8re la  liste PS-EELV emmen\u00e9e par Agn\u00e8s Langevine qui avec 14,50% est arriv\u00e9e troisi\u00e8me du scrutin. Cette derni\u00e8re s\u2019est retir\u00e9 pour faire barrage \u00e0 Louis Aliot dans un second tour l\u2019opposant au maire LR sortant Jean Marc Pujol.]] qui promeut la d\u00e9mocratie participative. <em>\u00ab Je ne suis pas s\u00fbr que les Perpignanais fassent la connexion Aliot-extr\u00eame droite. Ici c\u2019est un notable sans \u00e9tiquette politique, \u00e0 la t\u00eate d\u2019une \u00e9quipe issue de la soci\u00e9t\u00e9 civile de droite et d\u2019individualit\u00e9s de gauche \u00bb<\/em>, explique le co-porte-parole de l\u2019association L\u2019Alternative ! Endavant, avant d\u2019ajouter : <em>\u00ab Nous devons faire comprendre que toute \u00e9volution \u00e9cologique, solidaire, culturelle de la ville est indissociable d\u2019une pratique d\u00e9mocratique. \u00bb<\/em><\/p>\n<p><img decoding=\"async\" src=\"IMG\/jpg\/befunky-collage_1_-119.jpg\" alt=\"befunky-collage_1_-119.jpg\" align=\"left\" \/><\/p>\n<h2>D\u00e9construire et contrer le discours \u00ab social \u00bb de l\u2019extr\u00eame droite<\/h2>\n<p>Les syndicalistes sont omnipr\u00e9sents dans le cort\u00e8ge. Cette derni\u00e8re ann\u00e9e, ils ont \u00e9t\u00e9 aux avants postes de la r\u00e9sistance au nouveau maire, \u00e0 l\u2019aff\u00fbt de la moindre de ses d\u00e9cisions. <em>\u00ab Louis Aliot avance masqu\u00e9 contrairement \u00e0 Robert M\u00e9nard qui \u00e0 B\u00e9ziers a une d\u00e9marche beaucoup plus r\u00e9pressive, par exemple \u00e0 l\u2019\u00e9gard des municipaux \u00bb<\/em>, analyse Marc Anglaret de Sud-Solidaires, deuxi\u00e8me force parmi les personnels communaux de la ville. M\u00eame son de cloche chez Nicola Ribo, responsable CGT : <em>\u00ab Perpignan est une vitrine de 100.000 habitants destin\u00e9e aujourd\u2019hui \u00e0 asseoir la respectabilit\u00e9 du RN et l\u00e9gitimer le vote Le Pen \u00e0 la pr\u00e9sidentielle. \u00bb<\/em> Tous deux pr\u00e9conisent un travail de proximit\u00e9 inscrit dans un projet de lutte global et <em>\u00ab une contre vision de la soci\u00e9t\u00e9 \u00bb<\/em>.<\/p>\n<p>Secr\u00e9taire conf\u00e9d\u00e9rale de la CGT, C\u00e9line Verzelletti a fait le d\u00e9placement depuis Paris. <em>\u00ab La lutte contre l\u2019extr\u00eame droite est un vrai sujet pour le syndicat. Elle est partie int\u00e9grante du combat \u00e0 l\u2019entreprise. Il y a 40 ans les salari\u00e9s se battaient pour l\u2019installation de salles de pri\u00e8res pour les musulmans. Aujourd\u2019hui cela d\u00e9cha\u00eenerait un toll\u00e9&#8230; La division du travail a isol\u00e9 les salari\u00e9s, les a fait cohabiter sous statuts diff\u00e9rents pour mieux les pr\u00e9cariser. L\u2019autre devient un danger pour soi. \u00bb<\/em>, d\u00e9veloppe la jeune femme. Elle d\u00e9fend le besoin de d\u00e9mystifier l\u2019imposture du projet et du discours anti-syst\u00e8me du RN. <em>\u00ab Et puis, il y a urgence \u00e0 sortir des sujets identitaires et \u00e0 remettre la question sociale au c\u0153ur du d\u00e9bat de soci\u00e9t\u00e9 \u00bb<\/em>, ajoute-t-elle.<\/p>\n<p>Dans le d\u00e9partement les syndicats [[La CGT, CNT, Conf\u00e9d\u00e9ration paysanne, FSU et Solidaires]] ont rejoint l\u2019Association nationale Vigilance et Initiatives syndicales antifascistes (VISA). Ce cadre unitaire leur sert de structure de veille face aux agissements de Louis Aliot, permet un \u00e9change d\u2019exp\u00e9riences et leur fournit des outils critiques et de formation pour d\u00e9construire et contrer le discours \u00ab social \u00bb du RN aupr\u00e8s des salari\u00e9s. <em>\u00ab M\u00eame si Louis Aliot cherche \u00e0 lisser sa gestion municipale, il y a quelques petits signaux qui doivent nous interpeller \u00bb<\/em>, avertit Marc Anglaret. <em>\u00ab Un peu moins de sans abris en centre ville, la pol\u00e9mique Archipel [[Pol\u00e9mique au sujet du financement du Th\u00e9\u00e2tre de l\u2019Archipel par la ville. Louis Aliot a annonc\u00e9 la diminution de la subvention de la ville qu\u2019il veut voir pallier par un engagement accru de l\u2019Etat et du D\u00e9partement. Les acteurs culturels ont r\u00e9agi.]] \u00bb<\/em>, poursuit-il.<\/p>\n<p><img loading=\"lazy\" decoding=\"async\" class=\" alignleft size-full wp-image-30801\" src=\"https:\/\/wp.muchomaas.com\/wp-content\/uploads\/2021\/07\/befunky-collage_2_-29-408-scaled.jpg\" alt=\"befunky-collage_2_-29.jpg\" align=\"left\" width=\"2560\" height=\"1792\" srcset=\"https:\/\/archives.regards.fr\/wp-content\/uploads\/2021\/07\/befunky-collage_2_-29-408-scaled.jpg 2560w, https:\/\/archives.regards.fr\/wp-content\/uploads\/2021\/07\/befunky-collage_2_-29-408-300x210.jpg 300w, https:\/\/archives.regards.fr\/wp-content\/uploads\/2021\/07\/befunky-collage_2_-29-408-1024x717.jpg 1024w, https:\/\/archives.regards.fr\/wp-content\/uploads\/2021\/07\/befunky-collage_2_-29-408-768x538.jpg 768w, https:\/\/archives.regards.fr\/wp-content\/uploads\/2021\/07\/befunky-collage_2_-29-408-1536x1075.jpg 1536w, https:\/\/archives.regards.fr\/wp-content\/uploads\/2021\/07\/befunky-collage_2_-29-408-2048x1433.jpg 2048w\" sizes=\"auto, (max-width: 2560px) 100vw, 2560px\" \/><\/p>\n<h2>La strat\u00e9gie de la mise sous tension <\/h2>\n<p>Sans omettre l\u2019inflation s\u00e9curitaire qui est un des pivots de sa politique locale. Jean Marc Pujol, l\u2019ancien maire LR de Perpignan avait d\u00e9j\u00e0 fait de la s\u00e9curit\u00e9 son cheval de bataille. Louis Aliot enfonce le clou et mettre la ville sous tension. Les plan\u00e8tes lui sont favorables: les Pyr\u00e9n\u00e9es Orientales sont l\u2019un des trois d\u00e9partements transfrontaliers retenus par G\u00e9rard Darmanin pour exp\u00e9rimenter la r\u00e9forme de structure et d\u2019organisation des forces de l\u2019ordre. D\u00e8s l\u2019automne 2020, la ville a \u00e9t\u00e9 dot\u00e9e de 28 postes de police nationale suppl\u00e9mentaires. Une aubaine pour l\u2019\u00e9lu RN qui compte bien en tirer un b\u00e9n\u00e9fice politique. Cette derni\u00e8re ann\u00e9e, il a engag\u00e9 la construction de trois nouveaux postes de police sans compter celui de la Cigale[[Le d\u00e9partement des Pyr\u00e9n\u00e9es-Orientales avait rachet\u00e9 les lieux et comptait y installer un centre d\u2019accueil pour mineurs isol\u00e9s. L&#8217;ancienne comme l&#8217;actuelle municipalit\u00e9 s&#8217;y sont oppos\u00e9es. Malgr\u00e9 une d\u00e9cision de tribunal administratif qui donne raison au CD 66 Louis Aliot pratique la politique de la terre br\u00fbl\u00e9e sur le sujet et a commenc\u00e9 \u00e0 emm\u00e9nager les locaux dont il veut faire un commissariat de proximit\u00e9. En guise de conciliation d\u2019y adosser un accueil des victimes de violences et notamment de violences conjugales.]], instaur\u00e9 des patrouilles de nuit, \u00e9largi le syst\u00e8me de vid\u00e9o surveillance. Il s\u2019est \u00e9galement personnellement entour\u00e9 de trois gardes du corps et a pris pour charg\u00e9 de mission sur la s\u00e9curit\u00e9 un ancien d\u2019Ordre nouveau[[Il s\u2019agit de Xavier Raufer aujourd\u2019hui expert en criminalit\u00e9, terrorisme et ins\u00e9curit\u00e9 urbaine. \u00c9tudiant, il a \u00e9crit pour la <em>Revue Occident Universit\u00e9<\/em> avant de collaborer \u00e0 la revue nationaliste <em>L\u2019\u00e9lite europ\u00e9enne<\/em> puis \u00e9pisodiquement \u00e0 <em>D\u00e9fense de l\u2019Occident<\/em>. Charg\u00e9 de cours \u00e0 l\u2019Universit\u00e9 Paris 2 entre 1986 et 2016, il continue des collaborations dans la presse et l\u2019\u00e9dition au <em>Figaro Magazine<\/em> et \u00e0 Radio Courtoisie dans les ann\u00e9es 90 puis au magazine <em>Ring<\/em> et aux \u00e9ditions Odile Jacob en 2010\/2011. Il exerce aussi une activit\u00e9 de consultant.]].<\/p>\n<p>Parti en croisade contre les dealers il vient de faire \u00e9riger un mur de b\u00e9ton \u00e0 l\u2019entr\u00e9e d\u2019une partie commune de la r\u00e9sidence HLM \u00ab El Vives \u00bb pour emp\u00eacher le trafic. Les images rappellent Nicolas Sarkozy en guerre contre <em>\u00ab la racaille \u00bb<\/em>. Ces mesures ont une port\u00e9e symbolique, peu d\u2019efficacit\u00e9 r\u00e9elle. Elles visent \u00e0 marquer les esprits, capter l\u2019\u00e9lectorat droitier de son pr\u00e9d\u00e9cesseur et s\u2019agr\u00e9ger la sympathie de populations d\u00e9s\u0153uvr\u00e9es. Mais elles restent sans effets pour combattre la mis\u00e8re end\u00e9mique qui gangr\u00e8ne la cit\u00e9 catalane: son tiers d\u2019hommes et de femmes condamn\u00e9s \u00e0 vivre en dessous du seuil de pauvret\u00e9, cet autre tiers de 16-29 sorti de la crise sanitaire covid sans emplois ou ces 4400 b\u00e9n\u00e9ficiaires qui suite \u00e0 la r\u00e9forme de l\u2019allocation logement se retrouvent sans aide. Cette esquive face aux r\u00e9alit\u00e9s sociales explique t-elle pour partie l\u2019abstention lors des d\u00e9partementales et r\u00e9gionales de nombreux \u00e9lecteurs de Louis Aliot l\u2019an pass\u00e9 aux municipales? L\u00e0 n\u2019est pas l\u2019essentiel pour Louis Aliot.<\/p>\n<p><img loading=\"lazy\" decoding=\"async\" class=\" alignleft size-full wp-image-30802\" src=\"https:\/\/wp.muchomaas.com\/wp-content\/uploads\/2021\/07\/befunky-collage_3_-11-e11-scaled.jpg\" alt=\"befunky-collage_3_-11.jpg\" align=\"left\" width=\"2560\" height=\"1792\" srcset=\"https:\/\/archives.regards.fr\/wp-content\/uploads\/2021\/07\/befunky-collage_3_-11-e11-scaled.jpg 2560w, https:\/\/archives.regards.fr\/wp-content\/uploads\/2021\/07\/befunky-collage_3_-11-e11-300x210.jpg 300w, https:\/\/archives.regards.fr\/wp-content\/uploads\/2021\/07\/befunky-collage_3_-11-e11-1024x717.jpg 1024w, https:\/\/archives.regards.fr\/wp-content\/uploads\/2021\/07\/befunky-collage_3_-11-e11-768x538.jpg 768w, https:\/\/archives.regards.fr\/wp-content\/uploads\/2021\/07\/befunky-collage_3_-11-e11-1536x1075.jpg 1536w, https:\/\/archives.regards.fr\/wp-content\/uploads\/2021\/07\/befunky-collage_3_-11-e11-2048x1433.jpg 2048w\" sizes=\"auto, (max-width: 2560px) 100vw, 2560px\" \/><\/p>\n<h2>\u00ab M\u00eame d\u00e9guis\u00e9 en agneau, Aliot reste un loup \u00bb<\/h2>\n<p>Le maire de Perpignan reste un cacique frontiste. Avec un vrai pedigree : petit fils de poujadiste, fils d\u2019une m\u00e8re pied noir et d\u2019un p\u00e8re de gauche devenus ultra-nationalistes apr\u00e8s la guerre d\u2019Alg\u00e9rie. Hier responsable de parti, il rendait hommage au militant de l&#8217;OAS Jean-Marie Bastien Thierry. Aujourd\u2019hui maire de Perpignan, il met en berne le drapeau national de la mairie le 5 mars et fustige la reconnaissance officielle par l\u2019Elys\u00e9e de la torture. <em>\u00ab Aliot est un apparatchik arriviste. Mais m\u00eame d\u00e9guis\u00e9 en agneau, il reste un loup \u00bb<\/em>, souligne l\u2019auteur de romans noirs Gildas Girodeau. Avec en plus un talent de contorsionniste ou d\u2019illusionniste. Ainsi d\u00e8s son \u00e9lection il propose de r\u00e9ouvrir le centre d\u2019art contemporain Walter Benjamin philosophe et homme d\u2019art allemand de confession juive. Apr\u00e8s une lever de boucliers de la famille et d\u2019intellectuels emmen\u00e9s par Michael Lowy, Patrick Boucheron et Jean Luc Nancy qui publient une tribune dans le Monde, il  doit faire marche arri\u00e8re au printemps dernier. Une victoire morale pour le monde de la culture. Un soulagement, tout au moins.<\/p>\n<p>Mais pas de quoi faire douter Louis Aliot qui persiste et signe en redorant le blason de la ville. Au sens propre. \u00ab Perpignan la catalane \u00bb se transforme en \u00ab Perpignan la rayonnante \u00bb. Les bandeaux sang et or demeurent inchang\u00e9s mais se voient encadr\u00e9s sur les contours par les couleurs bleu-blanc-rouge de la R\u00e9publique tandis que le saint patron de la ville, Saint Jean-Baptiste r\u00e9appara\u00eet  sur le logo. Le maire parle d\u2019<em>\u00ab un retour aux sources n\u00e9cessaire \u00bb<\/em>, comprenez au catholicisme. Le message est clairement politique et la r\u00e9action imm\u00e9diate notamment dans les mouvements catalans. <em>\u00ab Perpignan a repr\u00e9sent\u00e9 l\u2019espoir, une ville lumi\u00e8re. Encore derni\u00e8rement pour les exil\u00e9s catalans. Voir la ville dirig\u00e9e par Louis Aliot, l\u2019alli\u00e9 de Vox est juste incompr\u00e9hensible \u00bb<\/em>, commente encore Gildas Girodeau. <\/p>\n<p>Dans les rues de Perpignan ce samedi de grande chaleur, le cort\u00e8ge poursuit sa route. Bigarr\u00e9, chantant, bruyant, f\u00e9ministe, jeune, vivant. Qui n\u2019entend rien banaliser : ni l\u2019extr\u00eame droite, ni la diffusion de ses id\u00e9es, ni les lois liberticides et anti-sociales qu\u2019elle inspire, ni l\u2019insoutenable l\u00e9g\u00e8ret\u00e9 des politiques qui jouent avec elle, ni la d\u00e9mission d\u2019une partie du camp progressiste face \u00e0 elle. Ni m\u00eame la duret\u00e9 du combat. <em>No pasaran<\/em> !<\/p>\n<p>&nbsp;<\/p>\n<p>\n<a href=\"https:\/\/wp.muchomaas.com\/auteur\/marie-pierre-vieu\"><strong>Marie Pierre Vieu-Martin<\/strong><\/a><br \/>\n<div id='gallery-1' class='gallery galleryid-13079 gallery-columns-3 gallery-size-thumbnail'><figure class='gallery-item'>\n\t\t\t<div class='gallery-icon landscape'>\n\t\t\t\t<a href='https:\/\/archives.regards.fr\/wp-content\/uploads\/2021\/07\/befunky-collage-398-6d5-scaled.jpg'><img loading=\"lazy\" decoding=\"async\" width=\"150\" height=\"150\" src=\"https:\/\/archives.regards.fr\/wp-content\/uploads\/2021\/07\/befunky-collage-398-6d5-150x150.jpg\" class=\"attachment-thumbnail size-thumbnail\" alt=\"befunky-collage-398.jpg\" \/><\/a>\n\t\t\t<\/div><\/figure><figure class='gallery-item'>\n\t\t\t<div class='gallery-icon landscape'>\n\t\t\t\t<a href='https:\/\/archives.regards.fr\/wp-content\/uploads\/2021\/07\/befunky-collage_2_-29-63f-scaled.jpg'><img loading=\"lazy\" decoding=\"async\" width=\"150\" height=\"150\" src=\"https:\/\/archives.regards.fr\/wp-content\/uploads\/2021\/07\/befunky-collage_2_-29-63f-150x150.jpg\" class=\"attachment-thumbnail size-thumbnail\" alt=\"befunky-collage_2_-29.jpg\" \/><\/a>\n\t\t\t<\/div><\/figure><figure class='gallery-item'>\n\t\t\t<div class='gallery-icon landscape'>\n\t\t\t\t<a href='https:\/\/archives.regards.fr\/wp-content\/uploads\/2021\/07\/befunky-collage_3_-11-c26-scaled.jpg'><img loading=\"lazy\" decoding=\"async\" width=\"150\" height=\"150\" src=\"https:\/\/archives.regards.fr\/wp-content\/uploads\/2021\/07\/befunky-collage_3_-11-c26-150x150.jpg\" class=\"attachment-thumbnail size-thumbnail\" alt=\"befunky-collage_3_-11.jpg\" \/><\/a>\n\t\t\t<\/div><\/figure>\n\t\t<\/div>\n<\/p>\n","protected":false},"excerpt":{"rendered":"<p>Louis Aliot vient d&#8217;accueillir dans sa ville le congr\u00e8s du Rassemblement national, un an jour pour jour apr\u00e8s avoir \u00e9t\u00e9 \u00e9lu maire de Perpignan. Dans les rues, plus de 2000 personnes battaient le pav\u00e9 contre l\u2019extr\u00eame droite. Une occasion donn\u00e9e \u00e0 <em>Regards<\/em> de faire l\u2019\u00e9tat des lieux et des r\u00e9sistances \u00e0 la gestion frontiste de la cit\u00e9 catalane.<\/p>\n","protected":false},"author":1,"featured_media":30801,"comment_status":"open","ping_status":"open","sticky":false,"template":"","format":"standard","meta":{"_themeisle_gutenberg_block_has_review":false,"footnotes":""},"categories":[6],"tags":[355],"class_list":["post-13079","post","type-post","status-publish","format-standard","has-post-thumbnail","hentry","category-actu","tag-extreme-droite"],"_links":{"self":[{"href":"https:\/\/archives.regards.fr\/index.php?rest_route=\/wp\/v2\/posts\/13079","targetHints":{"allow":["GET"]}}],"collection":[{"href":"https:\/\/archives.regards.fr\/index.php?rest_route=\/wp\/v2\/posts"}],"about":[{"href":"https:\/\/archives.regards.fr\/index.php?rest_route=\/wp\/v2\/types\/post"}],"author":[{"embeddable":true,"href":"https:\/\/archives.regards.fr\/index.php?rest_route=\/wp\/v2\/users\/1"}],"replies":[{"embeddable":true,"href":"https:\/\/archives.regards.fr\/index.php?rest_route=%2Fwp%2Fv2%2Fcomments&post=13079"}],"version-history":[{"count":0,"href":"https:\/\/archives.regards.fr\/index.php?rest_route=\/wp\/v2\/posts\/13079\/revisions"}],"wp:featuredmedia":[{"embeddable":true,"href":"https:\/\/archives.regards.fr\/index.php?rest_route=\/wp\/v2\/media\/30801"}],"wp:attachment":[{"href":"https:\/\/archives.regards.fr\/index.php?rest_route=%2Fwp%2Fv2%2Fmedia&parent=13079"}],"wp:term":[{"taxonomy":"category","embeddable":true,"href":"https:\/\/archives.regards.fr\/index.php?rest_route=%2Fwp%2Fv2%2Fcategories&post=13079"},{"taxonomy":"post_tag","embeddable":true,"href":"https:\/\/archives.regards.fr\/index.php?rest_route=%2Fwp%2Fv2%2Ftags&post=13079"}],"curies":[{"name":"wp","href":"https:\/\/api.w.org\/{rel}","templated":true}]}}