{"id":13077,"date":"2021-07-07T14:56:00","date_gmt":"2021-07-07T12:56:00","guid":{"rendered":"https:\/\/wp.muchomaas.com\/article-pour-axel-kahn-il-n-y-avait-pas-de-science-sans-conscience\/"},"modified":"2023-06-24T00:18:20","modified_gmt":"2023-06-23T22:18:20","slug":"article-pour-axel-kahn-il-n-y-avait-pas-de-science-sans-conscience","status":"publish","type":"post","link":"https:\/\/archives.regards.fr\/?p=13077","title":{"rendered":"Pour Axel Kahn, il n&#8217;y avait pas de science sans conscience"},"content":{"rendered":"<p class=\"post_excerpt\">Axel Kahn est d\u00e9c\u00e9d\u00e9 mardi 6 juillet dernier. Il laisse derri\u00e8re lui l&#8217;image d&#8217;un grand scientifique engag\u00e9. Hommage d&#8217;Isabelle Lorand avec qui il a port\u00e9 de nombreux combats, dont celui de la gauche.<\/p>\n<p>C&#8217;\u00e9tait en 2001, lors du premier colloque <em>Bio\u00e9thique et citoyennet\u00e9<\/em>, que nous avions organis\u00e9 avec Lucien S\u00e8ve notamment, que j\u2019ai rencontr\u00e9 Axel Kahn. Nous \u00e9tions tous les deux oppos\u00e9s au clonage embryonnaire. L\u2019ann\u00e9e suivante, l\u2019objet de notre engament commun fut l\u2019opposition au brevetage du vivant. Nos routes se sont ensuite crois\u00e9es r\u00e9guli\u00e8rement : de la solidarit\u00e9 aux sans-papiers \u00e0 nos r\u00e9serves communes sur l\u00e9galisation de l\u2019euthanasie, du droit au logement en passant par l\u2019avenir de la gauche. <\/p>\n<p>Je n\u2019ai jamais partag\u00e9 son laboratoire m\u00eame si j\u2019ai fait mon DEA (plein de retrovirus\u00a0!) chez une autre grande figure de la recherche scientifique Anne Weber au sein de l\u2019institut Cochin que dirigeait Axel Kahn. J\u2019ai alors pass\u00e9 mes nuits au milieu des milliers de rats de son animalerie\u00a0au sixi\u00e8me \u00e9tage de la fac de Cochin&#8230;<\/p>\n<h2>Un intellectuel engag\u00e9<\/h2>\n<p>Ce grand chercheur est avant tout l\u2019incarnation contemporaine de <em>l\u2019intellectuel engag\u00e9<\/em>. Comme Voltaire en son temps, comme Zola, Marie Curie ou Simone de Beauvoir, Axel Kahn n\u2019imaginait pas s\u2019enfermer dans le silo de sa recherche. Jusqu\u2019au XXe si\u00e8cle, l\u2019intellectuel engag\u00e9 est un \u00e9crivain ou un philosophe. Marie Curie, Albert Einstein puis Fr\u00e9d\u00e9ric Joliot marquent l\u2019entr\u00e9e des scientifiques sur la sc\u00e8ne des engag\u00e9.e.s. Il n\u2019y a pas de science sans conscience.<\/p>\n<p>Dans leur lign\u00e9e, Axel Kahn \u0153uvrera pour que cette conscience soit populaire et d\u00e9battue. Ce devrait \u00eatre l\u2019essence m\u00eame de la bio\u00e9thique. <em>\u00ab\u00a0Et l\u2019Homme dans tout \u00e7a ?\u00a0\u00bb<\/em>, interrogeait-il en 2004 dans un livre pr\u00e9fac\u00e9 par Lucien S\u00e8ve que la participation commune au Comit\u00e9 national d\u2019\u00e9thique avait rapproch\u00e9. Je crois qu\u2019il s\u2019agit l\u00e0 de la boussole de cet humaniste de gauche. Humaniste parce qu\u2019il pla\u00e7ait l\u2019int\u00e9r\u00eat g\u00e9n\u00e9ral et la priorit\u00e9 \u00e0 l\u2019Humain au-dessus de tout autre consid\u00e9ration.<\/p>\n<p>Un d\u00e9bat populaire commence par donner la parole et \u00e9couter le peuple. C\u2019est certainement ce qui a conduit Axel Kahn \u00e0 faire sa <em>\u00ab\u00a0grande marche\u00a0\u00bb <\/em> au c\u0153ur de la France. Et c\u2019est peu de dire, qu\u2019il a entendu. Entendu la grande fracture, le sentiment d\u2019abandon mais aussi les fantasmes qu\u2019il a rapport\u00e9s en 2014 dans <em>Ma France, des Ardennes au pays basque<\/em>.  Sans doute, qu\u2019il y avait dans ce bouquin beaucoup d\u2019\u00e9l\u00e9ments de compr\u00e9hension de ce qui allait advenir sur les ronds-points\u00a0: le mouvement des gilets jaunes. A propos de grande marche, je veux faire un clin d\u2019\u0153il \u00e0 ce marcheur \u00e9m\u00e9rite\u00a0! Il marchait beaucoup, toujours et tr\u00e8s vite. Ses pas \u00e9taient gigantesques. Pour le suivre\u00a0:  pas d\u2019autre solution, il fallait courir\u00a0!<\/p>\n<h2>Une belle id\u00e9e de l&#8217;humanit\u00e9<\/h2>\n<p>A l\u2019issue de ce voyage, je crois qu\u2019on peut dire, sans trahir sa pens\u00e9e, qu\u2019il est revenu convaincu que la gauche avait le devoir de redonner l\u2019espoir. C\u2019est pourquoi, il \u00e9tait d\u00e9sol\u00e9 du paysage politique de gauche \u00e0 la pr\u00e9sidentielle de 2017. Je n\u2019ose imaginer ce qu\u2019il pensait de celui qui s\u2019annonce\u2026<\/p>\n<p><em>\u00ab\u00a0Isabelle, vous le savez bien, je ne dis jamais non \u00e0 une invitation du Parti communiste.\u00a0\u00bb<\/em> C\u2019est marrant mais j\u2019aimais comme il me disait \u00e7a. Pas que j\u2019avais le moindre doute sur la critique radicale du communisme qui l\u2019avait conduit \u00e0 rompre avec le parti dans les ann\u00e9es 70. J\u2019\u00e9tais tout simplement \u00e9mue par cette pointe de nostalgie de l\u2019ancien secr\u00e9taire de cercle au lyc\u00e9e Buffon devenue \u00e9tudiant communiste \u2013 il ne manquait pas une occasion de le rappeler\u00a0! \u2013 qui gardait une certaine tendresse \u00e0 l\u2019\u00e9gard de celles et ceux qui, b\u00e9n\u00e9volement, sont par vents et mar\u00e9es disponibles pour d\u00e9fendre une belle id\u00e9e de l\u2019humanit\u00e9.<\/p>\n<p>Monsieur Axel Kahn, les \u00e9changes que nous e\u00fbmes, ont toujours \u00e9t\u00e9 pour moi des moments de bonheur parce qu\u2019ils m\u2019\u00e9levaient, et aussi parce qu\u2019ils m\u2019\u00e9mouvaient. Ils vont me manquer.<\/p>\n<p>&nbsp;<\/p>\n<p>\n<a href=\"https:\/\/wp.muchomaas.com\/auteur\/isabelle-lorand\"><strong>Isabelle Lorand<\/strong><\/a><div id='gallery-1' class='gallery galleryid-13077 gallery-columns-3 gallery-size-thumbnail'><figure class='gallery-item'>\n\t\t\t<div class='gallery-icon landscape'>\n\t\t\t\t<a href='https:\/\/archives.regards.fr\/wp-content\/uploads\/2021\/07\/ak-cfa.png'><img loading=\"lazy\" decoding=\"async\" width=\"150\" height=\"150\" src=\"https:\/\/archives.regards.fr\/wp-content\/uploads\/2021\/07\/ak-cfa-150x150.png\" class=\"attachment-thumbnail size-thumbnail\" alt=\"ak.png\" \/><\/a>\n\t\t\t<\/div><\/figure>\n\t\t<\/div>\n<\/p>\n","protected":false},"excerpt":{"rendered":"<p>Axel Kahn est d\u00e9c\u00e9d\u00e9 mardi 6 juillet dernier. Il laisse derri\u00e8re lui l&#8217;image d&#8217;un grand scientifique engag\u00e9. Hommage d&#8217;Isabelle Lorand avec qui il a port\u00e9 de nombreux combats, dont celui de la gauche.<\/p>\n","protected":false},"author":1,"featured_media":30797,"comment_status":"open","ping_status":"open","sticky":false,"template":"","format":"standard","meta":{"_themeisle_gutenberg_block_has_review":false,"footnotes":""},"categories":[10],"tags":[494],"class_list":["post-13077","post","type-post","status-publish","format-standard","has-post-thumbnail","hentry","category-societe","tag-sciences"],"_links":{"self":[{"href":"https:\/\/archives.regards.fr\/index.php?rest_route=\/wp\/v2\/posts\/13077","targetHints":{"allow":["GET"]}}],"collection":[{"href":"https:\/\/archives.regards.fr\/index.php?rest_route=\/wp\/v2\/posts"}],"about":[{"href":"https:\/\/archives.regards.fr\/index.php?rest_route=\/wp\/v2\/types\/post"}],"author":[{"embeddable":true,"href":"https:\/\/archives.regards.fr\/index.php?rest_route=\/wp\/v2\/users\/1"}],"replies":[{"embeddable":true,"href":"https:\/\/archives.regards.fr\/index.php?rest_route=%2Fwp%2Fv2%2Fcomments&post=13077"}],"version-history":[{"count":0,"href":"https:\/\/archives.regards.fr\/index.php?rest_route=\/wp\/v2\/posts\/13077\/revisions"}],"wp:featuredmedia":[{"embeddable":true,"href":"https:\/\/archives.regards.fr\/index.php?rest_route=\/wp\/v2\/media\/30797"}],"wp:attachment":[{"href":"https:\/\/archives.regards.fr\/index.php?rest_route=%2Fwp%2Fv2%2Fmedia&parent=13077"}],"wp:term":[{"taxonomy":"category","embeddable":true,"href":"https:\/\/archives.regards.fr\/index.php?rest_route=%2Fwp%2Fv2%2Fcategories&post=13077"},{"taxonomy":"post_tag","embeddable":true,"href":"https:\/\/archives.regards.fr\/index.php?rest_route=%2Fwp%2Fv2%2Ftags&post=13077"}],"curies":[{"name":"wp","href":"https:\/\/api.w.org\/{rel}","templated":true}]}}