{"id":13072,"date":"2021-07-06T12:42:55","date_gmt":"2021-07-06T10:42:55","guid":{"rendered":"https:\/\/wp.muchomaas.com\/article-anne-hidalgo-s-indigne-davantage-du-litre-de-peinture-versee-sur-une-vitrine\/"},"modified":"2023-06-24T00:18:10","modified_gmt":"2023-06-23T22:18:10","slug":"article-anne-hidalgo-s-indigne-davantage-du-litre-de-peinture-versee-sur-une-vitrine","status":"publish","type":"post","link":"https:\/\/archives.regards.fr\/?p=13072","title":{"rendered":"\u00ab Anne Hidalgo s\u2019indigne davantage du litre de peinture vers\u00e9e sur une vitrine que des injustices \u00bb"},"content":{"rendered":"<p class=\"post_excerpt\">Apr\u00e8s l\u2019action symbolique d\u2019Attac \u00e0 la Samaritaine, l\u2019organisation altermondialiste fait l\u2019objet de nombreuses critiques \u00e0 droite, LREM et d\u2019Anne Hidalgo. A gauche, on fait bloc derri\u00e8re Attac pour d\u00e9noncer l\u2019enrichissement des milliardaires pendant la crise sanitaire. Rapha\u00ebl Pradeau, porte-parole d\u2019Attac, est l\u2019invit\u00e9 de #LaMidinale.<\/p>\n<h2>UNE MIDINALE \u00c0 VOIR&#8230;<\/h2>\n<p><iframe loading=\"lazy\" width=\"490\" height=\"276\" src=\"https:\/\/www.youtube.com\/embed\/Dbn7Kpzloys\" title=\"YouTube video player\" frameborder=\"0\" allow=\"accelerometer; autoplay; clipboard-write; encrypted-media; gyroscope; picture-in-picture\" allowfullscreen><\/iframe><\/p>\n<p>&nbsp;<\/p>\n<p><h2>ET \u00c0 LIRE&#8230;<\/h2>\n<p><em> <strong>Sur Anne Hidalgo \u00e0 propos de l\u2019action d\u2019Attac sur la Samaritaine<\/strong> <\/em><br \/>\n\u00ab Anne Hidalgo \u00e9tait pr\u00e9sente avec Emmanuel Macron pour inaugurer la Samaritaine. \u00bb<br \/>\n\u00ab Les m\u00e9dias ont dit que notre action avait cr\u00e9\u00e9 beaucoup de pol\u00e9miques \u00e0 droite comme \u00e0 gauche. Je n\u2019ai pas l\u2019impression que l\u2019on puisse dire \u00e7a puisqu\u2019\u00e0 gauche, on a re\u00e7u \u00e9norm\u00e9ment de soutiens de la part du NPA, de LFI, du PCF, d\u2019EELV, de G\u00e9n\u00e9ration.s, d\u2019organisations, d\u2019associations et de syndicats. \u00bb<br \/>\n\u00ab Anne Hidalgo a eu des positions assez similaires \u00e0 celles exprim\u00e9es par LREM, LR ou m\u00eame Alexandre Bennalla qui nous a tap\u00e9 dessus : sous nos yeux s\u2019est constitu\u00e9 ce qu\u2019on appelle un bloc bourgeois. Pour ces personnes, dont Hidalgo qui se dit de gauche, s\u2019indigne davantage du litre de peinture noire vers\u00e9e sur une vitrine que des in\u00e9galit\u00e9s et des injustices et de l\u2019enrichissement des milliardaires. \u00bb<br \/>\n\u00ab Le fait que Bernard Arnault soit propri\u00e9taire du Parisien joue dans la r\u00e9action aussi vive d\u2019Anne Hidalgo. \u00bb<\/p>\n<p><em> <strong>Sur l\u2019action de la Samaritaine<\/strong> <\/em><br \/>\n\u00ab Notre mode d\u2019action \u00e9tait symbolique. On l\u2019avait d\u00e9j\u00e0 fait sur Apple, la Soci\u00e9t\u00e9 g\u00e9n\u00e9rale ou Total, mais avec la Samaritaine on s\u2019est rendu compte qu\u2019on avait touch\u00e9 un totem : il ne faut pas, en France, s\u2019attaquer \u00e0 Bernard Arnault, premi\u00e8re fortune de France. \u00bb<br \/>\n\u00ab On a parl\u00e9 de vandalisme, de saccage : les gens pensent qu\u2019on a tout cass\u00e9 alors qu\u2019il suffit de passer devant la Samaritaine et voir qu\u2019il n\u2019y aucune trace de notre action. \u00bb<br \/>\n\u00ab Toute l\u2019ann\u00e9e, on fait des rapports, des p\u00e9titions, des actions symboliques et personne n\u2019en parle. L\u00e0 on s\u2019indigne d\u2019un pot de peinture sans arr\u00eater \u00e0 ce que l\u2019on d\u00e9nonce. \u00bb<br \/>\n\u00ab On veut nier l\u2019action politique de notre action. \u00bb<br \/>\n\u00ab LVMH a vers\u00e9 3 milliards d\u2019euros de dividendes en 2021 ce qui veut dire 1,5 milliards d\u2019euros pour Bernard Arnault puisqu\u2019il d\u00e9tient la moiti\u00e9 des actions et en m\u00eame temps, LVMH a supprim\u00e9 des emplois : c\u2019est 888 emplois en France. \u00bb<br \/>\n\u00ab L\u2019action a \u00e9t\u00e9 men\u00e9e avant l\u2019ouverture de la Samaritaine et n\u2019a pas emp\u00each\u00e9 les salari\u00e9s de travailler. \u00bb<\/p>\n<p><em> <strong>Sur le rapport de la crise sanitaire et l\u2019enrichissement <\/strong>  <\/em><br \/>\n\u00ab On a voulu pointer l\u2019enrichissement ind\u00e9cent des milliardaires. \u00bb<br \/>\n\u00ab Le gouvernement veut faire des \u00e9conomies sur les plus pr\u00e9caires : en rognant sur les APL, les allocations ch\u00f4mage. Il refuse d\u2019aller prendre l\u2019argent o\u00f9 il est. \u00bb<br \/>\n\u00ab Pendant la crise il y a eu enrichissement par les aides publiques d\u2019Etat, par le ch\u00f4mage partiel &#8211; qui \u00e9tait une bonne chose &#8211; mais \u00e7a s\u2019est aussi traduit par des aides sans aucune conditionnalit\u00e9. La BCE a aussi rachet\u00e9 massivement des actions ce qui a dop\u00e9 le cours des actions. \u00bb<br \/>\n\u00ab La suppression de l\u2019ISF et de la flat tax a contribu\u00e9 \u00e0 favoriser le versement de dividendes. Il y a cette logique de toujours plus de revenus financiers et des revenus  financiers qui sont toujours moins tax\u00e9s. \u00bb<\/p>\n<p><em> <strong>Sur la croissance<\/strong> <\/em><br \/>\n\u00ab Il est certain qu\u2019il va falloir faire d\u00e9croitre un certain nombre de production et de consommation qui n\u2019apportent rien et d\u00e9gradent l\u2019environnement. On pourrait s\u2019interroger sur l\u2019utilit\u00e9 du luxe. \u00bb<br \/>\n\u00ab Les plus riches sont ceux qui d\u00e9gradent le plus la plan\u00e8te. \u00bb<br \/>\n\u00ab Il faut se passer des \u00e9nergies fossiles. \u00bb<br \/>\n\u00ab Il y a des besoins qui vont cro\u00eetre : on parle beaucoup de la d\u00e9pendance donc il faut cr\u00e9er un service public pour les personnes d\u00e9pendantes. \u00bb<br \/>\n\u00ab Le mot d\u00e9croissance est un mot obstacle. \u00bb<br \/>\n\u00ab Il faut concilier les objectifs climatiques et les objectifs sociaux. \u00bb<br \/>\n\u00ab Pour arriver \u00e0 financer les besoins sociaux et les besoins \u00e9cologiques, il y a besoin de recettes publiques et donc que chacun paie sa juste part d\u2019imp\u00f4ts. \u00bb<\/p>\n<p><em> <strong>Sur les actions de d\u00e9sob\u00e9issance civile<\/strong> <\/em><br \/>\n\u00ab Ca fait 20 ans qu\u2019ATTAC existe, 20 ans que j\u2019y suis, 20 ans que l\u2019on demande la fermeture des paradis fiscaux\u2026 et qu\u2019est-ce qui a \u00e9t\u00e9 fait ? Rien. Donc \u00e0 un moment donn\u00e9, il est assez l\u00e9gitime d\u2019utiliser d\u2019autres modes d\u2019action.  \u00bb<br \/>\n\u00ab Bien s\u00fbr que c\u2019est ill\u00e9gal d\u2019aller piquer des chaises \u00e0 la BNP ou de recouvrir de peinture la Samaritaine. Mais cela permet de poser des questions et de faire avancer la loi. \u00bb<br \/>\n\u00ab On est pr\u00eat \u00e0 prendre un certain nombre de risques pour une cause qui nous semble juste. Mais elle ne nous semble pas juste qu\u2019\u00e0 nous : qui peut trouver normal de demander aux plus pr\u00e9caires de faire des efforts et ne rien faire pour que les plus riches paient leur juste part d\u2019imp\u00f4ts ? \u00bb<br \/>\n\u00ab Si ATTAC ne faisait que balancer de la peinture sur des vitrines toutes les semaines, \u00e7a serait certainement contre-productif mais l\u00e0 par exemple, on peut parler de la note qu\u2019on avait publi\u00e9e avec Oxfam sur l\u2019enrichissement des milliardaires, du rapport de l\u2019Observatoire des multinationales qui montre que les entreprises du CAC40 se sont gav\u00e9es d\u2019aides publiques tout en licenciant et en versant des dividendes. \u00bb<br \/>\n\u00ab Quand on a \u00e0 ce point-l\u00e0 des m\u00e9dias et des responsables politiques qui nous traitent de vandales, \u00e7a peut brouiller le message. \u00bb<br \/>\n\u00ab Nous, on a assum\u00e9 le clivage. \u00bb<br \/>\n\u00ab La sympathie pour ATTAC a fortement augment\u00e9 depuis samedi. \u00bb<br \/>\n\u00ab Si on dit \u00e0 Bernard Arnault de payer ses imp\u00f4ts ou \u00e0 Emmanuel Macron de mener une politique de justice fiscale, on ne va pas r\u00e9ussir \u00e0 les convaincre, m\u00eame avec les meilleurs arguments du monde. \u00bb<\/p>\n<p><em> <strong>Sur les risques de plainte voire de dissolution<\/strong> <\/em><br \/>\n\u00ab J\u2019ai envie de dire \u00e0 LVMH et \u00e0 Bernard Arnault : allez-y, portez plainte. Ils ont dit \u00e0 l\u2019AFP qu\u2019ils envisageaient de le faire mais ils ne le feront pas parce qu\u2019ils savent tr\u00e8s bien que s\u2019il y avait un proc\u00e8s, ce serait une nouvelle tribune et ce serait un proc\u00e8s pour LVMH et Bernard Arnault. \u00bb<br \/>\n\u00ab Je pense qu\u2019il ne faut pas prendre la menace de dissolution \u00e0 la l\u00e9g\u00e8re. \u00bb<br \/>\n\u00ab On est dans un contexte o\u00f9 le gouvernement sait qu\u2019il m\u00e8ne une politique injuste et n\u2019offre \u00e0 la col\u00e8re sociale que la r\u00e9pression polici\u00e8re et des tentatives d\u2019intimidation. \u00bb<br \/>\n\u00ab On ne va pas se laisser intimider et on va mener, d\u00e8s la rentr\u00e9e prochaine, une grande op\u00e9ration de d\u00e9sob\u00e9issance civile o\u00f9 l\u2019on va pr\u00e9lever \u00e0 la source des multinationales qui ne paient pas leur juste part d\u2019imp\u00f4t. \u00bb<div id='gallery-1' class='gallery galleryid-13072 gallery-columns-3 gallery-size-thumbnail'><figure class='gallery-item'>\n\t\t\t<div class='gallery-icon landscape'>\n\t\t\t\t<a href='https:\/\/archives.regards.fr\/wp-content\/uploads\/2021\/07\/screenshot_2021-07-06_12-831.40.38.png'><img loading=\"lazy\" decoding=\"async\" width=\"150\" height=\"150\" src=\"https:\/\/archives.regards.fr\/wp-content\/uploads\/2021\/07\/screenshot_2021-07-06_12-831.40.38-150x150.png\" class=\"attachment-thumbnail size-thumbnail\" alt=\"screenshot_2021-07-06_12.40.38.png\" \/><\/a>\n\t\t\t<\/div><\/figure>\n\t\t<\/div>\n<\/p>\n","protected":false},"excerpt":{"rendered":"<p>Apr\u00e8s l\u2019action symbolique d\u2019Attac \u00e0 la Samaritaine, l\u2019organisation altermondialiste fait l\u2019objet de nombreuses critiques \u00e0 droite, LREM et d\u2019Anne Hidalgo. A gauche, on fait bloc derri\u00e8re Attac pour d\u00e9noncer l\u2019enrichissement des milliardaires pendant la crise sanitaire. Rapha\u00ebl Pradeau, porte-parole d\u2019Attac, est l\u2019invit\u00e9 de #LaMidinale.<\/p>\n","protected":false},"author":1204,"featured_media":30779,"comment_status":"open","ping_status":"open","sticky":false,"template":"","format":"standard","meta":{"_themeisle_gutenberg_block_has_review":false,"footnotes":""},"categories":[238],"tags":[293],"class_list":["post-13072","post","type-post","status-publish","format-standard","has-post-thumbnail","hentry","category-la-midinale","tag-entretien"],"_links":{"self":[{"href":"https:\/\/archives.regards.fr\/index.php?rest_route=\/wp\/v2\/posts\/13072","targetHints":{"allow":["GET"]}}],"collection":[{"href":"https:\/\/archives.regards.fr\/index.php?rest_route=\/wp\/v2\/posts"}],"about":[{"href":"https:\/\/archives.regards.fr\/index.php?rest_route=\/wp\/v2\/types\/post"}],"author":[{"embeddable":true,"href":"https:\/\/archives.regards.fr\/index.php?rest_route=\/wp\/v2\/users\/1204"}],"replies":[{"embeddable":true,"href":"https:\/\/archives.regards.fr\/index.php?rest_route=%2Fwp%2Fv2%2Fcomments&post=13072"}],"version-history":[{"count":0,"href":"https:\/\/archives.regards.fr\/index.php?rest_route=\/wp\/v2\/posts\/13072\/revisions"}],"wp:featuredmedia":[{"embeddable":true,"href":"https:\/\/archives.regards.fr\/index.php?rest_route=\/wp\/v2\/media\/30779"}],"wp:attachment":[{"href":"https:\/\/archives.regards.fr\/index.php?rest_route=%2Fwp%2Fv2%2Fmedia&parent=13072"}],"wp:term":[{"taxonomy":"category","embeddable":true,"href":"https:\/\/archives.regards.fr\/index.php?rest_route=%2Fwp%2Fv2%2Fcategories&post=13072"},{"taxonomy":"post_tag","embeddable":true,"href":"https:\/\/archives.regards.fr\/index.php?rest_route=%2Fwp%2Fv2%2Ftags&post=13072"}],"curies":[{"name":"wp","href":"https:\/\/api.w.org\/{rel}","templated":true}]}}