{"id":13070,"date":"2021-07-05T12:36:17","date_gmt":"2021-07-05T10:36:17","guid":{"rendered":"https:\/\/wp.muchomaas.com\/article-alain-gresh-il-faut-voir-une-forme-d-espoir-dans-les-mobilisations-en-cours-en\/"},"modified":"2023-06-24T00:18:04","modified_gmt":"2023-06-23T22:18:04","slug":"article-alain-gresh-il-faut-voir-une-forme-d-espoir-dans-les-mobilisations-en-cours-en","status":"publish","type":"post","link":"https:\/\/archives.regards.fr\/?p=13070","title":{"rendered":"Alain Gresh : \u00ab Il faut voir une forme d\u2019espoir dans les mobilisations en cours en Palestine \u00bb"},"content":{"rendered":"<p class=\"post_excerpt\">L\u2019autorit\u00e9 palestinienne est contest\u00e9e depuis la mort du militant Nizar Banat qui d\u00e9non\u00e7ait la corruption de Mahmoud Abbas \u2013 dont les appels \u00e0 la d\u00e9mission se multiplient. Alain Gresh, fondateur et directeur du journal en ligne Orient XXI, est l\u2019invit\u00e9 de #LaMidinale.<\/p>\n<h2>UNE MIDINALE \u00c0 VOIR&#8230;<\/h2>\n<p><iframe loading=\"lazy\" width=\"490\" height=\"276\" src=\"https:\/\/www.youtube.com\/embed\/ltoaSApqqzY\" title=\"YouTube video player\" frameborder=\"0\" allow=\"accelerometer; autoplay; clipboard-write; encrypted-media; gyroscope; picture-in-picture\" allowfullscreen><\/iframe><\/p>\n<p>&nbsp;<\/p>\n<p><h2>&#8230;ET A LIRE<\/h2>\n<p><em>\u00a0<strong>Sur la qualification du r\u00e9gime palestinien\u00a0<\/em>\u00a0<\/strong><br \/>\n\u00ab\u00a0Qualifier le r\u00e9gime de l\u2019autorit\u00e9 palestinienne est l\u2019un des probl\u00e8mes.\u00a0\u00bb<br \/>\n\u00ab\u00a0Au d\u00e9but des printemps arabes, le mot d\u2019ordre \u00e9tait \u2018le r\u00e9gime veut la chute du r\u00e9gime\u2019. C\u2019\u00e9tait un slogan qui ne convenait pas du tout parce que les Palestiniens \u00e9taient conscients que leur r\u00e9gime n\u2019\u00e9tait pas vraiment un r\u00e9gime.\u00a0Les Palestiniens avaient transform\u00e9 en \u2018le peuple veut l\u2019unification des Palestiniens entre Gaza et Ramallah, mais ils sentaient bien que ce n&#8217;\u00e9tait pas un vrai pouvoir au sens d\u2019un \u00c9tat normal &#8211; m\u00eame dictatorial. L\u00e0 il y a une radicalisation de l\u2019opposition c&#8217;est-\u00e0 -dire la prise de conscience que le r\u00e9gime ne repose plus que sur la r\u00e9pression. \u00bb<br \/>\n\u00ab\u00a0Les accords d\u2019Oslo ont march\u00e9 dans ce domaine &#8211; aussi bien les am\u00e9ricains que les europ\u00e9ens ont pouss\u00e9 l\u2019autorit\u00e9 palestinienne \u00e0 arranger et \u00e0 perfectionner cette machine de r\u00e9pression avec l\u2019id\u00e9e que c\u2019\u00e9tait la seule solution pour parvenir \u00e0 une solution politique.\u00a0\u00bb<\/p>\n<p><em>\u00a0<strong>Sur le bilan de Mahmoud Abbas<\/em>\u00a0<\/strong><br \/>\n\u00ab\u00a0La direction du Fatah et pas seulement Mahmoud Abbas &#8211; c\u2019\u00e9tait aussi Arafat &#8211; a fait le pari de la n\u00e9gociation politique et diplomatique. C\u2019est l\u00e0-dessus pratiquement que s\u2019est construite l\u2019OLP dans une deuxi\u00e8me phase apr\u00e8s la phase de la lutte arm\u00e9e, \u00e0 partir de la fin des ann\u00e9es 70 et d\u00e9but des ann\u00e9es 80. Ils \u00e9taient pr\u00eats au compromis pour aboutir \u00e0 un Etat palestinien &#8211; pas un Etat palestinien dont avions r\u00eav\u00e9 sur toute la Palestine mais en Cisjordanie et Gaza avec Jerusalem Est comme capitale. Et ce bilan est un bilan d\u2019\u00e9chec.\u00a0\u00bb<br \/>\n\u00ab\u00a0C\u2019est l\u2019\u00e9chec d\u2019une strat\u00e9gie politique et c\u2019est l\u2019un des probl\u00e8mes aujourd\u2019hui du mouvement palestinien c\u2019est que toute la strat\u00e9gie sur laquelle s\u2019est fond\u00e9e la renaissance palestinienne a maintenant \u00e9chou\u00e9.\u00a0\u00bb<\/p>\n<p><em>\u00a0<strong>Sur les promesses de nouvelles \u00e9lections &#8211; toujours report\u00e9es<\/em>\u00a0<\/strong><br \/>\n\u00ab\u00a0Le discours officiel de l\u2019autorit\u00e9 palestinienne n\u2019est pas totalement faux et qui est de dire qu\u2019on ne peut voter que si on a le droit de voter \u00e0 J\u00e9rusalem Est ce que les isra\u00e9liens refusent.\u00a0En fait, c\u2019est un pr\u00e9texte parce qu\u2019aux derni\u00e8res \u00e9lections les gens allaient voter dans les bureaux de poste \u00e0 J\u00e9rusalem Est donc on sait que s\u2019il y a des \u00e9lections Mahmoud Abbas va les perdre. Mais il est difficile de dire qui peut les gagner. \u00bb<br \/>\n\u00ab\u00a0Le Hamas est extr\u00eamement impopulaire \u00e0 Gaza.\u00a0\u00bb<br \/>\n\u00ab\u00a0Il y a une contestation dans le Fatah.\u00a0\u00bb<br \/>\n\u00ab\u00a0Mahmoud Abbas dispose de deux atouts importants : l\u2019appareil d&#8217;\u00c9tat avec pr\u00e8s de 100.000 fonctionnaires et il b\u00e9n\u00e9ficie aussi du soutien de la communaut\u00e9 internationale, des am\u00e9ricains et des europ\u00e9ens.\u00a0\u00bb<br \/>\n\u00ab\u00a0La diff\u00e9rence entre les \u00e9lections qu\u2019il y a eues en Palestine ces derniers temps et celles qui ont lieu en Syrie ou en Egypte c\u2019est que le pouvoir ne les contr\u00f4le pas de la m\u00eame mani\u00e8re. Quand on a annonc\u00e9 le fait qu\u2019il y allait avoir des \u00e9lections, il y a plus de 90% du corps \u00e9lectoral qui s\u2019est inscrit sur les listes. Il y a une vraie volont\u00e9 de changement mais savoir comment \u00e7a va se traduire politiquement est difficile \u00e0 dire. \u00bb<br \/>\n\u00ab\u00a0Le propre des r\u00e9gimes autoritaires, c\u2019est de faire le vide et d\u2019emp\u00eacher la cr\u00e9ation de structures politiques contestataires.\u00a0\u00bb<br \/>\n\u00ab\u00a0On parle d\u2019\u00e9lections d\u00e9mocratiques mais il faut rappeler que si l\u2019on parle d\u2019\u00e9lections d\u00e9mocratiques, elles ont lieu sous occupation.\u00a0\u00bb<br \/>\n\u00ab S\u2019il y a des \u00e9lections, il y aura une vraie comp\u00e9tition, avec diff\u00e9rentes listes et je ne pense pas qu\u2019il y aura une fraude massive.\u00a0\u00bb<\/p>\n<p><em>\u00a0<strong>Sur les alternatives politiques\u00a0<\/em>\u00a0<\/strong><br \/>\n\u00ab\u00a0Il y a les organisations traditionnelles de l\u2019OLP, du Front Populaire pour la Lib\u00e9ration de la Palestine, le Front d\u00e9mocratique, le PC : ils ont une certaine influence mais qui est limit\u00e9e. La question qui se pose c\u2019est comment on mobilise les nouvelles g\u00e9n\u00e9rations.\u00a0\u00bb<br \/>\n\u00ab\u00a0Les nouvelles g\u00e9n\u00e9rations ont grandi dans les accords d\u2019Oslo, dans un carcan dont elles veulent se d\u00e9barrasser mais ne savent pas comment. Il y a l\u00e0 un probl\u00e8me d\u2019alternative politique.\u00a0\u00bb<br \/>\n\u00ab\u00a0Aujourd\u2019hui, l\u2019alternative politique la plus cr\u00e9dible existe plus en termes de personnes que d\u2019organisations, avec Marouane Barghouti qui est emprisonn\u00e9.\u00a0\u00bb\u00a0<br \/>\n\u00ab\u00a0La question n\u2019est pas tant la question de l\u2019alternative politique mais de la strat\u00e9gie.\u00a0\u00bb<br \/>\n\u00ab\u00a0La strat\u00e9gie sur laquelle l\u2019OLP a pari\u00e9 \u00e0 partir des ann\u00e9es 80 a \u00e9chou\u00e9.\u00a0\u00bb<br \/>\n\u00ab\u00a0La strat\u00e9gie alternative qui est celle du Hamas de la lutte arm\u00e9e n&#8217;appara\u00eet pas cr\u00e9dible.\u00a0\u00c7a ne changera pas le rapport de force. \u00bb<\/p>\n<p><em>\u00a0<strong>Sur les cons\u00e9quences des mobilisations en cours en Palestine\u00a0<\/em>\u00a0<\/strong><br \/>\n\u00ab\u00a0Il faut voir une forme d\u2019espoir dans les mobilisations en cours en Palestine.\u00a0\u00bb<br \/>\n\u00ab\u00a0La question palestinienne ne pourra pas \u00eatre r\u00e9solue s\u2019il n\u2019y a pas un mouvement palestinien actif avec une strat\u00e9gie et une direction qui a la confiance de la population.\u00a0\u00bb<br \/>\n\u00ab\u00a0Le seul atout qu\u2019ont les Palestiniens, c\u2019est la pr\u00e9sence sur le terrain. Sur la terre historique de Palestine, il y a autant de Palestiniens que de juifs isra\u00e9liens.\u00a0\u00bb<br \/>\n\u00ab\u00a0La communaut\u00e9 internationale est en principe favorable \u00e0 la cr\u00e9ation des deux Etats m\u00eame si elle ne fait rien pour l\u2019imposer.\u00a0\u00bb<br \/>\n\u00ab\u00a0L\u2019id\u00e9e par exemple d\u2019un Etat unique ou vivraient musulmans, juifs, chr\u00e9tiens, palestiniens, juifs isra\u00e9liens\u00a0etc. apparait utopique et n\u2019a aucun soutien du point de vue des institutions internationales. \u00bb<\/p>\n<p><em>\u00a0<strong>Sur la jeunesse palestinienne<\/em>\u00a0<\/strong><br \/>\n\u00ab\u00a0Il y a en ce moment une r\u00e9volution de la jeunesse partout : les Palestiniens d\u2019Isra\u00ebl, de Cis-Jordanie, de Gaza et de la diaspora sont mobilis\u00e9s et ressoudent une identit\u00e9 nationale palestinienne.\u00a0\u00bb<br \/>\n\u00ab\u00a0Pour l\u2019instant, cela ne cr\u00e9e pas un rapport de forces suffisant.\u00a0\u00bb<\/p>\n<p><em>\u00a0<strong>Sur la republication du texte du Fatah de 1970 sur la r\u00e9volution palestinienne et les Juifs<\/em>\u00a0<\/strong><br \/>\n\u00ab\u00a0Jusqu\u2019en 1970, la plupart des organisations palestiniennes se battaient pour la lib\u00e9ration de toute la Palestine en voulant d\u00e9truire les structures de l\u2019Etat d\u2019Isra\u00ebl mais aussi en expulsant les colons isra\u00e9liens.\u00a0\u00bb<br \/>\n\u00ab\u00a0Le Fatah a accompli une r\u00e9volution copernicienne en disant apr\u00e8s 1970 : nous ne voulons pas remplacer une injustice par une autre injustice en expulsant les gens qui sont d\u00e9j\u00e0 l\u00e0.\u00a0\u00bb<br \/>\n\u00ab\u00a0Le Fatah, dans les ann\u00e9es 1970 a des contacts \u00e0 travers le monde, notamment en France mais aussi avec des juifs sionistes.\u00a0\u00bb<br \/>\n\u00ab\u00a0L\u2019id\u00e9e r\u00e9volutionnaire du Fatah des ann\u00e9es 1970 reste la lutte arm\u00e9e qui va cr\u00e9er un homme nouveau, susceptible de lib\u00e9rer tout le monde.\u00a0Et cette proposition n\u2019a de sens que si une partie de la soci\u00e9t\u00e9 juive isra\u00e9lienne se rallie \u00e0 la lutte.\u00a0\u00bb<br \/>\n\u00ab\u00a0Petit \u00e0 petit, l\u2019illusion r\u00e9volutionnaire du Fatah va dispara\u00eetre pour \u00eatre remplac\u00e9e par la realpolitik avec les pays arabes et les pays europ\u00e9ens.\u00a0\u00bb<br \/>\n\u00ab\u00a0Aujourd\u2019hui, l\u2019utopie d\u2019une Palestine unifi\u00e9e, d\u00e9mocratique et non-confessionnelle a une actualit\u00e9 sous une autre forme : ce qui s\u2019est mis en place sur le territoire d\u2019Isra\u00ebl-Palestine, c\u2019est un syst\u00e8me de domination totale isra\u00e9lienne o\u00f9 la possibilit\u00e9 mat\u00e9rielle de la cr\u00e9ation d\u2019un Etat en Cisjordanie appara\u00eet comme tr\u00e8s illusoire.\u00a0\u00bb<br \/>\n\u00ab\u00a0Aujourd\u2019hui, la question en Palestine n\u2019est pas celle de l\u2019Etat mais celle de l\u2019\u00e9galit\u00e9 des droits. Mais cela appara\u00eet assez illusoire dans la mesure o\u00f9 la soci\u00e9t\u00e9 isra\u00e9lienne a tendance \u00e0 d\u00e9river vers la droite la plus extr\u00eame.\u00a0\u00bb<\/p>\n<p><em>\u00a0<strong>Sur le changement \u00e0 la t\u00eate de l\u2019Etat d\u2019Isra\u00ebl de Benjamin Natanyahu par Naftali Bennett<\/em>\u00a0<\/strong><br \/>\n\u00ab\u00a0Si cela a un sens, on peut dire que Naftali Bennett est \u00e0 la droite de Benjamin Netanyahu.\u00a0\u00bb<br \/>\n\u00ab\u00a0Sur la question palestinienne, il ne faut s\u2019attendre \u00e0 aucun changement fondamental.\u00a0\u00bb<\/p>\n<p><em>\u00a0<strong>Sur le r\u00f4le de la France et l\u2019Union europ\u00e9enne en Palestine<\/em>\u00a0<\/strong><br \/>\n\u00ab\u00a0La France pourrait tout \u00e0 fait avoir un r\u00f4le \u00e0 jouer &#8211; jusqu\u2019aux accords d\u2019Oslo, elle le jouait.\u00a0\u00bb<br \/>\n\u00ab\u00a0Il y a une d\u00e9rive de la position fran\u00e7aise : pas tellement dans les principes car la France continue \u00e0 dire qu\u2019elle est pour une solution \u00e0 deux Etats, qu\u2019elle est contre la colonisation mais, en m\u00eame temps, elle d\u00e9veloppe des relations avec Isra\u00ebl comme si la Palestine n\u2019existait pas.\u00a0Or Isra\u00ebl se moque des critiques formelles de la France. Or, l\u2019Union europ\u00e9enne, premier partenaire commercial d\u2019Isra\u00ebl, pourrait exercer des pressions r\u00e9elles et efficaces sur Isra\u00ebl.\u00a0\u00bb<br \/>\n\u00ab\u00a0Il y a, aujourd\u2019hui, une rel\u00e9gitimation par la classe politique europ\u00e9enne et fran\u00e7aise d\u2019Isra\u00ebl au nom de l\u2019antis\u00e9mitisme.\u00a0\u00bb<br \/>\n\u00ab\u00a0Dans le contexte de la guerre contre le terrorisme et de l\u2019islamophobie, Isra\u00ebl appara\u00eet \u00e0 la classe politique comme un alli\u00e9 : en 2015, des politiques ont dit qu\u2019il fallait s\u2019appuyer sur le mod\u00e8le s\u00e9curitaire isra\u00e9lien. \u00bb<div id='gallery-1' class='gallery galleryid-13070 gallery-columns-3 gallery-size-thumbnail'><figure class='gallery-item'>\n\t\t\t<div class='gallery-icon landscape'>\n\t\t\t\t<a href='https:\/\/archives.regards.fr\/wp-content\/uploads\/2021\/07\/capture_d_e_cran_2021-07-05_a_12-756.16.25.png'><img loading=\"lazy\" decoding=\"async\" width=\"150\" height=\"150\" src=\"https:\/\/archives.regards.fr\/wp-content\/uploads\/2021\/07\/capture_d_e_cran_2021-07-05_a_12-756.16.25-150x150.png\" class=\"attachment-thumbnail size-thumbnail\" alt=\"capture_d_e_cran_2021-07-05_a_12.16.25.png\" \/><\/a>\n\t\t\t<\/div><\/figure>\n\t\t<\/div>\n<\/p>\n","protected":false},"excerpt":{"rendered":"<p>L\u2019autorit\u00e9 palestinienne est contest\u00e9e depuis la mort du militant Nizar Banat qui d\u00e9non\u00e7ait la corruption de Mahmoud Abbas \u2013 dont les appels \u00e0 la d\u00e9mission se multiplient. Alain Gresh, fondateur et directeur du journal en ligne Orient XXI, est l\u2019invit\u00e9 de #LaMidinale.<\/p>\n","protected":false},"author":1204,"featured_media":30775,"comment_status":"open","ping_status":"open","sticky":false,"template":"","format":"standard","meta":{"_themeisle_gutenberg_block_has_review":false,"footnotes":""},"categories":[238],"tags":[293],"class_list":["post-13070","post","type-post","status-publish","format-standard","has-post-thumbnail","hentry","category-la-midinale","tag-entretien"],"_links":{"self":[{"href":"https:\/\/archives.regards.fr\/index.php?rest_route=\/wp\/v2\/posts\/13070","targetHints":{"allow":["GET"]}}],"collection":[{"href":"https:\/\/archives.regards.fr\/index.php?rest_route=\/wp\/v2\/posts"}],"about":[{"href":"https:\/\/archives.regards.fr\/index.php?rest_route=\/wp\/v2\/types\/post"}],"author":[{"embeddable":true,"href":"https:\/\/archives.regards.fr\/index.php?rest_route=\/wp\/v2\/users\/1204"}],"replies":[{"embeddable":true,"href":"https:\/\/archives.regards.fr\/index.php?rest_route=%2Fwp%2Fv2%2Fcomments&post=13070"}],"version-history":[{"count":0,"href":"https:\/\/archives.regards.fr\/index.php?rest_route=\/wp\/v2\/posts\/13070\/revisions"}],"wp:featuredmedia":[{"embeddable":true,"href":"https:\/\/archives.regards.fr\/index.php?rest_route=\/wp\/v2\/media\/30775"}],"wp:attachment":[{"href":"https:\/\/archives.regards.fr\/index.php?rest_route=%2Fwp%2Fv2%2Fmedia&parent=13070"}],"wp:term":[{"taxonomy":"category","embeddable":true,"href":"https:\/\/archives.regards.fr\/index.php?rest_route=%2Fwp%2Fv2%2Fcategories&post=13070"},{"taxonomy":"post_tag","embeddable":true,"href":"https:\/\/archives.regards.fr\/index.php?rest_route=%2Fwp%2Fv2%2Ftags&post=13070"}],"curies":[{"name":"wp","href":"https:\/\/api.w.org\/{rel}","templated":true}]}}