{"id":1307,"date":"1999-03-01T00:00:00","date_gmt":"1999-02-28T23:00:00","guid":{"rendered":"https:\/\/wp.muchomaas.com\/qui-a-peur-de-l-individu1307\/"},"modified":"1999-03-01T00:00:00","modified_gmt":"1999-02-28T23:00:00","slug":"qui-a-peur-de-l-individu1307","status":"publish","type":"post","link":"https:\/\/archives.regards.fr\/?p=1307","title":{"rendered":"Qui a peur de l&#8217;individu?"},"content":{"rendered":"<p class=\"post_excerpt\"> Voir aussi <\/p>\n<p>Invit\u00e9e, Miss-Tic<strong> Le premier sens donn\u00e9 par le Robert pour &#8220;individu&#8221;, c&#8217;est &#8220;\u00eatre humain&#8221;, particulier et diff\u00e9rent de tous les autres. Un deuxi\u00e8me sens compl\u00e8te le premier, &#8220;membre d&#8217;une collectivit\u00e9 humaine&#8221;, que des syntagmes viennent expliquer, l&#8217;individu et la soci\u00e9t\u00e9, et la masse, et l&#8217;Etat. Y a-t-il opposition ? <\/strong><\/p>\n<p>La reconnaissance et la r\u00e9alisation des aspirations de l&#8217;individu condamnent-t-elles au lib\u00e9ralisme ? Ne peut-on imaginer un autre possible qui r\u00e9alise ces souhaits ? Ce sont les questions que Regards a pos\u00e9es \u00e0 diverses personnalit\u00e9s.<\/p>\n<p>Le sociologue Alain Ehrenberg dessine la figure de l&#8217;individu contemporain : &#8220;on demande moins aux gens d&#8217;ob\u00e9ir que d&#8217;avoir de l&#8217;initiative, moins de se conformer \u00e0 des interdits que de devenir soi-m\u00eame.&#8221; &#8220;D\u00e9gageons la notion d&#8217;individu de sa caricature individualiste&#8221; , recommande le philosophe Dominique Lecourt. Et V\u00e9ronique Tessier, responsable nationale de la Jeunesse ouvri\u00e8re catholique, montre des jeunes qui doivent trouver leur place dans la soci\u00e9t\u00e9 avant de s&#8217;int\u00e9resser \u00e0 son devenir. Le dirigeant communiste Serge Guichard met en \u00e9vidence l&#8217;enjeu du moment : &#8220;est-ce que tout projet politique, toute action, aspiration, mettant l&#8217;individu et la dynamique des droits de l&#8217;Homme au coeur de ses pr\u00e9occupations, de ses objectifs, est fatalement vou\u00e9 \u00e0 flirter avec les pens\u00e9es lib\u00e9rales ?&#8221; Pour l&#8217;\u00e9conomiste Alain Lipietz, &#8220;la France n&#8217;\u00e9chappera au couple infernal \u00ab\u00c9tat- March\u00e9\u00bb qu&#8217;en renouant avec ses combats anciens pour la libre association des individus, par la base&#8221;. Pour Philippe Breton, &#8220;c&#8217;est peut-\u00eatre la question de la d\u00e9mocratie qu&#8217;il faut poser \u00e0 travers la repr\u00e9sentation qui se diffuse aujourd&#8217;hui d&#8217;un Homme qui ne se r\u00e9aliserait pleinement qu&#8217;en tant qu&#8217;individu&#8221;. L&#8217;historienne Mich\u00e8le Riot-Sarcey se r\u00e9jouit des nouvelles perspectives qui s&#8217;offrent \u00e0 nous. &#8220;Les dogmes anciens s&#8217;\u00e9puisent. Cela g\u00e9n\u00e8re, certes, l&#8217;angoisse, mais favorise aussi l&#8217;expression des individus&#8230;&#8221; Enfin le philosophe Jacques Milhau abordera d&#8217;un point de vue plus th\u00e9orique dans un prochain num\u00e9ro de Regards &#8220;l&#8217;individualisme solidaire&#8221;.<\/p>\n","protected":false},"excerpt":{"rendered":"<p> Voir aussi <\/p>\n","protected":false},"author":1,"featured_media":0,"comment_status":"open","ping_status":"open","sticky":false,"template":"","format":"standard","meta":{"_themeisle_gutenberg_block_has_review":false,"footnotes":""},"categories":[141],"tags":[294],"class_list":["post-1307","post","type-post","status-publish","format-standard","hentry","category-archives-web","tag-recherche"],"_links":{"self":[{"href":"https:\/\/archives.regards.fr\/index.php?rest_route=\/wp\/v2\/posts\/1307","targetHints":{"allow":["GET"]}}],"collection":[{"href":"https:\/\/archives.regards.fr\/index.php?rest_route=\/wp\/v2\/posts"}],"about":[{"href":"https:\/\/archives.regards.fr\/index.php?rest_route=\/wp\/v2\/types\/post"}],"author":[{"embeddable":true,"href":"https:\/\/archives.regards.fr\/index.php?rest_route=\/wp\/v2\/users\/1"}],"replies":[{"embeddable":true,"href":"https:\/\/archives.regards.fr\/index.php?rest_route=%2Fwp%2Fv2%2Fcomments&post=1307"}],"version-history":[{"count":0,"href":"https:\/\/archives.regards.fr\/index.php?rest_route=\/wp\/v2\/posts\/1307\/revisions"}],"wp:attachment":[{"href":"https:\/\/archives.regards.fr\/index.php?rest_route=%2Fwp%2Fv2%2Fmedia&parent=1307"}],"wp:term":[{"taxonomy":"category","embeddable":true,"href":"https:\/\/archives.regards.fr\/index.php?rest_route=%2Fwp%2Fv2%2Fcategories&post=1307"},{"taxonomy":"post_tag","embeddable":true,"href":"https:\/\/archives.regards.fr\/index.php?rest_route=%2Fwp%2Fv2%2Ftags&post=1307"}],"curies":[{"name":"wp","href":"https:\/\/api.w.org\/{rel}","templated":true}]}}