{"id":13068,"date":"2021-07-02T12:22:23","date_gmt":"2021-07-02T10:22:23","guid":{"rendered":"https:\/\/wp.muchomaas.com\/article-vanessa-jerome-les-ecologistes-sont-la-pour-subvertir-et-subverdir-le-champ\/"},"modified":"2023-06-24T00:18:03","modified_gmt":"2023-06-23T22:18:03","slug":"article-vanessa-jerome-les-ecologistes-sont-la-pour-subvertir-et-subverdir-le-champ","status":"publish","type":"post","link":"https:\/\/archives.regards.fr\/?p=13068","title":{"rendered":"Vanessa J\u00e9rome : \u00ab Les \u00e9cologistes sont l\u00e0 pour subvertir et subverdir le champ politique \u00bb"},"content":{"rendered":"<p class=\"post_excerpt\">Qui sont les \u00e9cologistes ? Quelle place occupent-ils dans l\u2019espace politique ? Pourquoi sont-ils souvent caricatur\u00e9s et pourquoi tant d\u2019\u00e9colo-bashing dans les m\u00e9dias ? Vanessa J\u00e9rome, politiste, autrice de <em>Militer chez les Verts<\/em> aux Presses de Sciences Po, est l\u2019invit\u00e9e de #LaMidinale.<\/p>\n<h2>UNE MIDINALE \u00c0 VOIR&#8230;<\/h2>\n<p><iframe loading=\"lazy\" width=\"490\" height=\"276\" src=\"https:\/\/www.youtube.com\/embed\/rKlU8F6bL1g\" title=\"YouTube video player\" frameborder=\"0\" allow=\"accelerometer; autoplay; clipboard-write; encrypted-media; gyroscope; picture-in-picture\" allowfullscreen><\/iframe><\/p>\n<p>&nbsp;<\/p>\n<p><h2>&#8230;ET A LIRE<\/h2>\n<p><em>\u00a0<strong>Sur l\u2019habitus minoritaire des \u00e9cologistes<\/em>\u00a0<\/strong><br \/>\n\u00ab\u00a0L\u2019habitus minoritaire ne veut pas dire que les verts sont minoritaires dans le champ politique et qu\u2019ils auraient vocation \u00e0 le rester.\u00a0\u00bb<br \/>\n\u00ab\u00a0L\u2019habitus minoritaire signifie que tous les engag\u00e9s au parti des Verts ont eu une socialisation primaire, secondaire, une histoire de vie, une \u00e9ducation qui fait qu\u2019ils se consid\u00e8rent \u00e0 tort ou \u00e0 raison &#8211; et peut importe que \u00e7a soit vrai, ce qui comptent c\u2019est comment ils se sentent eux &#8211; uniques, diff\u00e9rents : ils sont par exemple le premier dipl\u00f4me de la famille, la seule personne gay ou lesbienne de la famille, les seuls \u00e0 avoir fait un volontariat de service long.\u00a0\u00bb<br \/>\n\u00ab\u00a0Cet habitus n\u2019est pas r\u00e9serv\u00e9 aux Verts mais pour les militants verts ce sentiment domine leur trajectoire et les conduit au seuil du parti vert qui se pr\u00e9sente comme un parti qui veut faire de la politique autrement.\u00a0\u00bb<br \/>\nSur la politisation des \u00e9cologistes<br \/>\n\u00ab\u00a0On n\u2019arrive pas n\u00e9cessairement au parti des verts par la cause environnementale mais par exemple par la question scolaire &#8211; via des associations de parents d\u2019\u00e9l\u00e8ves &#8211; ou le f\u00e9minisme.\u00a0L\u2019engagement des verts n\u2019est pas seulement l\u2019environnement. \u00bb<br \/>\n\u00ab\u00a0Sur la politisation des engag\u00e9s au parti des verts, on retrouve \u00e0 toutes les \u00e9poques des profils tr\u00e8s diff\u00e9renci\u00e9s. Ils ont un rapport tr\u00e8s paradoxal \u00e0 la politique qui est pluriel. Il y a des gens pour qui la politique est un h\u00e9ritage de famille avec une longue tradition militante et ceux-l\u00e0 ont commenc\u00e9 leur trajectoire politique avant de s\u2019\u00e9cologiser. Il y a d\u2019autres profils, inverse, de militants associatifs et qui ont peu \u00e0 peu accept\u00e9 de politiser leurs engagements et leurs luttes en entrant dans un parti.\u00a0\u00bb<\/p>\n<p><em>\u00a0<strong>Sur la professionnalisation des \u00e9cologistes<\/em>\u00a0<\/strong><br \/>\n\u00ab\u00a0Je parle plut\u00f4t de semi-professionalisation : d\u2019abord parce qu\u2019ils ne montent pas tr\u00e8s haut dans les fonctions m\u00eame s\u2019ils ont eu quelques ministres. Ce n&#8217;est pas une professionnalisation au sens des fonctions les plus hautes dans le champ politique. C\u2019est aussi une semi-professionalisation dans le sens o\u00f9 pour se professionnaliser en politique il faut avoir l\u2019occasion d\u2019acqu\u00e9rir et d\u2019exercer les savoir-faire, les bricolages qui font le m\u00e9tier politique.\u00a0\u00bb<br \/>\n\u00ab\u00a0Chez les Verts il y a ce que j\u2019appelle les carri\u00e8res feu d\u2019artifices.\u00a0Il est tr\u00e8s facile d\u2019obtenir des mandats avec des listes ouvertes et des personnes de la soci\u00e9t\u00e9 civile. On peut monter tr\u00e8s haut et tr\u00e8s vite mais on peut aussi tout perdre et ne plus rien devenir du tout. Il n\u2019y a pas de capitalisation sur le long terme des militants. \u00bb<br \/>\n\u00ab\u00a0On a souvent consid\u00e9r\u00e9 que les Verts n&#8217;\u00e9taient pas assez normalis\u00e9s, ce qui voulait dire qu\u2019ils n\u2019\u00e9taient pas assez adapt\u00e9s au champ politique. D\u2019autres voient dans Les Verts un parti qui s\u2019est trop normalis\u00e9 parce qu\u2019ils auraient perdu leurs id\u00e9aux, leurs\u00a0 ambitions organisationnels de faire ce qu\u2019ils appellent faire de la politique autrement. En r\u00e9alit\u00e9, c\u2019est ni l\u2019un ni l\u2019autre, ils ont toujours \u00e9t\u00e9 dans un espace de l\u2019entre deux. Il y a des gens tr\u00e8s int\u00e9gr\u00e9s qui poussent le parti dans les n\u00e9gociations partisanes, dans les mani\u00e8res d\u2019exercer les fonctions dans les institutions et il y a ceux qui r\u00e9sistent.\u00a0\u00bb<br \/>\n\u00ab\u00a0L\u2019int\u00e9r\u00eat de ce parti c\u2019est qu\u2019il est rest\u00e9 pluriel. Il autorise des formes plurielles de trajectoire, de rapport au politique et de volont\u00e9 de s\u2019int\u00e9grer plus ou moins dans le champ politique.\u00a0\u00bb<br \/>\n\u00ab\u00a0Les \u00e9cologistes sont l\u00e0 pour subvertir et subverdire le champ politique.\u00a0\u00bb<br \/>\nSur les sensibilit\u00e9s diff\u00e9rentes au sein des verts<br \/>\n\u00ab\u00a0C\u2019est \u00e0 la fois un handicap et une force. La force c\u2019est que \u00e7a attire des gens qui ne seraient pas venus autrement \u00e0 la politique. L\u2019avantage c\u2019est que c\u2019est un parti qui est constamment en mouvement du point de vue des id\u00e9es.\u00a0Ils sont constamment en processus programmatique (\u2026). Le revers de la m\u00e9daille c\u2019est que le parti para\u00eet tr\u00e8s h\u00e9t\u00e9roclite et d\u00e9sordonn\u00e9. On leur reproche toujours de ne pas \u00eatre cr\u00e9dibles pour gouverner &#8211; et notamment la France.\u00a0\u00bb<br \/>\n\u00ab\u00a0Les \u00e9cologistes ont cette force d\u2019\u00eatre \u00e0 l\u2019avant-garde de la soci\u00e9t\u00e9, de la politique.\u00a0\u00bb<\/p>\n<p><em>\u00a0<strong>Sur EELV et la gauche<\/em>\u00a0<\/strong><br \/>\n\u00ab\u00a0Si on regarde le discours strat\u00e9gique de l\u2019entreprise partisane EELV, on a un d\u00e9but d\u2019histoire que l\u2019on pourrait consid\u00e9rer ni-ni, la fameuse \u00e8re waechterienne.\u00a0\u00bb<br \/>\n\u00ab\u00a0Le ni-ni pour EELV, ce n\u2019est pas le ni droite ni gauche mais ni productivisme de gauche ni productivisme de droite.\u00a0\u00bb<br \/>\n\u00ab\u00a0Il y a eu le tournant \u00e0 gauche d\u2019EELV avec la gauche plurielle et Dominique Voynet.\u00a0\u00bb<br \/>\n\u00ab\u00a0Aujourd\u2019hui, il y a une volont\u00e9 d\u2019autonomie d\u2019EELV : ils ne veulent pas avoir \u00e0 sauver la vieille social-d\u00e9mocratie qui les a emmen\u00e9s dans le mur depuis des d\u00e9cennies et encore moins \u00e0 sauver le Parti socialiste.\u00a0\u00bb<br \/>\n\u00ab\u00a0Pour l\u2019essentiel, les militants d\u2019EELV sont ancr\u00e9s \u00e0 gauche.\u00a0\u00bb<br \/>\n\u00ab\u00a0l\u2019habitus minoritaire dispose les militants \u00e0 une forme d\u2019empathie avec les minorit\u00e9s en lutte.\u00a0\u00bb<br \/>\n\u00ab\u00a0Il y a un \u00e9cart entre les militants et leurs chefs, par strat\u00e9gie politicienne, aller par exemple \u00e0 la manifestation avec les syndicats de police.\u00a0\u00bb<br \/>\n\u00ab\u00a0La pente glissante d\u2019EELV, ce n\u2019est pas la droitisation mais PRG-isation.\u00a0\u00bb<br \/>\n\u00ab\u00a0Dans le parti vert, il y a une esp\u00e8ce de r\u00e9paration par tiers : un tiers de militants tr\u00e8s proches du Parti socialiste, un tiers autonome qui veut construire une \u00e9cologie d\u00e9gag\u00e9e des anciens partis, et un tiers proche de la gauche de la gauche.\u00a0Et cela cr\u00e9e une sorte d\u2019\u00e9quilibre.\u00a0\u00bb<br \/>\n\u00ab\u00a0En ce moment, c\u2019est plut\u00f4t le Parti socialiste qui se verdit : il laisse maintenant d\u00e9cider les groupes locaux pour d\u00e9cider leur strat\u00e9gie, il personnifie les \u00e9lections internes via des primaires &#8211; dont les Verts sont les pionniers en France.\u00a0\u00bb<\/p>\n<p><em>\u00a0<strong>Sur les pol\u00e9miques autour des Verts<\/em>\u00a0<\/strong><br \/>\n\u00ab\u00a0L\u2019\u00e9colobashing a toujours exist\u00e9.\u00a0\u00bb<br \/>\n\u00ab\u00a0Chez les \u00e9cologistes, il y a un lien entre les propositions politiques et les pratiques quotidiennes.\u00a0\u00bb<br \/>\n\u00ab\u00a0Il y a trois mani\u00e8res de faire avec les \u00e9colos : soit on essaie de r\u00e9cup\u00e9rer leur programme, soit on essaie de r\u00e9cup\u00e9rer leur personnel politique, soit on les stigmatise.\u00a0Il y a une permanence \u00e0 cet endroit.\u00a0\u00bb<\/p>\n<p><em>\u00a0<strong>Sur l\u2019Etat et EELV\u00a0<\/em>\u00a0<\/strong><br \/>\n\u00ab\u00a0Les \u00e9cologistes ont soit un discours infra-Etat, c\u2019est-\u00e0-dire localo-localiste, r\u00e9gionaliste ou municipaliste, soit supra-Etat, c\u2019est-\u00e0-dire europ\u00e9en.\u00a0\u00bb<br \/>\n\u00ab\u00a0Pour un \u00e9cologiste, l\u2019Etat-nation, c\u2019est le complexe militaro-industriel du nucl\u00e9aire, l\u2019Etat qui cache, violent, qui uniformise.\u00a0\u00bb<br \/>\n\u00ab\u00a0EELV essaie de r\u00e9interpr\u00e9ter l\u2019Etat et la R\u00e9publique.\u00a0\u00bb<br \/>\n\u00ab\u00a0La question va \u00eatre de savoir si, dans le cadre de l\u2019\u00e9lection pr\u00e9sidentielle, EELV va \u00eatre capable de porter un discours de l\u2019Etat, par l\u2019Etat, \u00e0 propos de l\u2019Etat mais en transformant la vision ou l\u2019id\u00e9al de ce que serait l&#8217;\u00c9tat s\u2019ils dirigeaient la France.\u00a0\u00bb<div id='gallery-1' class='gallery galleryid-13068 gallery-columns-3 gallery-size-thumbnail'><figure class='gallery-item'>\n\t\t\t<div class='gallery-icon landscape'>\n\t\t\t\t<a href='https:\/\/archives.regards.fr\/wp-content\/uploads\/2021\/07\/capture_d_e_cran_2021-07-02_a_12-336.16.14.png'><img loading=\"lazy\" decoding=\"async\" width=\"150\" height=\"150\" src=\"https:\/\/archives.regards.fr\/wp-content\/uploads\/2021\/07\/capture_d_e_cran_2021-07-02_a_12-336.16.14-150x150.png\" class=\"attachment-thumbnail size-thumbnail\" alt=\"capture_d_e_cran_2021-07-02_a_12.16.14.png\" \/><\/a>\n\t\t\t<\/div><\/figure>\n\t\t<\/div>\n<\/p>\n","protected":false},"excerpt":{"rendered":"<p>Qui sont les \u00e9cologistes ? Quelle place occupent-ils dans l\u2019espace politique ? Pourquoi sont-ils souvent caricatur\u00e9s et pourquoi tant d\u2019\u00e9colo-bashing dans les m\u00e9dias ? Vanessa J\u00e9rome, politiste, autrice de <em>Militer chez les Verts<\/em> aux Presses de Sciences Po, est l\u2019invit\u00e9e de #LaMidinale.<\/p>\n","protected":false},"author":1204,"featured_media":30773,"comment_status":"open","ping_status":"open","sticky":false,"template":"","format":"standard","meta":{"_themeisle_gutenberg_block_has_review":false,"footnotes":""},"categories":[238],"tags":[293],"class_list":["post-13068","post","type-post","status-publish","format-standard","has-post-thumbnail","hentry","category-la-midinale","tag-entretien"],"_links":{"self":[{"href":"https:\/\/archives.regards.fr\/index.php?rest_route=\/wp\/v2\/posts\/13068","targetHints":{"allow":["GET"]}}],"collection":[{"href":"https:\/\/archives.regards.fr\/index.php?rest_route=\/wp\/v2\/posts"}],"about":[{"href":"https:\/\/archives.regards.fr\/index.php?rest_route=\/wp\/v2\/types\/post"}],"author":[{"embeddable":true,"href":"https:\/\/archives.regards.fr\/index.php?rest_route=\/wp\/v2\/users\/1204"}],"replies":[{"embeddable":true,"href":"https:\/\/archives.regards.fr\/index.php?rest_route=%2Fwp%2Fv2%2Fcomments&post=13068"}],"version-history":[{"count":0,"href":"https:\/\/archives.regards.fr\/index.php?rest_route=\/wp\/v2\/posts\/13068\/revisions"}],"wp:featuredmedia":[{"embeddable":true,"href":"https:\/\/archives.regards.fr\/index.php?rest_route=\/wp\/v2\/media\/30773"}],"wp:attachment":[{"href":"https:\/\/archives.regards.fr\/index.php?rest_route=%2Fwp%2Fv2%2Fmedia&parent=13068"}],"wp:term":[{"taxonomy":"category","embeddable":true,"href":"https:\/\/archives.regards.fr\/index.php?rest_route=%2Fwp%2Fv2%2Fcategories&post=13068"},{"taxonomy":"post_tag","embeddable":true,"href":"https:\/\/archives.regards.fr\/index.php?rest_route=%2Fwp%2Fv2%2Ftags&post=13068"}],"curies":[{"name":"wp","href":"https:\/\/api.w.org\/{rel}","templated":true}]}}