{"id":13067,"date":"2021-07-01T15:26:26","date_gmt":"2021-07-01T13:26:26","guid":{"rendered":"https:\/\/wp.muchomaas.com\/article-denis-gravouil-la-reforme-de-l-assurance-chomage-voulue-par-le-gouvernement-est\/"},"modified":"2023-06-24T00:18:03","modified_gmt":"2023-06-23T22:18:03","slug":"article-denis-gravouil-la-reforme-de-l-assurance-chomage-voulue-par-le-gouvernement-est","status":"publish","type":"post","link":"https:\/\/archives.regards.fr\/?p=13067","title":{"rendered":"Denis Gravouil : \u00ab La r\u00e9forme de l&#8217;assurance ch\u00f4mage voulue par le gouvernement est absurde \u00bb"},"content":{"rendered":"<p class=\"post_excerpt\">Ce jeudi 1er juillet, alors que le Conseil d\u2019\u00c9tat a rejet\u00e9 une partie des dispositions de la r\u00e9forme du ch\u00f4mage, entre en vigueur une partie de la r\u00e9forme de l\u2019assurance ch\u00f4mage et notamment la d\u00e9gressivit\u00e9 des allocations pour les hauts revenus. Denis Gravouil, secr\u00e9taire g\u00e9n\u00e9ral de la CGT Culture, charg\u00e9 des n\u00e9gociations de l\u2019assurance ch\u00f4mage, est l&#8217;invit\u00e9 de #LaMidinale. <\/p>\n<h2>UNE MIDINALE \u00c0 VOIR&#8230;<\/h2>\n<p><iframe loading=\"lazy\" width=\"490\" height=\"276\" src=\"https:\/\/www.youtube.com\/embed\/UHYZf4DpeQk\" title=\"YouTube video player\" frameborder=\"0\" allow=\"accelerometer; autoplay; clipboard-write; encrypted-media; gyroscope; picture-in-picture\" allowfullscreen><\/iframe><\/p>\n<p>&nbsp;<\/p>\n<p><h2>&#8230;ET A LIRE<\/h2>\n<p><em>\u00a0<strong>Sur la gr\u00e8ve des cheminots<\/em>\u00a0<\/strong><br \/>\n\u00ab\u00a0Les cheminots ont raison de se mettre en gr\u00e8ve.\u00a0\u00bb<br \/>\n\u00ab\u00a0On est en train de voir tous les effets de la r\u00e9forme ferroviaire.\u00a0\u00bb<br \/>\n\u00ab\u00a0La r\u00e9organisation interne de la SNCF se fait au d\u00e9triment des cheminots et donc du service public.\u00a0\u00bb<br \/>\n\u00ab\u00a0Si certains pensent que \u00e7a n\u2019est pas bien de faire gr\u00e8ve, on peut aussi consid\u00e9rer que \u00e7a n\u2019est pas bien de faire passer des r\u00e9formes en se servant du Covid et du soi-disant retour \u00e0 la normale.\u00a0\u00bb<\/p>\n<p><em>\u00a0<strong>Sur la r\u00e9forme de l\u2019assurance ch\u00f4mage<\/em>\u00a0<\/strong><br \/>\n\u00ab\u00a0On fait semblant que c\u2019est une r\u00e9forme \u00e9quilibr\u00e9e alors qu\u2019on tape tr\u00e8s fort sur les ch\u00f4meurs en faisant comme s\u2019ils \u00e9taient responsables d\u2019accepter des contrats courts parce qu\u2019ils n\u2019ont pas le choix que de les accepter alors qu\u2019en fait c\u2019est les recruteurs sur lesquels il faut regarder.\u00a0\u00bb<br \/>\n\u00ab\u00a0La tartufferie se r\u00e9v\u00e8le enti\u00e8re quand on voit que ce qui a permis la recrudescence des contrats courts, c\u2019est la d\u00e9r\u00e9gulation du code du travail, les diff\u00e9rents am\u00e9nagements de la loi travail qui ont favoris\u00e9 les recours aux CDD.\u00a0La vraie pression devrait se faire par un renforcement du code du travail et un malus sur les recours \u00e0 tous les contrats pr\u00e9caires. \u00bb<\/p>\n<p><em>\u00a0<strong>Sur la d\u00e9gressivit\u00e9 des allocations<\/em>\u00a0<\/strong><br \/>\n\u00ab\u00a0On pourrait se dire que la d\u00e9gressivit\u00e9 ne concerne que les hauts salaires et que c\u2019est d\u00e9j\u00e0 pas si mal.\u00a0\u00bb<br \/>\n\u00ab\u00a0La d\u00e9gressivit\u00e9 touche aussi des gens qui vont avoir du mal \u00e0 retrouver du travail &#8211; comme si c\u2019\u00e9tait de leur faute. Les gens recherchent du boulot \u00e0 la hauteur de leurs qualifications. La d\u00e9gressivit\u00e9 est absurde parce que \u00e7a ne cr\u00e9e pas d\u2019emploi et \u00e7a ne fait que pousser des gens \u00e0 accepter des emplois en dessous de leur qualification. Ils prennent le travail de quelqu\u2019un de moins qualifi\u00e9 et ainsi de suite en cascade ce qui fait que c\u2019est les moins qualifi\u00e9s qui se retrouvent \u00e0 avoir plus de difficult\u00e9s \u00e0 trouver un emploi.\u00a0\u00bb\u00a0<\/p>\n<p><em>\u00a0<strong>Sur le nouveau mode de calcul des indemnit\u00e9s et son entr\u00e9e en vigueur<\/em>\u00a0<\/strong><br \/>\n\u00ab\u00a0Le mode de calcul des indemnit\u00e9s ch\u00f4mage a \u00e9t\u00e9 suspendu par r\u00e9f\u00e9r\u00e9 de suspension du Conseil d\u2019Etat.\u00a0\u00bb<br \/>\n\u00ab\u00a0La d\u00e9cision du Conseil d\u2019Etat est une vraie baffe inflig\u00e9e au gouvernement.\u00a0Et c\u2019est surtout une bonne nouvelle pour 1,15 millions de personnes. \u00bb<br \/>\n\u00ab\u00a0L\u2019argumentaire du minist\u00e8re du travail consiste \u00e0 dire qu\u2019on va baisser les allocations des ch\u00f4meurs pour les inciter \u00e0 prendre un CDI. C\u2019est absurde et il suffit de regarder les 3,5 millions de ch\u00f4meurs qui n\u2019ont pas d\u2019allocation.\u00a0\u00bb<\/p>\n<p><em>\u00a0<strong>Sur la fin du quoiqu\u2019il en co\u00fbte<\/em>\u00a0<\/strong><br \/>\n\u00ab\u00a0L\u2019activit\u00e9 partielle n\u2019a pas couvert les contrats en CDD : ils \u00e9taient donc pr\u00e9caris\u00e9s, \u00e0 P\u00f4le Emploi sans indemnit\u00e9s ou tr\u00e8s faibles.\u00a0\u00bb<br \/>\n\u00ab\u00a0Il y a un risque de baisse de salaire, diff\u00e9renci\u00e9e selon les secteurs : on maintient les emplois avec les aides de l\u2019Etat et de l\u2019Un\u00e9dic qui paie un tiers de l\u2019activit\u00e9 partielle mais on ne garantit pas des niveaux de revenus. On utilise donc la crise pour baisser les r\u00e9mun\u00e9rations et faire des \u00e9conomies sur le dos des salari\u00e9s en faisant du chantage \u00e0 l\u2019emploi.\u00a0\u00bb<br \/>\n\u00ab\u00a0Des dizaines de milliers de personnes vont se retrouver en fin de droits d\u2019un seul coup en juillet comme si tout \u00e9tait retourn\u00e9 \u00e0 la normale alors que l\u2019on sait tr\u00e8s bien que c\u2019est plus dur de retrouver du boulot quand on \u00e9tait ch\u00f4meur et pas d\u2019en trouver un autre quand on \u00e9tait en CDI.\u00a0\u00bb<\/p>\n<p><em>\u00a0<strong>Sur la r\u00e9ouverture des th\u00e9\u00e2tres et le d\u00e9but des festivals estivaux<\/em>\u00a0<\/strong><br \/>\n\u00ab\u00a0Tout le monde est content que cela rouvre\u2026 m\u00eame si tout n\u2019a pas rouvert : beaucoup de gros \u00e9v\u00e9nements et de concerts sont annul\u00e9s par des pr\u00e9fets.\u00a0\u00bb<br \/>\n\u00ab\u00a0Le gouvernement a pr\u00e9tendu que tout \u00e9tait r\u00e9gl\u00e9 pour la reprise or il n\u2019y a pas de plan de reprise pour le spectacle vivant.\u00a0\u00bb<div id='gallery-1' class='gallery galleryid-13067 gallery-columns-3 gallery-size-thumbnail'><figure class='gallery-item'>\n\t\t\t<div class='gallery-icon landscape'>\n\t\t\t\t<a href='https:\/\/archives.regards.fr\/wp-content\/uploads\/2021\/07\/capture_d_e_cran_2021-07-01_a_15-aae.18.07.png'><img loading=\"lazy\" decoding=\"async\" width=\"150\" height=\"150\" src=\"https:\/\/archives.regards.fr\/wp-content\/uploads\/2021\/07\/capture_d_e_cran_2021-07-01_a_15-aae.18.07-150x150.png\" class=\"attachment-thumbnail size-thumbnail\" alt=\"capture_d_e_cran_2021-07-01_a_15.18.07.png\" \/><\/a>\n\t\t\t<\/div><\/figure>\n\t\t<\/div>\n<\/p>\n","protected":false},"excerpt":{"rendered":"<p>Ce jeudi 1er juillet, alors que le Conseil d\u2019\u00c9tat a rejet\u00e9 une partie des dispositions de la r\u00e9forme du ch\u00f4mage, entre en vigueur une partie de la r\u00e9forme de l\u2019assurance ch\u00f4mage et notamment la d\u00e9gressivit\u00e9 des allocations pour les hauts revenus. Denis Gravouil, secr\u00e9taire g\u00e9n\u00e9ral de la CGT Culture, charg\u00e9 des n\u00e9gociations de l\u2019assurance ch\u00f4mage, est l&#8217;invit\u00e9 de #LaMidinale. <\/p>\n","protected":false},"author":1204,"featured_media":30771,"comment_status":"open","ping_status":"open","sticky":false,"template":"","format":"standard","meta":{"_themeisle_gutenberg_block_has_review":false,"footnotes":""},"categories":[238],"tags":[293],"class_list":["post-13067","post","type-post","status-publish","format-standard","has-post-thumbnail","hentry","category-la-midinale","tag-entretien"],"_links":{"self":[{"href":"https:\/\/archives.regards.fr\/index.php?rest_route=\/wp\/v2\/posts\/13067","targetHints":{"allow":["GET"]}}],"collection":[{"href":"https:\/\/archives.regards.fr\/index.php?rest_route=\/wp\/v2\/posts"}],"about":[{"href":"https:\/\/archives.regards.fr\/index.php?rest_route=\/wp\/v2\/types\/post"}],"author":[{"embeddable":true,"href":"https:\/\/archives.regards.fr\/index.php?rest_route=\/wp\/v2\/users\/1204"}],"replies":[{"embeddable":true,"href":"https:\/\/archives.regards.fr\/index.php?rest_route=%2Fwp%2Fv2%2Fcomments&post=13067"}],"version-history":[{"count":0,"href":"https:\/\/archives.regards.fr\/index.php?rest_route=\/wp\/v2\/posts\/13067\/revisions"}],"wp:featuredmedia":[{"embeddable":true,"href":"https:\/\/archives.regards.fr\/index.php?rest_route=\/wp\/v2\/media\/30771"}],"wp:attachment":[{"href":"https:\/\/archives.regards.fr\/index.php?rest_route=%2Fwp%2Fv2%2Fmedia&parent=13067"}],"wp:term":[{"taxonomy":"category","embeddable":true,"href":"https:\/\/archives.regards.fr\/index.php?rest_route=%2Fwp%2Fv2%2Fcategories&post=13067"},{"taxonomy":"post_tag","embeddable":true,"href":"https:\/\/archives.regards.fr\/index.php?rest_route=%2Fwp%2Fv2%2Ftags&post=13067"}],"curies":[{"name":"wp","href":"https:\/\/api.w.org\/{rel}","templated":true}]}}