{"id":13065,"date":"2021-06-30T15:14:23","date_gmt":"2021-06-30T13:14:23","guid":{"rendered":"https:\/\/wp.muchomaas.com\/article-alain-bertho-l-etat-ne-prete-pas-attention-a-la-montee-depuis-cinq-ans-du\/"},"modified":"2023-06-24T00:18:02","modified_gmt":"2023-06-23T22:18:02","slug":"article-alain-bertho-l-etat-ne-prete-pas-attention-a-la-montee-depuis-cinq-ans-du","status":"publish","type":"post","link":"https:\/\/archives.regards.fr\/?p=13065","title":{"rendered":"Alain Bertho : \u00ab L\u2019\u00c9tat ne pr\u00eate pas attention \u00e0 la mont\u00e9e depuis cinq ans du terrorisme d\u2019extr\u00eame droite \u00bb"},"content":{"rendered":"<p class=\"post_excerpt\">Qu&#8217;est-ce que l&#8217;antiterrorisme fait \u00e0 l&#8217;\u00c9tat et \u00e0 nos libert\u00e9s ? L&#8217;anthropologue Alain Bertho est l&#8217;invit\u00e9 de #LaMidinale.<\/p>\n<p>Pour signer la p\u00e9tition, c&#8217;est par ici : <a href=\"http:\/\/chng.it\/78ytzpMv\">\u00ab Arr\u00eat de toute poursuite pour ces \u00ab ombres rouges \u00bb poursuivies par une vengeance d\u2019\u00c9tat \u00bb<\/a>\n<\/p>\n<h2>UNE MIDINALE \u00c0 VOIR&#8230;<\/h2>\n<p><iframe loading=\"lazy\" width=\"490\" height=\"276\" src=\"https:\/\/www.youtube.com\/embed\/lWh5Uaq-RiI\" title=\"YouTube video player\" frameborder=\"0\" allow=\"accelerometer; autoplay; clipboard-write; encrypted-media; gyroscope; picture-in-picture\" allowfullscreen><\/iframe><\/p>\n<p>&nbsp;<\/p>\n<p><h2>&#8230;ET A LIRE<\/h2>\n<p><em>\u00a0<strong>Sur la possible remise en cause de la doctrine Mitterrand par Macron (Brigades rouges)<\/em>\u00a0<\/strong><br \/>\n\u00ab\u00a0Pourquoi 40 ans apr\u00e8s les faits, alors que quatre pr\u00e9sidents de la R\u00e9publique avaient tenu sur la doctrine Mitterrand, remet-on en cause les engagements de la France ? C\u2019est la bonne question.\u00a0\u00bb<br \/>\n\u00ab\u00a0On comprend les enjeux pour l\u2019Italie qui n\u2019a jamais referm\u00e9 la page des ann\u00e9es plomb et l\u2019Etat italien continue \u00e0 \u00eatre anim\u00e9 par un esprit de vengeance. Mais pourquoi la France d\u00e9cide de faire \u00e7a ?\u00a0\u00bb<br \/>\n\u00ab\u00a0En \u00e9coutant les interventions du ministre de la justice, c\u2019est assez \u00e9vident : Dupond-Moretti t\u00e9lescope deux p\u00e9riodes historiques.\u00a0Il \u00e9tablit un r\u00e9cit sur un terrorisme intemporel contre lequel l\u2019Europe devrait se pr\u00e9server &#8211; et c\u2019est \u00e0 l\u2019agenda politique aujourd\u2019hui dirig\u00e9 principalement contre l\u2019Islam &#8211; tout en int\u00e9grant une autre dimension politique gr\u00e2ce \u00e0 cette r\u00e9ponse favorable \u00e0 l\u2019Italie.\u00a0Il y a d\u00e9j\u00e0 eu une tentative pour int\u00e9grer l\u2019extr\u00eame gauche dans le champ de la menace terroriste qui remonte \u00e0 2008 avec le groupe de Tarnac. \u00bb<br \/>\n\u00ab\u00a0C\u2019est une affaire dont on doit prendre toute la mesure politique.\u00a0\u00bb<br \/>\n\u00ab\u00a0Il y a une v\u00e9ritable d\u00e9rive de la l\u00e9gislation fran\u00e7aise.\u00a0\u00bb<\/p>\n<p><em>\u00a0<strong>Sur la lutte antiterroriste\u00a0<\/em>\u00a0<\/strong><br \/>\n\u00ab\u00a0Ce qui est nouveau et auquel l\u2019Etat ne pr\u00eate pas attention c\u2019est la mont\u00e9e depuis cinq ans du terrorisme d\u2019extr\u00eame droite &#8211; alors que le terrorisme dans le monde est en recul depuis plusieurs ann\u00e9es.\u00a0<br \/>\n\u00ab\u00a0L\u2019essentiel du terrorisme est dans les pays en guerre : c\u2019est le Moyen-Orient, l\u2019Afrique.\u00a0\u00bb<br \/>\n\u00ab\u00a0La menace terroriste islamique, \u00e0 partir de 2012 et surtout 2015, a permis l\u2019accentuation des lois antiterroristes des ann\u00e9es 80.\u00a0\u00bb<br \/>\n\u00ab\u00a0La d\u00e9politisation des actes antiterroristes est une constante dans notre histoire contemporaine.\u00a0\u00bb<br \/>\n\u00ab \u00c0 partir de 2010, il y a la mise en place de la surveillance pour pr\u00e9venir. Le paradoxe, c\u2019est qu\u2019il y a une sur-politisation de la surveillance qui am\u00e8ne en France \u00e0 une d\u00e9rive qui est la logique du suspect.\u00a0\u00bb<br \/>\n\u00ab\u00a0On arrive aujourd\u2019hui \u00e0 une l\u00e9gislation antiterroriste en France qui est pire que ce que l\u2019Italie avait fait dans les ann\u00e9es 70.\u00a0\u00bb<br \/>\n\u00ab\u00a0En France, on est dans la logique de la guerre.\u00a0\u00bb<br \/>\n\u00ab\u00a0Cette l\u00e9gislation d\u2019exception est toujours justifi\u00e9e par le fait qu\u2019il y a des ennemis d\u2019Etat. Et on met en place ce qu\u2019on appelle une sorte de droit p\u00e9nal de l\u2019ennemi. On est en guerre : c\u2019\u00e9tait le lexique du gouvernement italien qui menait une v\u00e9ritable guerre dans les ann\u00e9es 70. \u00bb<br \/>\n\u00ab\u00a0La l\u00e9gislation antiterroriste qui d\u00e9multiplie la surveillance\tpour anticiper les risques transforme potentiellement tout le monde en suspect.\u00a0\u00c7a a des effets dans le quotidien qui g\u00e9n\u00e8re des pratiques. \u00bb<\/p>\n<p><em>\u00a0<strong>Sur le droit p\u00e9nal de l\u2019ennemi\u00a0<\/em>\u00a0<\/strong><br \/>\n\u00ab\u00a0\u00c0 partir du moment o\u00f9 on consid\u00e8re qu\u2019il faut surveiller pour pr\u00e9venir, il y a tout un travail d\u2019identification des indices. \u00c7a a \u00e9t\u00e9 toutes les proc\u00e9dures et protocoles de ce qu\u2019on a appel\u00e9 la radicalisation.\u00a0\u00bb<br \/>\n\u00ab\u00a0Il y a des gens qui ont \u00e9t\u00e9 condamn\u00e9s non pas parce qu\u2019ils avaient fait des actes terroristes, non pas parce qu\u2019ils participaient \u00e0 une organisation terroriste, non pas parce qu\u2019ils sont all\u00e9s en Syrie, non pas parce qu\u2019ils ont essay\u00e9 d\u2019aller en Syrie mais parce qu\u2019ils avaient peut-\u00eatre essay\u00e9s d\u2019aller en Syrie.\u00a0\u00bb<br \/>\n\u00ab\u00a0Le point commun avec les ann\u00e9es de plomb italiennes c\u2019est que cette mise en place des dispositifs d\u2019exceptions dangereux s\u2019est fait dans un consensus politique en Italie et aujourd\u2019hui, les gouvernements successifs ont r\u00e9ussi \u00e0 construire un consensus r\u00e9pressif en France.\u00a0\u00bb<\/p>\n<p><em>\u00a0<strong>Sur la justice fran\u00e7aise\u00a0<\/em>\u00a0<\/strong><br \/>\n\u00ab\u00a0On veut mettre en prison des gens 40 ans apr\u00e8s les faits. Je rappelle qu\u2019en France, pour fermer la p\u00e9riode de la guerre d\u2019Alg\u00e9rie et des attentats d\u2019extr\u00eame droite, on a amnisti\u00e9 l\u2019OAS au milieu des ann\u00e9es 60.\u00a0\u00bb<br \/>\n\u00ab\u00a0Il y a un vrai probl\u00e8me : est-il l\u00e9gitime, 40 ans apr\u00e8s les faits, de r\u00e9clamer encore l\u2019ex\u00e9cution d\u2019une peine ? Ces femmes et ces hommes n\u2019ont pas pu retourner dans leur pays et ont construit leur vie en France.\u00a0\u00bb<br \/>\n\u00ab\u00a0Le processus judiciaire qui est engag\u00e9 est un processus qui respecte les r\u00e8gles de droit en France pour l\u2019instant. La suite des audiences, le juge a r\u00e9clam\u00e9 la totalit\u00e9 des pi\u00e8ces des proc\u00e8s de l\u2019\u00e9poque et non pas seulement les extraits qu\u2019avait envoy\u00e9s le gouvernement italien.\u00a0\u00bb<br \/>\n\u00ab\u00a0C\u2019est un proc\u00e8s qui est parti pour plusieurs ann\u00e9es.\u00a0\u00bb<\/p>\n<p><em>\u00a0<strong>Sur la d\u00e9finition du terrorisme<\/em>\u00a0<\/strong><br \/>\n\u00ab\u00a0Ce que l\u2019on compte comme terrorisme, c\u2019est ce que l\u2019on qualifie comme terrorisme.\u00a0\u00bb<br \/>\n\u00ab\u00a0Quelqu\u2019un qui p\u00e8te un boulon et qui se met \u00e0 tirer sur les gens dans la rue en criant Allah Akbar, c\u2019est du terrorisme.\u00a0\u00bb<br \/>\n\u00ab\u00a0Un survivaliste surarm\u00e9 qui a tap\u00e9 son ex-femme, qui frappe la femme actuelle et qui tire depuis un toit sur les gendarmes venus l\u2019arr\u00eater, ce n\u2019est pas du terrorisme.\u00a0\u00bb<\/p>\n<p><em>\u00a0<strong>Sur l\u2019islamogauchisme<\/em>\u00a0<\/strong><br \/>\n\u00ab\u00a0Si l\u2019on reprend l\u2019id\u00e9e que l\u2019on est en guerre, c\u2019est-\u00e0-dire qu\u2019il y a des combattants potentiels contre l\u2019Etat, dans une guerre, il y a aussi une cinqui\u00e8me colonne : ce ne sont pas des menaces directes, mais ils permettent et favorisent l\u2019organisation et le passage \u00e0 l\u2019acte des menaces (\u2026). C\u2019est ce qu\u2019a dit textuellement Caroline Fourest aux assises de la la\u00efcit\u00e9 : \u201cl\u2019islamophobie est un mot qui a arm\u00e9 les assassins de Charlie Hebdo et de Samuel Paty\u201d.\u00a0\u00bb<br \/>\n\u00ab\u00a0La cinqui\u00e8me colonne [islamogauchiste] est trait\u00e9e avec le droit p\u00e9nal de l\u2019ennemi : des champs et des probl\u00e9matiques de recherches peuvent \u00eatre dangereuses.\u00a0\u00bb<br \/>\n\u00ab\u00a0Que des hommes et des femmes politiques de gauche se soient simplement abstenus sur la loi contre les s\u00e9paratismes ou soient all\u00e9s manifester avec le syndicat Alliance me semble extr\u00eamement inqui\u00e9tant. Il serait temps de se r\u00e9veiller !\u00a0\u00bb<div id='gallery-1' class='gallery galleryid-13065 gallery-columns-3 gallery-size-thumbnail'><figure class='gallery-item'>\n\t\t\t<div class='gallery-icon landscape'>\n\t\t\t\t<a href='https:\/\/archives.regards.fr\/wp-content\/uploads\/2021\/06\/capture_d_e_cran_2021-06-30_a_15-7ee.11.45.png'><img loading=\"lazy\" decoding=\"async\" width=\"150\" height=\"150\" src=\"https:\/\/archives.regards.fr\/wp-content\/uploads\/2021\/06\/capture_d_e_cran_2021-06-30_a_15-7ee.11.45-150x150.png\" class=\"attachment-thumbnail size-thumbnail\" alt=\"capture_d_e_cran_2021-06-30_a_15.11.45.png\" \/><\/a>\n\t\t\t<\/div><\/figure>\n\t\t<\/div>\n<\/p>\n","protected":false},"excerpt":{"rendered":"<p>Qu&#8217;est-ce que l&#8217;antiterrorisme fait \u00e0 l&#8217;\u00c9tat et \u00e0 nos libert\u00e9s ? L&#8217;anthropologue Alain Bertho est l&#8217;invit\u00e9 de #LaMidinale.<\/p>\n<p>Pour signer la p\u00e9tition, c&#8217;est par ici : <a href=\"http:\/\/chng.it\/78ytzpMv\">\u00ab Arr\u00eat de toute poursuite pour ces \u00ab ombres rouges \u00bb poursuivies par une vengeance d\u2019\u00c9tat \u00bb<\/a><\/p>\n","protected":false},"author":1039,"featured_media":30769,"comment_status":"open","ping_status":"open","sticky":false,"template":"","format":"standard","meta":{"_themeisle_gutenberg_block_has_review":false,"footnotes":""},"categories":[238],"tags":[293],"class_list":["post-13065","post","type-post","status-publish","format-standard","has-post-thumbnail","hentry","category-la-midinale","tag-entretien"],"_links":{"self":[{"href":"https:\/\/archives.regards.fr\/index.php?rest_route=\/wp\/v2\/posts\/13065","targetHints":{"allow":["GET"]}}],"collection":[{"href":"https:\/\/archives.regards.fr\/index.php?rest_route=\/wp\/v2\/posts"}],"about":[{"href":"https:\/\/archives.regards.fr\/index.php?rest_route=\/wp\/v2\/types\/post"}],"author":[{"embeddable":true,"href":"https:\/\/archives.regards.fr\/index.php?rest_route=\/wp\/v2\/users\/1039"}],"replies":[{"embeddable":true,"href":"https:\/\/archives.regards.fr\/index.php?rest_route=%2Fwp%2Fv2%2Fcomments&post=13065"}],"version-history":[{"count":0,"href":"https:\/\/archives.regards.fr\/index.php?rest_route=\/wp\/v2\/posts\/13065\/revisions"}],"wp:featuredmedia":[{"embeddable":true,"href":"https:\/\/archives.regards.fr\/index.php?rest_route=\/wp\/v2\/media\/30769"}],"wp:attachment":[{"href":"https:\/\/archives.regards.fr\/index.php?rest_route=%2Fwp%2Fv2%2Fmedia&parent=13065"}],"wp:term":[{"taxonomy":"category","embeddable":true,"href":"https:\/\/archives.regards.fr\/index.php?rest_route=%2Fwp%2Fv2%2Fcategories&post=13065"},{"taxonomy":"post_tag","embeddable":true,"href":"https:\/\/archives.regards.fr\/index.php?rest_route=%2Fwp%2Fv2%2Ftags&post=13065"}],"curies":[{"name":"wp","href":"https:\/\/api.w.org\/{rel}","templated":true}]}}