{"id":13062,"date":"2021-06-29T12:20:54","date_gmt":"2021-06-29T10:20:54","guid":{"rendered":"https:\/\/wp.muchomaas.com\/article-elodie-bouzid-il-faut-que-l-envie-des-jeunes-d-agir-sur-le-climat-se-transforme\/"},"modified":"2023-06-24T00:18:00","modified_gmt":"2023-06-23T22:18:00","slug":"article-elodie-bouzid-il-faut-que-l-envie-des-jeunes-d-agir-sur-le-climat-se-transforme","status":"publish","type":"post","link":"https:\/\/archives.regards.fr\/?p=13062","title":{"rendered":"Elodie Bouzid : \u00ab Il faut que l\u2019envie des jeunes d\u2019agir sur le climat se transforme en vote \u00bb"},"content":{"rendered":"<p class=\"post_excerpt\">Elle vient d\u2019\u00eatre \u00e9lue au conseil r\u00e9gional d\u2019Ile-de-France. Elle n\u2019a que 19 ans. Elle est militante \u00e9cologiste, \u00e9tudiante en droit et en science politique. Elodie Bouzid est l\u2019invit\u00e9e de #LaMidinale. L&#8217;occasion de revenir sur l&#8217;abstention massive des jeunes.<\/p>\n<h2>UNE MIDINALE \u00c0 VOIR&#8230;<\/h2>\n<p><iframe loading=\"lazy\" width=\"490\" height=\"276\" src=\"https:\/\/www.youtube.com\/embed\/R2iIVIVX2cg\" title=\"YouTube video player\" frameborder=\"0\" allow=\"accelerometer; autoplay; clipboard-write; encrypted-media; gyroscope; picture-in-picture\" allowfullscreen><\/iframe><\/p>\n<p>&nbsp;<\/p>\n<p><h2>&#8230;ET A LIRE<\/h2>\n<p><em>\u00a0<strong>Sur les raisons d\u2019une candidature \u00e0 19 ans [\u00e9lections r\u00e9gionales]<\/em>\u00a0<\/strong><br \/>\n\u00ab\u00a0C\u2019est tout un cheminement qui commence depuis que je suis toute petite. Je suis n\u00e9e dans une famille de militants.\u00a0\u00bb\u00a0<br \/>\n\u00ab\u00a0J\u2019ai tr\u00e8s vite \u00e9t\u00e9 socialis\u00e9e \u00e0 ce monde politique et en particulier \u00e0 l\u2019\u00e9cologie.\u00a0\u00bb<br \/>\n\u00ab\u00a0C\u2019est vraiment au coll\u00e8ge que mon engagement a pris place en devenant v\u00e9g\u00e9tarienne \u00e0 13 ans.\u00a0\u00c7a m\u2019a conduit \u00e0 r\u00e9fl\u00e9chir \u00e0 l\u2019impact de nos gestes du quotidien sur l\u2019environnement. \u00bb<br \/>\n\u00ab\u00a0Jeu lyc\u00e9e, j\u2019ai particip\u00e9 aux diff\u00e9rentes mobilisation sur l\u2019environnement. Et j\u2019ai eu tr\u00e8s vite un sentiment de ne pas \u00eatre entendue et qui m\u2019a enrag\u00e9.\u00a0\u00bb<br \/>\n\u00ab\u00a0Comme on ne nous \u00e9coute pas, parce qu\u2019on n\u2019est jeune, je me suis dit que c\u2019\u00e9tait notre tour d\u2019aller si\u00e9ger dans les institutions.\u00a0\u00bb<\/p>\n<p><em>\u00a0<strong>Sur l\u2019abstention des jeunes\u00a0<\/em>\u00a0<\/strong><br \/>\n\u00ab\u00a0J\u2019entends souvent dans les m\u00e9dias que les jeunes ne seraient pas int\u00e9ress\u00e9s par la politique. C\u2019est faux. Et \u00e7a d\u00e9pend surtout de ce que l\u2019on entend par politique.\u00a0\u00bb<br \/>\n\u00ab\u00a0Les jeunes manifestent et sont tr\u00e8s engag\u00e9s dans le milieu associatif.\u00a0\u00bb<br \/>\n\u00ab\u00a0\u00c7a n\u2019est pas le rapport \u00e0 la politique qui d\u00e9gringole chez les jeunes mais la confiance qu\u2019ils ont dans la politique et qu\u2019ils ont dans les hommes et les femmes politiques.\u00a0\u00bb<br \/>\n\u00ab\u00a0La question climatique tient \u00e0 coeur la jeunesse qui pense que les hommes et les femmes politiques ne sont pas \u00e0 la hauteur des enjeux climatiques aujourd\u2019hui.\u00a0C\u2019est l\u2019une des raisons de leur abstention. \u00bb\u00a0<br \/>\n\u00ab\u00a0On doit montrer \u00e0 la jeunesse que plus qu\u2019\u00eatre concern\u00e9e, c\u2019est \u00e0 elle de d\u00e9cider de votre avenir.\u00a0\u00bb<br \/>\n\u00ab\u00a0Il faut que l\u2019envie des jeunes d\u2019agir sur le climat se transforme en vote.\u00a0\u00c7a n\u2019est pas en manifestant que les choses vont changer. \u00bb<\/p>\n<p><em>\u00a0<strong>Sur le clivage gauche\/droite\u00a0<\/em>\u00a0<\/strong><br \/>\n\u00ab On a encore une politisation gauche\/droite tr\u00e8s importante.\u00a0\u00bb<br \/>\n\u00ab\u00a0On doit se poser la question du d\u00e9passement gauche\/droite.\u00a0\u00bb<br \/>\n\u00ab\u00a0Je me revendique fondamentalement de gauche.\u00a0\u00bb<br \/>\n\u00ab\u00a0Il ne faut pas tomber dans les travers du en m\u00eame temps de LREM.\u00a0\u00bb<\/p>\n<p><em>\u00a0<strong>Sur l\u2019ann\u00e9e \u00e9tudiante<\/em>\u00a0<\/strong><br \/>\n\u00ab\u00a0J\u2019ai ressenti beaucoup de col\u00e8re et de frustration au cours de cette ann\u00e9e \u00e0 l\u2019universit\u00e9 avec le sentiment de ne pas avoir \u00e9t\u00e9 entendue.\u00a0\u00bb<br \/>\n\u00ab\u00a0Les jeunes vont encore dans les banques alimentaires.\u00a0\u00bb<br \/>\n\u00ab\u00a0Beaucoup de jeunes ont \u00e9t\u00e9 d\u00e9scolaris\u00e9s.\u00a0\u00bb<br \/>\n\u00ab\u00a0Les cons\u00e9quences de cette ann\u00e9e pass\u00e9e ne s\u2019analysent pas sur une seule ann\u00e9e mais sur la dur\u00e9e.\u00a0\u00bb<br \/>\n\u00ab\u00a0Je suis tr\u00e8s reconnaissante aux professeurs d\u2019avoir \u00e9t\u00e9 l\u00e0 pour nous alors qu\u2019ils \u00e9taient aussi dans une d\u00e9tresse.\u00a0\u00bb<br \/>\n\u00ab\u00a0Il faut r\u00e9int\u00e9grer la jeunesse dans la vie.\u00a0\u00bb<\/p>\n<p><em>\u00a0<strong>Sur une g\u00e9n\u00e9ration sacrifi\u00e9e<\/em>\u00a0<\/strong><br \/>\n\u00ab\u00a0Chaque g\u00e9n\u00e9ration a eu ses probl\u00e8mes au cours de l\u2019histoire.\u00a0\u00bb<br \/>\n\u00ab\u00a0On est n\u00e9 dans un climat de crise \u00e9conomique et on a du prendre en maturit\u00e9 tr\u00e8s vite.\u00a0\u00bb<br \/>\n\u00ab\u00a0D\u00e8s notre plus jeune \u00e2ge, on nous a parl\u00e9 de ch\u00f4mage et de probl\u00e8mes d\u2019emploi : cela vole notre enfance et notre adolescence.\u00a0\u00bb<br \/>\n\u00ab\u00a0Aujourd\u2019hui, via les r\u00e9seaux sociaux, c\u2019est bien plus simple de s\u2019exprimer : on fait un tweet, on poste sur instagram et du jour au lendemain, plus de 2.000 personnes peuvent l\u2019avoir vu.\u00a0\u00bb<br \/>\n\u00ab\u00a0Toute la classe politique est sur Twitter et cela rend visible nos tweets.\u00a0\u00bb<\/p>\n<p><em>\u00a0<strong>Sur la dynamique de rassemblement de la gauche et des \u00e9cologistes<\/em>\u00a0<\/strong><br \/>\n\u00ab\u00a0La dynamique d\u2019union a port\u00e9 ses fruits aux \u00e9lections r\u00e9gionales : tous les militants se sont mobilis\u00e9s pour le second tour en Ile-de-France m\u00eame si c\u2019est Val\u00e9rie P\u00e9cresse qui a gagn\u00e9.\u00a0\u00bb<br \/>\n\u00ab\u00a0Pour les pr\u00e9sidentielles, on ne peut pas avoir la m\u00eame grille d\u2019analyse que pour les \u00e9lections r\u00e9gionales.\u00a0\u00bb<br \/>\n\u00ab\u00a0La dynamique d\u2019union est importante certes mais on ne peut pas nier qu\u2019il y a des diff\u00e9rences entre les diff\u00e9rents mouvements de gauche ; pour les pr\u00e9sidentielles, tout reste donc un peu flou.\u00a0\u00bb<div id='gallery-1' class='gallery galleryid-13062 gallery-columns-3 gallery-size-thumbnail'><figure class='gallery-item'>\n\t\t\t<div class='gallery-icon landscape'>\n\t\t\t\t<a href='https:\/\/archives.regards.fr\/wp-content\/uploads\/2021\/06\/capture_d_e_cran_2021-06-29_a_12-6b2.08.01.png'><img loading=\"lazy\" decoding=\"async\" width=\"150\" height=\"150\" src=\"https:\/\/archives.regards.fr\/wp-content\/uploads\/2021\/06\/capture_d_e_cran_2021-06-29_a_12-6b2.08.01-150x150.png\" class=\"attachment-thumbnail size-thumbnail\" alt=\"capture_d_e_cran_2021-06-29_a_12.08.01.png\" \/><\/a>\n\t\t\t<\/div><\/figure>\n\t\t<\/div>\n<\/p>\n","protected":false},"excerpt":{"rendered":"<p>Elle vient d\u2019\u00eatre \u00e9lue au conseil r\u00e9gional d\u2019Ile-de-France. Elle n\u2019a que 19 ans. Elle est militante \u00e9cologiste, \u00e9tudiante en droit et en science politique. Elodie Bouzid est l\u2019invit\u00e9e de #LaMidinale. L&#8217;occasion de revenir sur l&#8217;abstention massive des jeunes.<\/p>\n","protected":false},"author":1,"featured_media":30756,"comment_status":"open","ping_status":"open","sticky":false,"template":"","format":"standard","meta":{"_themeisle_gutenberg_block_has_review":false,"footnotes":""},"categories":[238],"tags":[],"class_list":["post-13062","post","type-post","status-publish","format-standard","has-post-thumbnail","hentry","category-la-midinale"],"_links":{"self":[{"href":"https:\/\/archives.regards.fr\/index.php?rest_route=\/wp\/v2\/posts\/13062","targetHints":{"allow":["GET"]}}],"collection":[{"href":"https:\/\/archives.regards.fr\/index.php?rest_route=\/wp\/v2\/posts"}],"about":[{"href":"https:\/\/archives.regards.fr\/index.php?rest_route=\/wp\/v2\/types\/post"}],"author":[{"embeddable":true,"href":"https:\/\/archives.regards.fr\/index.php?rest_route=\/wp\/v2\/users\/1"}],"replies":[{"embeddable":true,"href":"https:\/\/archives.regards.fr\/index.php?rest_route=%2Fwp%2Fv2%2Fcomments&post=13062"}],"version-history":[{"count":0,"href":"https:\/\/archives.regards.fr\/index.php?rest_route=\/wp\/v2\/posts\/13062\/revisions"}],"wp:featuredmedia":[{"embeddable":true,"href":"https:\/\/archives.regards.fr\/index.php?rest_route=\/wp\/v2\/media\/30756"}],"wp:attachment":[{"href":"https:\/\/archives.regards.fr\/index.php?rest_route=%2Fwp%2Fv2%2Fmedia&parent=13062"}],"wp:term":[{"taxonomy":"category","embeddable":true,"href":"https:\/\/archives.regards.fr\/index.php?rest_route=%2Fwp%2Fv2%2Fcategories&post=13062"},{"taxonomy":"post_tag","embeddable":true,"href":"https:\/\/archives.regards.fr\/index.php?rest_route=%2Fwp%2Fv2%2Ftags&post=13062"}],"curies":[{"name":"wp","href":"https:\/\/api.w.org\/{rel}","templated":true}]}}