{"id":13052,"date":"2021-06-25T12:20:36","date_gmt":"2021-06-25T10:20:36","guid":{"rendered":"https:\/\/wp.muchomaas.com\/article-bernard-borgialli-lfi-j-irai-voter-pour-eliminer-le-rn-en-paca\/"},"modified":"2023-06-24T00:17:37","modified_gmt":"2023-06-23T22:17:37","slug":"article-bernard-borgialli-lfi-j-irai-voter-pour-eliminer-le-rn-en-paca","status":"publish","type":"post","link":"https:\/\/archives.regards.fr\/?p=13052","title":{"rendered":"Bernard Borgialli (LFI) : \u00ab J\u2019irai voter pour \u00e9liminer le RN en PACA \u00bb"},"content":{"rendered":"<p class=\"post_excerpt\">Ce week-end, \u00e0 l\u2019occasion du second tour des \u00e9lections r\u00e9gionales, les yeux seront tourn\u00e9s vers la r\u00e9gion PACA o\u00f9 le Rassemblement national esp\u00e8re toujours l\u2019emporter. Les sondages donnent Thierry Mariani et Renaud Muselier au coude-\u00e0-coude. Bernard Borgialli, co-chef de file LFI en PACA, est l\u2019invit\u00e9 de #LaMidinale.<\/p>\n<h2>UNE MIDINALE \u00c0 VOIR&#8230;<\/h2>\n<p><iframe loading=\"lazy\" width=\"490\" height=\"276\" src=\"https:\/\/www.youtube.com\/embed\/E5dlOPFu0Z4\" title=\"YouTube video player\" frameborder=\"0\" allow=\"accelerometer; autoplay; clipboard-write; encrypted-media; gyroscope; picture-in-picture\" allowfullscreen><\/iframe><\/p>\n<p>&nbsp;<\/p>\n<p><h2>&#8230;ET A LIRE<\/h2>\n<p><em>\u00a0<strong>Sur le front r\u00e9publicain en PACA<\/em>\u00a0<\/strong><br \/>\n\u00ab Par principe, j\u2019appelle les \u00e9lecteurs &#8211; notamment ceux qui auraient pu voter pour une vraie liste de gauche &#8211; \u00e0 se mobiliser pour \u00e9liminer du jeu le Rassemblement national.\u00a0\u00bb<br \/>\n\u00ab\u00a0Je ne donne pas de consigne de vote\u00a0parce que les gens en ont ras-le-bol d\u2019entre des consignes et surtout \u00e7a ne marche plus.\u00a0\u00bb<br \/>\n\u00ab\u00a0Les deux candidats de droite extr\u00eame et d\u2019extr\u00eame droite sont au coude-\u00e0-coude et il \u00e9vident qu\u2019avec les appels du pied fait \u00e0 Renaud Muselier, il aura des r\u00e9serves de voix que n\u2019a pas Thierry Mariani.\u00a0\u00bb<br \/>\n\u00ab\u00a0Je me d\u00e9placerai personnellement pour voter pour \u00e9liminer le RN qui est beaucoup trop pr\u00e9sent dans notre r\u00e9gion et dans notre pays.\u00a0\u00bb<br \/>\nSur l\u2019abstention\u00a0<br \/>\n\u00ab\u00a0Il n\u2019est plus question d\u2019une d\u00e9saffection du politique mais d\u2019un d\u00e9go\u00fbt politique.\u00a0\u00bb<br \/>\n\u00ab\u00a0Les gens ne voient plus dans la politique un moyen d\u2019\u00e9mancipation ou une r\u00e9ponse \u00e0 leur probl\u00e8me.\u00a0Ils ne voient plus l\u2019int\u00e9r\u00eat d\u2019aller voter. \u00bb<br \/>\n\u00ab\u00a0On est proche de ce que certains appellent la gr\u00e8ve civique.\u00a0\u00bb<\/p>\n<p><em>\u00a0<strong>Sur Thierry Mariani<\/em>\u00a0<\/strong><br \/>\n\u00ab\u00a0[Thierry Mariani, pr\u00e9sident de PACA], c\u2019est la mort \u00e0 la clef.\u00a0Il y a des ratonnades. Cl\u00e9ment M\u00e9ric est mort sur les coups de l\u2019extr\u00eame droite. On connait \u00e7a aussi \u00e0 Marseille avec beaucoup de situations o\u00f9 l\u2019extr\u00eame droite fait la d\u00e9monstration de sa violence, de son racisme ou de son antis\u00e9mitisme. \u00bb<br \/>\n\u00ab\u00a0Les insoumis re\u00e7oivent en ce moment un proc\u00e8s en r\u00e9publicanisme. Je pense que si chacun \u00e9tait honn\u00eate, il reconna\u00eetrait que le probl\u00e8me de la R\u00e9publique, c\u2019est l\u2019extr\u00eame droite.\u00a0\u00bb\u00a0<\/p>\n<p><em>\u00a0<strong>Sur la d\u00e9saffection de la gauche en PACA<\/em>\u00a0<\/strong><br \/>\n\u00ab\u00a0La liste de gauche et \u00e9cologiste du premier tour [dans laquelle LFI \u00e9tait exclue] est une liste qui avait tr\u00e8s peu d&#8217;exigences.\u00a0\u00bb<br \/>\n\u00ab\u00a0LFI porte une exigence de citoyennet\u00e9 et de d\u00e9mocratie participation.\u00a0\u00bb<br \/>\n\u00ab\u00a0J\u2019explique l\u2019exclusion de LFI de cette liste, valid\u00e9e par le PCF et le PS, comme \u00e9tant une volont\u00e9 d\u2019\u00e9chapper \u00e0 nos exigences et d\u2019aller vers un accord avec Renaud Muselier &#8211; qui avait d\u00e9j\u00e0 \u00e9t\u00e9 discut\u00e9 au mois d\u2019avril.\u00a0\u00bb<\/p>\n<p><em>\u00a0<strong>Sur le front r\u00e9publicain contre la France insoumise<\/em>\u00a0<\/strong><br \/>\n\u00ab\u00a0J\u2019y vois une v\u00e9ritable clarification politique : pendant les \u00e9lecteurs et les \u00e9lectrices ont \u00e9t\u00e9 abus\u00e9s &#8211; ce qui explique, en partie, la d\u00e9sorientation de l\u2019\u00e9lectorat de gauche.\u00a0Malheureusement, ceux qui repr\u00e9sentent la gauche aujourd\u2019hui font des politiques de droite.\u00a0\u00bb<br \/>\n\u00ab\u00a0Maintenant que la France insoumise s\u2019implante durablement dans le paysage politique, on devient pour eux un probl\u00e8me parce que l\u2019on porte une exigence de gauche (\u2026) alors que eux pr\u00e9f\u00e8rent la droite.\u00a0\u00bb<br \/>\n\u00ab\u00a0Certaines personnes veulent garder l\u2019offre politique pour elles et pour cela, il faut montrer que ceux qui peuvent vous d\u00e9loger sont mauvais ou dangereux.\u00a0\u00bb<\/p>\n<p><em>\u00a0<strong>Sur Beno\u00eet Payan, maire PS de Marseille<\/em>\u00a0<\/strong><br \/>\n\u00ab\u00a0Comme beaucoup, quand le Printemps marseillais a gagn\u00e9, et m\u00eame si je n\u2019y \u00e9tais pas impliqu\u00e9, j\u2019ai salu\u00e9 cette victoire.\u00a0\u00bb<br \/>\n\u00ab\u00a0Apr\u00e8s, au moment o\u00f9 les crit\u00e8res politiques sont revenus sur le devant de la sc\u00e8ne, \u00e7a a \u00e9t\u00e9 la d\u00e9ception.\u00a0\u00bb<br \/>\n\u00ab\u00a0En 2007, j\u2019ai combattu Nicolas Sarkozy sur la restriction du droit de gr\u00e8ve dans les transports et\u00a0 l\u2019extension faite par la loi Macron aux personnels des collectivit\u00e9s territoriales, c\u2019est ce qu\u2019a utilis\u00e9 le maire de Marseille contre les dames de cantine sans essayer de r\u00e9gler le probl\u00e8me.\u00a0On voit que cette gauche qui veut pr\u00e9empter le terme de gauche, applique les politiques macronistes.\u00a0\u00bb<br \/>\n\u00ab\u00a0Ils s\u2019engagent pour le non-cumul mais ils finissent pas vous expliquer qu\u2019ils ont aussi besoin d\u2019\u00eatre conseillers d\u00e9partementaux et d\u2019avoir des d\u00e9l\u00e9gations un peu partout\u2026\u00a0\u00bb<div id='gallery-1' class='gallery galleryid-13052 gallery-columns-3 gallery-size-thumbnail'><figure class='gallery-item'>\n\t\t\t<div class='gallery-icon landscape'>\n\t\t\t\t<a href='https:\/\/archives.regards.fr\/wp-content\/uploads\/2021\/06\/capture_d_e_cran_2021-06-25_a_12-3c8.17.15.png'><img loading=\"lazy\" decoding=\"async\" width=\"150\" height=\"150\" src=\"https:\/\/archives.regards.fr\/wp-content\/uploads\/2021\/06\/capture_d_e_cran_2021-06-25_a_12-3c8.17.15-150x150.png\" class=\"attachment-thumbnail size-thumbnail\" alt=\"capture_d_e_cran_2021-06-25_a_12.17.15.png\" \/><\/a>\n\t\t\t<\/div><\/figure>\n\t\t<\/div>\n<\/p>\n","protected":false},"excerpt":{"rendered":"<p>Ce week-end, \u00e0 l\u2019occasion du second tour des \u00e9lections r\u00e9gionales, les yeux seront tourn\u00e9s vers la r\u00e9gion PACA o\u00f9 le Rassemblement national esp\u00e8re toujours l\u2019emporter. Les sondages donnent Thierry Mariani et Renaud Muselier au coude-\u00e0-coude. Bernard Borgialli, co-chef de file LFI en PACA, est l\u2019invit\u00e9 de #LaMidinale.<\/p>\n","protected":false},"author":1039,"featured_media":30732,"comment_status":"open","ping_status":"open","sticky":false,"template":"","format":"standard","meta":{"_themeisle_gutenberg_block_has_review":false,"footnotes":""},"categories":[238],"tags":[293],"class_list":["post-13052","post","type-post","status-publish","format-standard","has-post-thumbnail","hentry","category-la-midinale","tag-entretien"],"_links":{"self":[{"href":"https:\/\/archives.regards.fr\/index.php?rest_route=\/wp\/v2\/posts\/13052","targetHints":{"allow":["GET"]}}],"collection":[{"href":"https:\/\/archives.regards.fr\/index.php?rest_route=\/wp\/v2\/posts"}],"about":[{"href":"https:\/\/archives.regards.fr\/index.php?rest_route=\/wp\/v2\/types\/post"}],"author":[{"embeddable":true,"href":"https:\/\/archives.regards.fr\/index.php?rest_route=\/wp\/v2\/users\/1039"}],"replies":[{"embeddable":true,"href":"https:\/\/archives.regards.fr\/index.php?rest_route=%2Fwp%2Fv2%2Fcomments&post=13052"}],"version-history":[{"count":0,"href":"https:\/\/archives.regards.fr\/index.php?rest_route=\/wp\/v2\/posts\/13052\/revisions"}],"wp:featuredmedia":[{"embeddable":true,"href":"https:\/\/archives.regards.fr\/index.php?rest_route=\/wp\/v2\/media\/30732"}],"wp:attachment":[{"href":"https:\/\/archives.regards.fr\/index.php?rest_route=%2Fwp%2Fv2%2Fmedia&parent=13052"}],"wp:term":[{"taxonomy":"category","embeddable":true,"href":"https:\/\/archives.regards.fr\/index.php?rest_route=%2Fwp%2Fv2%2Fcategories&post=13052"},{"taxonomy":"post_tag","embeddable":true,"href":"https:\/\/archives.regards.fr\/index.php?rest_route=%2Fwp%2Fv2%2Ftags&post=13052"}],"curies":[{"name":"wp","href":"https:\/\/api.w.org\/{rel}","templated":true}]}}