{"id":13049,"date":"2021-06-24T17:14:05","date_gmt":"2021-06-24T15:14:05","guid":{"rendered":"https:\/\/wp.muchomaas.com\/article-marche-des-fiertes-faisons-converger-les-luttes-des-opprime-e-s-du-systeme\/"},"modified":"2023-06-24T00:17:36","modified_gmt":"2023-06-23T22:17:36","slug":"article-marche-des-fiertes-faisons-converger-les-luttes-des-opprime-e-s-du-systeme","status":"publish","type":"post","link":"https:\/\/archives.regards.fr\/?p=13049","title":{"rendered":"Marche des fiert\u00e9s : \u00ab Faisons converger les luttes des opprim\u00e9.e.s du syst\u00e8me capitaliste \u00bb"},"content":{"rendered":"<p class=\"post_excerpt\">Samedi prochain, au d\u00e9part de Pantin, a lieu la marche des fiert\u00e9s quand dimanche dernier avait lieu la pride radicale qui se voulait plus radicale. Quels sont les enjeux de ces deux manifestations ? On en parle avec Tarik, membre de la commission LGBT du Nouveau Parti Anticapitaliste (NPA), invit\u00e9 de La Midinale.\n<\/p>\n<h2>UNE MIDINALE \u00c0 VOIR&#8230;<\/h2>\n<p><iframe loading=\"lazy\" width=\"490\" height=\"276\" src=\"https:\/\/www.youtube.com\/embed\/y0cItHfUGlY\" title=\"YouTube video player\" frameborder=\"0\" allow=\"accelerometer; autoplay; clipboard-write; encrypted-media; gyroscope; picture-in-picture\" allowfullscreen><\/iframe><\/p>\n<p>&nbsp;<\/p>\n<p><h2>&#8230;ET A LIRE<\/h2>\n<p><em>\u00a0<strong>Sur l\u2019existence de deux prides \u00e0 Paris \u00e0 une semaine d\u2019intervalle<\/em>\u00a0<\/strong><br \/>\n\u00ab\u00a0Il y a une compl\u00e9mentarit\u00e9 des 2 prides\u00a0: toutes les occasions d\u2019avoir des luttes et des manifestations LGBTI sont bonnes \u00e0 prendre.\u00a0\u00bb<br \/>\n\u00ab\u00a0Depuis l\u2019ann\u00e9e derni\u00e8re et l\u2019annulation de la pride, les LGBTI n\u2019ont pas attendu l\u2019Inter-LGBT pour s\u2019organiser.\u00a0\u00bb<br \/>\n\u00ab\u00a0\u00c7a fait des ann\u00e9es qu\u2019on essaie de politiser la pride, alors qu\u2019il y a une marchandisation et une d\u00e9politisation de la lutte.\u00a0\u00bb<br \/>\n\u00ab\u00a0Il s\u2019agit de montrer d\u2019autres types de repr\u00e9sentations LGBTI, que ce soit aussi des personnes racis\u00e9es, des personnes trans, des personnes en situation de handicap, aussi des malades\u2026 par exemple, on ne veut plus voir Act Up qui d\u00e9file en dernier, c\u2019est plus possible.\u00a0\u00bb<\/p>\n<p><em>\u00a0<strong>Sur la singularit\u00e9 et la convergence des luttes<\/em>\u00a0<\/strong><br \/>\n\u00ab\u00a0En tant que communistes et r\u00e9volutionnaires, on revendique le fait que la classe ouvri\u00e8re, le monde du travail, ce n\u2019est pas seulement des hommes blancs h\u00e9t\u00e9rosexuels\u00a0: on en fait partie aussi.\u00a0\u00bb<br \/>\n\u00ab\u00a0Si on m\u00e8ne des batailles \u00e0 l\u2019int\u00e9rieur du syst\u00e8me, c\u2019est parce qu\u2019on pense qu\u2019il faut un mouvement LGBTI large et radical.\u00a0\u00bb<br \/>\n\u00ab \u00catre antifasciste n\u2019est pas seulement un surplus moral\u00a0:\u00a0la mont\u00e9e des id\u00e9es d\u2019extr\u00eame droite montre qu\u2019il va falloir faire front \u00e0 l\u2019internationale. On voit ce qui se passe au Br\u00e9sil, en Pologne, en Hongrie.\u00a0\u00bb<br \/>\n\u00ab\u00a0Il faut faire converger les luttes de toutes les personnes opprim\u00e9es par le syst\u00e8me capitaliste. \u00bb<\/p>\n<p><em>\u00a0<strong>Sur le Covid<\/em>\u00a0<\/strong><br \/>\n\u00ab\u00a0Le contexte du Covid a entrain\u00e9 un retour \u00e0 la famille pour beaucoup de jeunes LGBTI, qui a entra\u00een\u00e9 un isolement, des questions de sant\u00e9 mentale.\u00a0\u00bb<\/p>\n<p><em>\u00a0<strong>Sur les combats \u00e0 mener<\/em>\u00a0<\/strong><br \/>\n\u00ab\u00a0On est pour la fin de l\u2019h\u00e9t\u00e9ropatriarcat et du capitalisme, et on pense que \u00e7a ne se passera que par une r\u00e9volution. Mais on voit bien qu\u2019avec l\u2019exemple de la PMA, on ne va pas attendre la r\u00e9volution pour fonder des familles diff\u00e9rentes, pour vivre tout simplement, sans avoir peur de se faire tabasser dans la rue.\u00a0\u00bb<br \/>\n\u00ab\u00a0On a des revendications directes et claires\u00a0: la PMA ouverte \u00e0 toutes et tous y compris les personnes trans, sans conditionnement sur la question du poids et de la couleur de peau, une PMA gratuite et rembours\u00e9e par la S\u00e9cu, mais aussi la ROPA, la reconnaissance de la PMA artisanale.\u00a0\u00bb<br \/>\n\u00ab\u00a0Cette soci\u00e9t\u00e9 est patriarcale\u00a0: \u00ab\u00a0mon corps mon choix\u00a0\u00bb n\u2019est pas compatible avec le capitalisme tel qu\u2019il est organis\u00e9 sur la cellule familiale.\u00a0\u00bb<br \/>\n\u00ab\u00a0Pour donner du sens \u00e0 ce qu\u2019on dit, il faut des luttes qui fassent progresser nos droits ici et maintenant, sans pour autant oublier qu\u2019il faut renverser le syst\u00e8me dans son ensemble.\u00a0\u00bb<br \/>\n\u00ab\u00a0La pride ce n\u2019est pas juste \u00ab\u00a0on se voit tous les ans et \u00e0 l\u2019ann\u00e9e prochaine\u00a0\u00bb\u00a0: il faut cr\u00e9er un cadre qui se p\u00e9rennise.\u00a0\u00bb<br \/>\n\u00ab\u00a0La lutte sur l\u2019Allocation Adulte Handicap\u00e9 devrait \u00eatre port\u00e9e par toutes les organisations, pas seulement les organisations LGBTI.\u00a0\u00bb<br \/>\n\u00ab\u00a0Des questions comme celles relevant du droit des personnes trans, des travaillleur.euses du sexe ne sont pas du \u00ab\u00a0r\u00e9formisme\u00a0\u00bb\u00a0: c\u2019est survivre.\u00a0\u00bb<br \/>\n\u00ab\u00a0Malgr\u00e9 nos diff\u00e9rences de fonctionnement, nos diff\u00e9rences politiques, on doit discuter ensemble.\u00a0\u00bb<\/p>\n<p><em>\u00a0<strong>Sur l\u2019UEFA et l\u2019illumination du stade de Munich pour Allemagne\/Hongrie<\/em>\u00a0<\/strong><br \/>\n\u00ab\u00a0Ce sont eux qui politisent la question en refusant de faire \u00e7a.\u00a0\u00bb<br \/>\n\u00ab\u00a0Il faut avoir des liens de solidarit\u00e9 avec les personnes LGBTI en Hongrie mais pas seulement\u00a0: les pouss\u00e9es d\u2019extr\u00eame droite sont r\u00e9pandues dans le monde.\u00a0\u00bb<br \/>\n\u00ab\u00a0Il faut \u00e9couter les sportifs LGBTI qui commencent \u00e0 s\u2019exprimer.\u00a0\u00bb<\/p>\n<p><em>\u00a0<strong>Sur la droitisation des luttes LGBTI<\/em>\u00a0<\/strong><br \/>\n\u00ab\u00a0Cette droitisation n\u2019est pas sp\u00e9cifique aux LGBTI\u00a0: c\u2019est la soci\u00e9t\u00e9 qui se droitise.\u00a0\u00bb<br \/>\n\u00ab\u00a0Les LGBTI sont partout dans la soci\u00e9t\u00e9\u00a0: ils ne sont pas plus dans la classe bourgeoise.\u00a0\u00bb<br \/>\n\u00ab\u00a0Il faut qu\u2019on s\u2019adresse directement aux personnes de leur communaut\u00e9 pour leur dire que leurs int\u00e9r\u00eats ne sont pas dans la Macronie, qu\u2019ils ne sont pas \u00e0 droite.\u00a0\u00bb<br \/>\n\u00ab\u00a0Les questions de l\u2019assurance ch\u00f4mage, de la r\u00e9forme des retraites nous touchent, que l\u2019on soit une personne trans ou une personne cis, que l\u2019on soit h\u00e9t\u00e9ro ou p\u00e9d\u00e9.\u00a0\u00bb<div id='gallery-1' class='gallery galleryid-13049 gallery-columns-3 gallery-size-thumbnail'><figure class='gallery-item'>\n\t\t\t<div class='gallery-icon landscape'>\n\t\t\t\t<a href='https:\/\/archives.regards.fr\/wp-content\/uploads\/2021\/06\/capture_d_e_cran_2021-06-24_a_17-159.07.57.png'><img loading=\"lazy\" decoding=\"async\" width=\"150\" height=\"150\" src=\"https:\/\/archives.regards.fr\/wp-content\/uploads\/2021\/06\/capture_d_e_cran_2021-06-24_a_17-159.07.57-150x150.png\" class=\"attachment-thumbnail size-thumbnail\" alt=\"capture_d_e_cran_2021-06-24_a_17.07.57.png\" \/><\/a>\n\t\t\t<\/div><\/figure>\n\t\t<\/div>\n<\/p>\n","protected":false},"excerpt":{"rendered":"<p>Samedi prochain, au d\u00e9part de Pantin, a lieu la marche des fiert\u00e9s quand dimanche dernier avait lieu la pride radicale qui se voulait plus radicale. Quels sont les enjeux de ces deux manifestations ? On en parle avec Tarik, membre de la commission LGBT du Nouveau Parti Anticapitaliste (NPA), invit\u00e9 de La Midinale.<\/p>\n","protected":false},"author":1204,"featured_media":30728,"comment_status":"open","ping_status":"open","sticky":false,"template":"","format":"standard","meta":{"_themeisle_gutenberg_block_has_review":false,"footnotes":""},"categories":[238],"tags":[293],"class_list":["post-13049","post","type-post","status-publish","format-standard","has-post-thumbnail","hentry","category-la-midinale","tag-entretien"],"_links":{"self":[{"href":"https:\/\/archives.regards.fr\/index.php?rest_route=\/wp\/v2\/posts\/13049","targetHints":{"allow":["GET"]}}],"collection":[{"href":"https:\/\/archives.regards.fr\/index.php?rest_route=\/wp\/v2\/posts"}],"about":[{"href":"https:\/\/archives.regards.fr\/index.php?rest_route=\/wp\/v2\/types\/post"}],"author":[{"embeddable":true,"href":"https:\/\/archives.regards.fr\/index.php?rest_route=\/wp\/v2\/users\/1204"}],"replies":[{"embeddable":true,"href":"https:\/\/archives.regards.fr\/index.php?rest_route=%2Fwp%2Fv2%2Fcomments&post=13049"}],"version-history":[{"count":0,"href":"https:\/\/archives.regards.fr\/index.php?rest_route=\/wp\/v2\/posts\/13049\/revisions"}],"wp:featuredmedia":[{"embeddable":true,"href":"https:\/\/archives.regards.fr\/index.php?rest_route=\/wp\/v2\/media\/30728"}],"wp:attachment":[{"href":"https:\/\/archives.regards.fr\/index.php?rest_route=%2Fwp%2Fv2%2Fmedia&parent=13049"}],"wp:term":[{"taxonomy":"category","embeddable":true,"href":"https:\/\/archives.regards.fr\/index.php?rest_route=%2Fwp%2Fv2%2Fcategories&post=13049"},{"taxonomy":"post_tag","embeddable":true,"href":"https:\/\/archives.regards.fr\/index.php?rest_route=%2Fwp%2Fv2%2Ftags&post=13049"}],"curies":[{"name":"wp","href":"https:\/\/api.w.org\/{rel}","templated":true}]}}