{"id":13046,"date":"2021-06-23T11:58:19","date_gmt":"2021-06-23T09:58:19","guid":{"rendered":"https:\/\/wp.muchomaas.com\/article-gaetan-gracia-la-face-cachee-de-la-reprise-apres-la-crise-sanitaire-c-est-que\/"},"modified":"2023-06-24T00:17:35","modified_gmt":"2023-06-23T22:17:35","slug":"article-gaetan-gracia-la-face-cachee-de-la-reprise-apres-la-crise-sanitaire-c-est-que","status":"publish","type":"post","link":"https:\/\/archives.regards.fr\/?p=13046","title":{"rendered":"Ga\u00ebtan Gracia : \u00ab La face cach\u00e9e de la reprise apr\u00e8s la crise sanitaire, c\u2019est que les salari\u00e9s sont maltrait\u00e9s \u00bb"},"content":{"rendered":"<p class=\"post_excerpt\">Gr\u00e8ve depuis mardi aux Ateliers de Haute Garonne. Ga\u00ebtan Gracia, tourneur-fraiseur et militant CGT, est l&#8217;invit\u00e9 de la Midinale.<\/p>\n<h2>UNE MIDINALE \u00c0 VOIR&#8230;<\/h2>\n<p><iframe loading=\"lazy\" width=\"490\" height=\"276\" src=\"https:\/\/www.youtube.com\/embed\/llIHgnoLyOQ\" title=\"YouTube video player\" frameborder=\"0\" allow=\"accelerometer; autoplay; clipboard-write; encrypted-media; gyroscope; picture-in-picture\" allowfullscreen><\/iframe><\/p>\n<p>&nbsp;<\/p>\n<p><h2>&#8230;ET A LIRE<\/h2>\n<p><em>\u00a0<strong>Sur les raisons de la gr\u00e8ve<\/em>\u00a0<\/strong><br \/>\n\u00ab\u00a0On a lanc\u00e9 cette gr\u00e8ve parce qu\u2019il y a un raz-le-bol sur les questions salariales.\u00a0\u00bb<br \/>\n\u00ab\u00a0Quand on parle entre coll\u00e8gues gr\u00e9vistes, on voit qu\u2019il y a un probl\u00e8me quant \u00e0 nos conditions de travail, au respect et \u00e0 la dignit\u00e9.\u00a0\u00bb<br \/>\n\u00ab\u00a0La face cach\u00e9e de la reprise apr\u00e8s la crise sanitaire, c\u2019est que les salari\u00e9s sont maltrait\u00e9s.\u00a0\u00bb<br \/>\n\u00ab\u00a0On n\u2019a aucune reconnaissance ni salariale ni en termes de respect ou de conditions de travail.\u00a0\u00bb<br \/>\n\u00ab\u00a0Il y a eu de grosses r\u00e9ductions d\u2019effectifs, comme partout dans l\u2019a\u00e9ronautique &#8211; soit via des plans de licenciements, soit via des non-remplacements apr\u00e8s des d\u00e9parts. Aujourd\u2019hui, on fait face \u00e0 des remont\u00e9es de cadence avec des effectifs r\u00e9duits.\u00a0\u00bb<\/p>\n<p><em>\u00a0<strong>Sur les arguments de la direction<\/em>\u00a0<\/strong><br \/>\n\u00ab\u00a0La direction nous avait d\u00e9j\u00e0 menac\u00e9 d\u2019un accord de performance collective qui est un truc made-in-Macron pour baisser les salaires.\u00a0\u00bb<br \/>\n\u00ab\u00a0La direction dit que l\u2019entreprise est au bord de la faillite : on a demand\u00e9 \u00e0 voir la comptabilit\u00e9 r\u00e9elle.\u00a0\u00bb<br \/>\n\u00ab\u00a0On a fait une expertise &#8211; la direction a rechign\u00e9 \u00e0 nous donner les chiffres, notamment ceux de la holding qui d\u00e9tient l\u2019entreprise.\u00a0\u00bb<br \/>\n\u00ab\u00a0Les salari\u00e9s savent qu\u2019il y a des millions mais qu\u2019ils n\u2019en verront jamais la couleur.\u00a0\u00bb<br \/>\n\u00ab\u00a0Nos patrons, ils habitent juste \u00e0 c\u00f4t\u00e9 : on les voit vivre, avoir des chevaux de luxe et construire des statues quand nous, on a 0 euro d\u2019augmentation.\u00a0\u00bb<br \/>\n\u00ab\u00a0La baisse de chiffre d\u2019affaires dont la direction parle est \u00e0 mettre en parall\u00e8le avec la baisse des effectifs salariaux.\u00a0\u00bb<\/p>\n<p><em>\u00a0<strong>Sur la d\u00e9localisation possible de l\u2019activit\u00e9<\/em>\u00a0<\/strong><br \/>\n\u00ab\u00a0La d\u00e9localisation dans l\u2019a\u00e9ronautique existe d\u00e9j\u00e0 : notre entreprise a deux usines au Maroc parce que la main d\u2019oeuvre y est moins ch\u00e8re.\u00a0\u00bb<br \/>\n\u00ab\u00a0Il est hors de question que l\u2019on s\u2019oppose aux travailleurs marocains ou polonais. On est solidaire.\u00a0\u00bb<br \/>\n\u00ab\u00a0Bien s\u00fbr que si on attaque notre emploi, on va le d\u00e9fendre parce qu\u2019on ne veut pas \u00eatre licenci\u00e9.\u00a0\u00bb<br \/>\n\u00ab\u00a0On n\u2019est pas, comme d\u2019autres dans le milieu syndical, pour la relocalisation industrielle: il doit y avoir une solidarit\u00e9 internationale des travailleurs. Relocalisation, ca veut dire d\u00e9localisation ailleurs.\u00a0Et, \u00e0 ce compte-l\u00e0, on se met tous en concurrence entre travailleurs de diff\u00e9rents pays\u2026\u00a0\u00bb<\/p>\n<p><em>\u00a0<strong>Sur la possibilit\u00e9 de victoire<\/em>\u00a0<\/strong><br \/>\n\u00ab\u00a0Dans l\u2019a\u00e9ronautique, ca ne fait pas tr\u00e8s longtemps que l\u2019on voit des gr\u00e8ves. En soi, montrer qu\u2019on \u00e9tait capable d\u2019en faire une, c\u2019est d\u00e9j\u00e0 une premi\u00e8re victoire.\u00a0\u00bb<br \/>\n\u00ab\u00a0Il ne faut pas faire que r\u00e9sister, il faut gagner aussi.\u00a0\u00bb<br \/>\n\u00ab\u00a0Sauf si notre caisse de gr\u00e8ve atteint des dizaines de milliers d\u2019euros, on n\u2019arrivera \u00e0 tenir 15 jours. On a donc pens\u00e9 une strat\u00e9gie plus fine : on va \u00e9crire un message de tous les gr\u00e9vistes \u00e0 la direction pour dire que notre objectif, c\u2019est les NAO (n\u00e9gociations obligatoire dans l\u2019entreprise).\u00a0\u00bb<\/p>\n<p><em>\u00a0<strong>Sur la r\u00e9volution<\/em>\u00a0<\/strong><br \/>\n\u00ab\u00a0En tant que militants, on est beaucoup \u00e0 vouloir lutter contre le capitalisme dans son ensemble mais \u00e7a ne veut pas dire que lorsqu\u2019on est dans une gr\u00e8ve sur la question des salaires comme aujourd\u2019hui, on va dire que le probl\u00e8me, c\u2019est le capitalisme dans son ensemble &#8211; m\u00eame si on peut en discuter.\u00a0\u00bb<br \/>\n\u00ab\u00a0On essaie d\u2019articuler chaque bataille partielle \u00e0 la lutte plus globale qu\u2019on appelle de nos voeux.\u00a0\u00bb<br \/>\n\u00ab\u00a0Dans notre gr\u00e8ve, la revendication de montrer la comptabilit\u00e9 aux salari\u00e9s &#8211; ouverture des livres de compte -, elle est int\u00e9ressante d\u2019un point de vue anticapitaliste car elle am\u00e8ne l\u2019id\u00e9e d\u2019un contr\u00f4le ouvrier.\u00a0\u00bb<br \/>\n\u00ab\u00a0En tant que trotskiste, je suis dans une logique de revendications transitoires.\u00a0\u00bb<\/p>\n<p><em>\u00a0<strong>Sur le politique<\/em>\u00a0<\/strong><br \/>\n\u00ab\u00a0Les ouvriers s\u2019int\u00e9ressent \u00e0 la politique et commencent \u00e0 comprendre que la politique, ce n\u2019est pas uniquement la politique politicienne et les manoeuvres comme on le voit actuellement pour le deuxi\u00e8me tour.\u00a0\u00bb<br \/>\n\u00ab\u00a0En tant qu\u2019ouvriers, on ne se sent pas repr\u00e9senter parce que la plupart des listes aux \u00e9lections proposent de maintenir des subventions aux patrons. Par exemple ici, sur le papier, on est dans une PME. Pourtant, nos patrons sont des multi-millionnaires. Or tous les programmes, m\u00eame de listes de gauche, proposent de maintenir de l\u2019argent public \u00e0 ces PME. Et \u00e7a, \u00e7a passe pas.\u00a0\u00bb<br \/>\n\u00ab\u00a0Avec les camarades de R\u00e9volution permanente, on a appel\u00e9 \u00e0 voter pour les listes de Lutte ouvri\u00e8re parce que c\u2019\u00e9tait des listes qui revendiquaient l\u2019ind\u00e9pendance de classe et mettait l\u2019accent sur le fait qu\u2019on allait reprendre le pouvoir en reprenant nos affaires en main.\u00a0\u00bb<div id='gallery-1' class='gallery galleryid-13046 gallery-columns-3 gallery-size-thumbnail'><figure class='gallery-item'>\n\t\t\t<div class='gallery-icon landscape'>\n\t\t\t\t<a href='https:\/\/archives.regards.fr\/wp-content\/uploads\/2021\/06\/capture_d_e_cran_2021-06-23_a_11-d32.49.17.png'><img loading=\"lazy\" decoding=\"async\" width=\"150\" height=\"150\" src=\"https:\/\/archives.regards.fr\/wp-content\/uploads\/2021\/06\/capture_d_e_cran_2021-06-23_a_11-d32.49.17-150x150.png\" class=\"attachment-thumbnail size-thumbnail\" alt=\"capture_d_e_cran_2021-06-23_a_11.49.17.png\" \/><\/a>\n\t\t\t<\/div><\/figure>\n\t\t<\/div>\n<\/p>\n","protected":false},"excerpt":{"rendered":"<p>Gr\u00e8ve depuis mardi aux Ateliers de Haute Garonne. Ga\u00ebtan Gracia, tourneur-fraiseur et militant CGT, est l&#8217;invit\u00e9 de la Midinale.<\/p>\n","protected":false},"author":1204,"featured_media":30724,"comment_status":"open","ping_status":"open","sticky":false,"template":"","format":"standard","meta":{"_themeisle_gutenberg_block_has_review":false,"footnotes":""},"categories":[238],"tags":[293],"class_list":["post-13046","post","type-post","status-publish","format-standard","has-post-thumbnail","hentry","category-la-midinale","tag-entretien"],"_links":{"self":[{"href":"https:\/\/archives.regards.fr\/index.php?rest_route=\/wp\/v2\/posts\/13046","targetHints":{"allow":["GET"]}}],"collection":[{"href":"https:\/\/archives.regards.fr\/index.php?rest_route=\/wp\/v2\/posts"}],"about":[{"href":"https:\/\/archives.regards.fr\/index.php?rest_route=\/wp\/v2\/types\/post"}],"author":[{"embeddable":true,"href":"https:\/\/archives.regards.fr\/index.php?rest_route=\/wp\/v2\/users\/1204"}],"replies":[{"embeddable":true,"href":"https:\/\/archives.regards.fr\/index.php?rest_route=%2Fwp%2Fv2%2Fcomments&post=13046"}],"version-history":[{"count":0,"href":"https:\/\/archives.regards.fr\/index.php?rest_route=\/wp\/v2\/posts\/13046\/revisions"}],"wp:featuredmedia":[{"embeddable":true,"href":"https:\/\/archives.regards.fr\/index.php?rest_route=\/wp\/v2\/media\/30724"}],"wp:attachment":[{"href":"https:\/\/archives.regards.fr\/index.php?rest_route=%2Fwp%2Fv2%2Fmedia&parent=13046"}],"wp:term":[{"taxonomy":"category","embeddable":true,"href":"https:\/\/archives.regards.fr\/index.php?rest_route=%2Fwp%2Fv2%2Fcategories&post=13046"},{"taxonomy":"post_tag","embeddable":true,"href":"https:\/\/archives.regards.fr\/index.php?rest_route=%2Fwp%2Fv2%2Ftags&post=13046"}],"curies":[{"name":"wp","href":"https:\/\/api.w.org\/{rel}","templated":true}]}}