{"id":13044,"date":"2021-06-22T17:53:10","date_gmt":"2021-06-22T15:53:10","guid":{"rendered":"https:\/\/wp.muchomaas.com\/article-frederic-sawicki-ces-elections-marquent-clairement-l-ancrage-a-gauche-des\/"},"modified":"2023-06-24T00:17:35","modified_gmt":"2023-06-23T22:17:35","slug":"article-frederic-sawicki-ces-elections-marquent-clairement-l-ancrage-a-gauche-des","status":"publish","type":"post","link":"https:\/\/archives.regards.fr\/?p=13044","title":{"rendered":"Fr\u00e9d\u00e9ric Sawicki : \u00ab Ces \u00e9lections marquent clairement l\u2019ancrage \u00e0 gauche des \u00e9cologistes\u00a0\u00bb"},"content":{"rendered":"<p class=\"post_excerpt\">\u00c9quilibres politiques \u00e0 gauche : quelles le\u00e7ons tirer du premier tour des \u00e9lections r\u00e9gionales et d\u00e9partementales ? Fr\u00e9d\u00e9ric Sawicki, professeur de science politique, est l\u2019invit\u00e9 de #LaMidinale.<\/p>\n<h2>UNE MIDINALE \u00c0 VOIR&#8230;<\/h2>\n<p><iframe loading=\"lazy\" width=\"490\" height=\"276\" src=\"https:\/\/www.youtube.com\/embed\/VJu7KYH9IPc\" title=\"YouTube video player\" frameborder=\"0\" allow=\"accelerometer; autoplay; clipboard-write; encrypted-media; gyroscope; picture-in-picture\" allowfullscreen><\/iframe><\/p>\n<p>&nbsp;<\/p>\n<p><h2>&#8230;ET A LIRE<\/h2>\n<p><em>\u00a0<strong>Sur l\u2019abstention aux \u00e9lections\u00a0<\/em>\u00a0<\/strong><br \/>\n\u00ab\u00a0Il y a une pluralit\u00e9 de raisons possibles de ne pas \u00eatre all\u00e9 voter.\u00a0\u00bb<br \/>\n\u00ab Les \u00e9lecteurs ont du mal \u00e0 identifier quels sont les enjeux de ces \u00e9lections connaissant mal les missions et les pr\u00e9rogatives des d\u00e9partements et des r\u00e9gions et quand ils les connaissent ils voient encore plus mal ce qui distingueraient les orientations politiques des uns et des autres une fois qu\u2019ils sont aux commandes.\u00a0\u00bb<br \/>\n\u00ab\u00a0On ne peut pas dire qu\u2019il y ait des r\u00e9gions clairement distinctes en fonction des politiques men\u00e9es ce qui ne facilite pas beaucoup la politisation du scrutin.\u00a0\u00bb<br \/>\n\u00ab\u00a0\u00c0 cause de la crise sanitaire, il n\u2019y a pas eu de campagne tr\u00e8s intense et on a parl\u00e9 beaucoup d\u2019autres choses que des enjeux des r\u00e9gionales et je ne parle m\u00eame pas des d\u00e9partementales que les m\u00e9dias ont peu \u00e9voqu\u00e9es.\u00a0\u00bb<br \/>\n\u00ab\u00a0Ceux qui d\u00e9duisent que le RN va avoir des scores moins \u00e9lev\u00e9s dans la perspective de l\u2019\u00e9lection pr\u00e9sidentielle se fondent sur des \u00e9l\u00e9ments peu cr\u00e9dibles.\u00a0\u00bb<\/p>\n<p><em>\u00a0<strong>Sur les r\u00e9sultats du Parti socialiste<\/em>\u00a0<\/strong><br \/>\n\u00ab\u00a0Les socialistes, avec plus de sortants que les autres forces de gauche, dans un contexte o\u00f9 il n\u2019est plus au pouvoir depuis plusieurs ann\u00e9es et o\u00f9 seuls votent les plus politis\u00e9s, s\u2019en sortent relativement bien.\u00a0Le contraire eut \u00e9t\u00e9 plus \u00e9tonnant. \u00bb<br \/>\n\u00ab\u00a0Quand on regarde dans le d\u00e9tail, notamment pour les d\u00e9partementales, beaucoup de candidats dits socialistes se sont pr\u00e9sent\u00e9s sans l\u2019\u00e9tiquette socialiste.\u00a0\u00bb<br \/>\n\u00ab\u00a0Quand les socialistes ont d\u00fb composer leurs listes, ils ont souvent d\u00fb c\u00e9der des places \u00e0 leurs partenaires pour \u00eatre s\u00fbr de\u00a0reconduire leur position.\u00a0\u00bb<br \/>\n\u00ab\u00a0Les socialistes sauvent la mise et pourraient aussi l\u2019augmenter un peu mais les scores en chiffre du suffrage non pas exprim\u00e9 mais en pourcentage des inscrits, sont incroyablement faibles.\u00a0\u00bb<\/p>\n<p><em>\u00a0<strong>Sur les r\u00e9sultats des \u00e9cologistes\u00a0<\/em>\u00a0<\/strong><br \/>\n\u00ab\u00a0Les \u00e9lections r\u00e9gionales pour les \u00e9cologistes sont des \u00e9lections favorables, notamment parce qu\u2019elles ont lieu au scrutin proportionnel.\u00a0\u00bb<br \/>\n\u00ab\u00a0Si on compare la performance \u00e9lectorale des \u00e9cologistes, ils font aussi bien qu\u2019en 2010 et un peu moins bien qu\u2019en 2015.\u00a0\u00bb<br \/>\n\u00ab\u00a0Ces \u00e9lections ne sont pas une perc\u00e9e extraordinaire des \u00e9cologistes.\u00a0\u00bb<br \/>\n\u00ab\u00a0La baisse du PS, souvent de l\u2019alliance du PS et du PCF dans la plupart des r\u00e9gions, a jou\u00e9 en faveur des \u00e9cologistes.\u00a0\u00bb<br \/>\n\u00ab\u00a0Comme la gauche est \u00e0 un niveau globalement bas, les \u00e9cologistes s\u2019imposent comme les leaders du second tour sauf dans les r\u00e9gions o\u00f9 les socialistes sont devant.\u00a0Et dans ce dernier cas, les \u00e9cologistes ont une strat\u00e9gie solitaire. \u00bb<br \/>\n\u00ab Ces \u00e9lections marquent clairement l\u2019ancrage \u00e0 gauche des \u00e9cologistes.\u00a0Les partis de gauche restent leurs alli\u00e9s principaux. \u00bb<br \/>\n\u00ab\u00a0La tentation des \u00e9cologistes est d\u2019\u00eatre tr\u00e8s pragmatique : l\u00e0 o\u00f9 ils ont besoin des autres, ils s\u2019allient. L\u00e0 o\u00f9 ils sentent que les autres peuvent passer mais qu\u2019eux ont plus int\u00e9r\u00eat \u00e0 se d\u00e9marquer au deuxi\u00e8me tour de l\u2019\u00e9lection, ils jouent perso.\u00a0\u00bb<\/p>\n<p><em>\u00a0<strong>Sur les divergences entre les appareils politiques nationaux et les structures locales<\/em>\u00a0<\/strong><br \/>\n\u00ab\u00a0Les comp\u00e9titions politiques locales et nationales sont pens\u00e9es pour \u00eatre align\u00e9es m\u00eame si elles ne l\u2019ont pas toujours \u00e9t\u00e9 dans notre histoire, notamment sous les Troisi\u00e8me et Quatri\u00e8me R\u00e9publique.\u00a0\u00bb<br \/>\n\u00ab\u00a0L\u2019homog\u00e9nisation et l&#8217;apparition de deux blocs et syst\u00e8mes d\u2019alliances est apparue \u00e0 la faveur du pr\u00e9sidentialisme au cours de la Cinqui\u00e8me R\u00e9publique.\u00a0\u00bb<br \/>\n\u00ab\u00a0Jusque dans les ann\u00e9es 1980, il y a une structuration des blocs de gauche et de droite : \u00e0 gauche, il y avait des accords presque syst\u00e9matiques au second tour. Puis, dans les ann\u00e9es 2000, de nouvelles alliances ont commenc\u00e9 \u00e0 appara\u00eetre : dans certaines villes par exemple, le PS a fait des alliances avec le MODEM.\u00a0\u00bb<br \/>\n\u00ab\u00a0Des divergences fortes apparaissent au niveau territorial par rapport au national (\u2026). L\u2019\u00e9mergence du macronisme a accru ce ph\u00e9nom\u00e8ne.\u00a0\u00bb<br \/>\n\u00ab\u00a0Sur les 12 r\u00e9gions, le PS est alli\u00e9 au PCF dans 9, les radicaux dans 11, EELV dans 3, LFI dans 1. EELV est alli\u00e9e avec LFI dans 3, avec G\u00e9n\u00e9ration.s dans 6.\u00a0\u00bb<br \/>\n\u00ab\u00a0On est dans une logique d\u2019archipelisation de la gauche mais qui est aussi une fa\u00e7on de s\u2019adapter \u00e0 la r\u00e9alit\u00e9 du terrain.\u00a0\u00bb<\/p>\n<p><em>\u00a0<strong>Sur le duel Emmanuel Macron &#8211; Marine Le Pen<\/em>\u00a0<\/strong><br \/>\n\u00ab\u00a0Les \u00e9lections r\u00e9gionales vont avoir un impact \u00e0 droite mais elle n\u2019est pas sortie des ronces avec trois candidats qui en sortent renforc\u00e9s [Xavier Bertrand, Laurent Wauquiez et Val\u00e9rie P\u00e9cresse].\u00a0\u00bb<br \/>\n\u00ab\u00a0Anne Hidalgo qui a soutenu Audrey Pulvar ne sort pas particuli\u00e8rement renforc\u00e9e de ces \u00e9lections r\u00e9gionales.\u00a0\u00bb<br \/>\n\u00ab\u00a0Pour Emmanuel Macron, cela pose des questionnements de strat\u00e9gies car ne s\u2019est pas dessin\u00e9 dimanche de possibilit\u00e9 d\u2019alliances. On n\u2019imagine pas le pr\u00e9sident actuel r\u00e9it\u00e9rer la performance de la derni\u00e8re \u00e9lection de 2017.\u00a0Avec le MODEM seulement, il n\u2019aura pas de majorit\u00e9 absolue.\u00a0\u00bb<br \/>\n\u00ab\u00a0M\u00eame des leaders r\u00e9gionaux UDI ou de centre droit ont \u00e9t\u00e9 dissuad\u00e9s d\u2019accepter des alliances avec En Marche, m\u00eame au risque de perdre des r\u00e9gions.\u00a0\u00bb<br \/>\n\u00ab\u00a0LREM est tr\u00e8s isol\u00e9e.\u00a0\u00bb<div id='gallery-1' class='gallery galleryid-13044 gallery-columns-3 gallery-size-thumbnail'><figure class='gallery-item'>\n\t\t\t<div class='gallery-icon landscape'>\n\t\t\t\t<a href='https:\/\/archives.regards.fr\/wp-content\/uploads\/2021\/06\/capture_d_e_cran_2021-06-22_a_17-8aa.50.44.png'><img loading=\"lazy\" decoding=\"async\" width=\"150\" height=\"150\" src=\"https:\/\/archives.regards.fr\/wp-content\/uploads\/2021\/06\/capture_d_e_cran_2021-06-22_a_17-8aa.50.44-150x150.png\" class=\"attachment-thumbnail size-thumbnail\" alt=\"capture_d_e_cran_2021-06-22_a_17.50.44.png\" \/><\/a>\n\t\t\t<\/div><\/figure>\n\t\t<\/div>\n<\/p>\n","protected":false},"excerpt":{"rendered":"<p>\u00c9quilibres politiques \u00e0 gauche : quelles le\u00e7ons tirer du premier tour des \u00e9lections r\u00e9gionales et d\u00e9partementales ? Fr\u00e9d\u00e9ric Sawicki, professeur de science politique, est l\u2019invit\u00e9 de #LaMidinale.<\/p>\n","protected":false},"author":1039,"featured_media":30722,"comment_status":"open","ping_status":"open","sticky":false,"template":"","format":"standard","meta":{"_themeisle_gutenberg_block_has_review":false,"footnotes":""},"categories":[238],"tags":[293],"class_list":["post-13044","post","type-post","status-publish","format-standard","has-post-thumbnail","hentry","category-la-midinale","tag-entretien"],"_links":{"self":[{"href":"https:\/\/archives.regards.fr\/index.php?rest_route=\/wp\/v2\/posts\/13044","targetHints":{"allow":["GET"]}}],"collection":[{"href":"https:\/\/archives.regards.fr\/index.php?rest_route=\/wp\/v2\/posts"}],"about":[{"href":"https:\/\/archives.regards.fr\/index.php?rest_route=\/wp\/v2\/types\/post"}],"author":[{"embeddable":true,"href":"https:\/\/archives.regards.fr\/index.php?rest_route=\/wp\/v2\/users\/1039"}],"replies":[{"embeddable":true,"href":"https:\/\/archives.regards.fr\/index.php?rest_route=%2Fwp%2Fv2%2Fcomments&post=13044"}],"version-history":[{"count":0,"href":"https:\/\/archives.regards.fr\/index.php?rest_route=\/wp\/v2\/posts\/13044\/revisions"}],"wp:featuredmedia":[{"embeddable":true,"href":"https:\/\/archives.regards.fr\/index.php?rest_route=\/wp\/v2\/media\/30722"}],"wp:attachment":[{"href":"https:\/\/archives.regards.fr\/index.php?rest_route=%2Fwp%2Fv2%2Fmedia&parent=13044"}],"wp:term":[{"taxonomy":"category","embeddable":true,"href":"https:\/\/archives.regards.fr\/index.php?rest_route=%2Fwp%2Fv2%2Fcategories&post=13044"},{"taxonomy":"post_tag","embeddable":true,"href":"https:\/\/archives.regards.fr\/index.php?rest_route=%2Fwp%2Fv2%2Ftags&post=13044"}],"curies":[{"name":"wp","href":"https:\/\/api.w.org\/{rel}","templated":true}]}}