{"id":13039,"date":"2021-06-18T13:18:28","date_gmt":"2021-06-18T11:18:28","guid":{"rendered":"https:\/\/wp.muchomaas.com\/article-regionales-2021-les-appareils-partisans-sont-deleteres-pour-la-gauche\/"},"modified":"2023-06-24T00:17:33","modified_gmt":"2023-06-23T22:17:33","slug":"article-regionales-2021-les-appareils-partisans-sont-deleteres-pour-la-gauche","status":"publish","type":"post","link":"https:\/\/archives.regards.fr\/?p=13039","title":{"rendered":"R\u00e9gionales 2021 : \u00ab Les appareils partisans sont d\u00e9l\u00e9t\u00e8res pour la gauche \u00bb"},"content":{"rendered":"<p class=\"post_excerpt\">La gauche en voie d&#8217;effacement au niveau d\u00e9partemental, r\u00e9gional&#8230; et national ? On en parle avec R\u00e9mi Lefebvre, professeur de science politique \u00e0 l&#8217;universit\u00e9 de Lille et \u00e0 Sciences Po Lille.<\/p>\n<h2>UNE MIDINALE \u00c0 VOIR&#8230;<\/h2>\n<p><iframe loading=\"lazy\" width=\"490\" height=\"276\" src=\"https:\/\/www.youtube.com\/embed\/j9-GTnFvIvs\" title=\"YouTube video player\" frameborder=\"0\" allow=\"accelerometer; autoplay; clipboard-write; encrypted-media; gyroscope; picture-in-picture\" allowfullscreen><\/iframe><\/p>\n<p>&nbsp;<\/p>\n<p><h2>&#8230;ET A LIRE<\/h2>\n<p><em>\u00a0<strong>Sur la probable forte abstention aux scrutins r\u00e9gionaux et d\u00e9partementaux de dimanche<\/em>\u00a0<\/strong><br \/>\n\u00ab\u00a0Les \u00e9lections r\u00e9gionales et d\u00e9partementales n\u2019ont jamais beaucoup mobilis\u00e9.\u00a0\u00bb<br \/>\n\u00ab\u00a0Il y a une tendance \u00e0 la baisse de la participation aux \u00e9lections locales, notamment quand on regarde d\u2019\u00e9lections municipales en \u00e9lections municipales.\u00a0\u00bb<br \/>\n\u00ab\u00a0En France, il n\u2019y a pratiquement plus que les \u00e9lections pr\u00e9sidentielles qui mobilisent le corps \u00e9lectoral &#8211; autour de 80%.\u00a0Toute l\u2019attention d\u00e9mocratique \u00e9lectoral est polaris\u00e9e sur ces \u00e9lections.\u00a0\u00bb<br \/>\n\u00ab\u00a0Le probl\u00e8me principal de l\u2019abstention, ce n\u2019est pas la crise sanitaire.\u00a0\u00bb<br \/>\n\u00ab\u00a0Le malaise d\u00e9mocratique est plus profond que simplement le contexte de la crise sanitaire.\u00a0\u00bb<br \/>\n\u00ab\u00a0Cette abstention est tr\u00e8s inqui\u00e9tante car les maires ont \u00e9t\u00e9 \u00e9lus avec des taux de participation extraordinairement faibles. Et il va en \u00eatre de m\u00eame avec les \u00e9lus d\u00e9partementaux et r\u00e9gionaux. Alors m\u00eame que ce sont des \u00e9lites importantes et qui vont mener des politiques publiques.\u00a0\u00bb<br \/>\n\u00ab\u00a0J\u2019ai peur que le constat de l\u2019abstention tr\u00e8s importante se banalise, avec fatalit\u00e9.\u00a0\u00bb<br \/>\n\u00ab\u00a0Personne ne comprend plus rien : le m\u00eame jour, il y a les \u00e9lections r\u00e9gionales et d\u00e9partementales. Avec de grandes r\u00e9gions que les \u00e9lecteurs ne comprennent pas. Et des bin\u00f4mes dans des cantons qui viennent d\u2019\u00eatre red\u00e9coup\u00e9s en 2015.\u00a0Tout est fait pour que les gens ne participent pas. \u00bb<\/p>\n<p><em>\u00a0<strong>Sur la faiblesse \u00e9lectorale de la gauche<\/em>\u00a0<\/strong><br \/>\n\u00ab\u00a0On est entr\u00e9 dans un sc\u00e9nario de l\u2019effacement de la gauche.\u00a0\u00bb<br \/>\n\u00ab\u00a0On est \u00e0 un \u00e9tiage \u00e9lectoral que la gauche n\u2019a jamais connu.\u00a0\u00bb<br \/>\n\u00ab\u00a0Dans les Hauts-de-France, cas unique en France, Karima Delli est \u00e0 la t\u00eate d\u2019une union de la gauche. Elle est donn\u00e9e \u00e0 moins de 20% dans une terre historiquement de gauche\u2026\u00a0Il y a unit\u00e9 mais il n\u2019y a pas de dynamique.\u00a0\u00bb<br \/>\n\u00ab\u00a0M\u00eame quand il y a une dynamique unitaire, il n\u2019y a pas forc\u00e9ment une dynamique \u00e9lectorale.\u00a0\u00bb<br \/>\n\u00ab\u00a0Sur les march\u00e9s, dans les Hauts-de-France, il y a des gens qui distribuent des tracts pour Karima Delli et, juste \u00e0 c\u00f4t\u00e9, les m\u00eames qui distribuent des tracts pour des bin\u00f4mes diff\u00e9rents pour les \u00e9lections d\u00e9partementales.\u00a0\u00bb<br \/>\n\u00ab\u00a0Le d\u00e9bat public est domin\u00e9 par les th\u00e9matiques de droite et la gauche est inaudible.\u00a0\u00bb<br \/>\n\u00ab\u00a0Quand on voit que la gauche, sauf la France insoumise, va soutenir les syndicats policiers : Yannick Jadot (EELV), Fabien Roussel (PCF), Olivier Faure (PS). La gauche participe d\u2019une confusion politique dont elle paie le prix aux \u00e9lections r\u00e9gionales.\u00a0\u00bb<br \/>\n\u00ab\u00a0On n\u2019a jamais vu \u00e7a aux \u00e9lections r\u00e9gionales : on parle de s\u00e9curit\u00e9 qui n\u2019est pas une comp\u00e9tence des conseils r\u00e9gionaux !\u00a0\u00bb<br \/>\n\u00ab\u00a0La gauche n\u2019a pas de pouvoir d\u2019incarnation mais elle n\u2019arrive pas \u00e0 peser sur l\u2019agenda &#8211; ce qui est un \u00e9norme probl\u00e8me car c\u2019est structurel.\u00a0\u00bb<br \/>\n\u00ab\u00a0La gauche a tr\u00e8s peu de percussions politiques : elle subit l\u2019agenda et le tempo de la droite. Et m\u00eame plus : elle entretient le manque de rep\u00e8res id\u00e9ologiques.\u00a0\u00bb<br \/>\n\u00ab\u00a0La gauche n\u2019arrive pas \u00e0 d\u00e9fendre un espace politique propre et autonome.\u00a0\u00bb<br \/>\n\u00ab\u00a0Tout cela est tr\u00e8s paradoxal avec le fait que l\u2019opinion publique est globalement plut\u00f4t \u00e0 gauche, notamment sur le partage des richesses, sur les injustices sociales, sur le rapport aux in\u00e9galit\u00e9s.\u00a0\u00bb<br \/>\n\u00ab\u00a0Sur la question de l\u2019islam et de l\u2019immigration, il y a une droitisation de la gauche.\u00a0\u00bb<\/p>\n<p><em>\u00a0<strong>Sur les incarnations de la gauche<\/em>\u00a0<\/strong><br \/>\n\u00ab\u00a0Les \u00e9lections r\u00e9gionales se jouent rarement sur des questions de popularit\u00e9 : la notori\u00e9t\u00e9 des personnalit\u00e9s RN est faible &#8211; S\u00e9bastien Chenu, personne ne le conna\u00eet dans les Hauts-de-France.\u00a0\u00bb<br \/>\n\u00ab\u00a0La notori\u00e9t\u00e9, \u00e7a marche pour les \u00e9lus sortants.\u00a0\u00bb<br \/>\n\u00ab\u00a0Est-ce que la gauche n\u2019est pas en train de s\u2019effacer au niveau national parce qu\u2019elle a un probl\u00e8me de leadership ? Oui, certainement. Il y a un probl\u00e8me de dispositif humain.\u00a0\u00bb<br \/>\n\u00ab\u00a0Jean-Luc M\u00e9lenchon souffre d\u2019une forme de discr\u00e9dit.\u00a0\u00bb<br \/>\n\u00ab\u00a0Aujourd\u2019hui, dans notre syst\u00e8me hyper-pr\u00e9sidentialis\u00e9, sans locomotive, c\u2019est-\u00e0-dire un candidat qui incarne et porte, c\u2019est difficile d\u2019\u00eatre percutant.\u00a0\u00bb<\/p>\n<p><em>\u00a0<strong>Sur le rapport des \u00e9lections r\u00e9gionales \u00e0 la pr\u00e9sidentielle 2022<\/em>\u00a0<\/strong><br \/>\n\u00ab\u00a0Ces \u00e9lections r\u00e9gionales pour la gauche comme pour les autres partis sont parasit\u00e9es par l\u2019\u00e9lection pr\u00e9sidentielle.\u00a0\u00bb<br \/>\n\u00ab\u00a0La R\u00e9publique En Marche n\u2019utilise les \u00e9lections r\u00e9gionales que pour fractionner la droite, voire la gauche aussi en Bretagne.\u00a0\u00bb<br \/>\n\u00ab\u00a0A gauche, la situation est kafka\u00efenne : la France insoumise fait alliance avec Matthieu Orphelin (ex-LREM) dans les Pays de Loire, avec le NPA en Nouvelle Aquitaine, union de la gauche dans les Hauts-de-France\u2026 Le PS est dans un situation tr\u00e8s confuse\u2026 On n\u2019y comprend rien !\u00a0\u00bb<br \/>\n\u00ab\u00a0Les partis politiques de gauche jouent le jeu d\u2019avoir des \u00e9lus et de maintenir des appareils.\u00a0\u00bb<br \/>\n\u00ab\u00a0Il y a une pulv\u00e9risation des appareils politiques : il n\u2019y a jamais eu de partis \u00e0 gauche ! G\u00e9n\u00e9ration.s, GRS : parfois, \u00e0 gauche, il y a 10 sigles partisans sur les affiches.\u00a0\u00bb<br \/>\n\u00ab\u00a0Il y a aussi des logiques pr\u00e9sidentielles : les \u00e9lections r\u00e9gionales ont une vraie l\u00e9gitimit\u00e9 dans leur tradition politique pour EELV mais ils veulent jouer le leadership pour pr\u00e9parer leur primaire de septembre. La France insoumise quant \u00e0 elle n\u2019aime pas les \u00e9lections locales et a tr\u00e8s envie de passer \u00e0 autre chose\u2026 \u00a0\u00bb<br \/>\n\u00ab\u00a0En Ile-de-France, j\u2019esp\u00e8re qu\u2019il n\u2019y aura pas de catastrophe &#8211; c\u2019est-\u00e0-dire que les 3 listes fassent moins de 10%.\u00a0Celui ou celle qui sera en premier va s\u2019imposer aux autres et \u00e7a ne va pas \u00eatre simple \u00e0 n\u00e9gocier. C\u2019est une sorte de primaire \u00e0 3 listes !\u00a0\u00bb<br \/>\n\u00ab\u00a0Ce qui p\u00e8se sur ces \u00e9lections r\u00e9gionales, ce sont les appareils partisans compl\u00e8tement d\u00e9l\u00e9t\u00e8res pour la gauche.\u00a0\u00bb<\/p>\n<p><em>\u00a0<strong>Sur les effets des mauvais scores de la gauche<\/em>\u00a0<\/strong><br \/>\n\u00ab\u00a0Les \u00e9lectrochocs, cela fait 20 ans qu\u2019on les attend \u00e0 gauche.\u00a0\u00bb<br \/>\n\u00ab\u00a0Il n\u2019y a pas beaucoup d\u2019options sur la table et il y a donc une sorte de fatalisme.\u00a0\u00bb<br \/>\n\u00ab\u00a0Qu\u2019est-ce que ce serait des \u00e9lectrochocs ? Jean-Luc M\u00e9lenchon sera de toutes les fa\u00e7ons candidat \u00e0 l\u2019\u00e9lection pr\u00e9sidentielle. Et il aura un autre candidat de gauche face \u00e0 lui, commune PS-\u00e9colo\u2026 La question, c\u2019est comment elle va \u00eatre produite ?\u00a0\u00bb<\/p>\n<p><em>\u00a0<strong>Les Fran\u00e7ais sont-ils de droite ?<\/em>\u00a0<\/strong><br \/>\n\u00ab\u00a0L\u2019opinion publique est plus \u00e0 gauche qu\u2019on ne le croit sur beaucoup de sujets.\u00a0\u00bb<br \/>\n\u00ab\u00a0Il faut travailler les leviers de mobilisation \u00e0 gauche.\u00a0\u00bb<br \/>\n\u00ab\u00a0Le projet et les id\u00e9es de la gauche existent mais elle n\u2019arrive pas \u00e0 les faire entendre et \u00e0 y faire croire.\u00a0\u00bb<br \/>\n\u00ab\u00a0L\u2019id\u00e9e de la gauche a \u00e9t\u00e9 tr\u00e8s fortement abim\u00e9e par l\u2019exercice du pouvoir.\u00a0\u00bb<br \/>\n\u00ab\u00a0On a l\u2019impression que la parole de la gauche tourne \u00e0 vide parce que, lorsqu\u2019elle a \u00e9t\u00e9 port\u00e9e au pouvoir, elle a \u00e9t\u00e9 trahie et d\u00e9savou\u00e9e.\u00a0\u00bb<br \/>\n\u00ab\u00a0On ne parle plus d\u2019un changement \u00e9cologiste de notre mod\u00e8le de d\u00e9veloppement.\u00a0\u00bb<br \/>\n\u00ab\u00a0Je reste optimiste : l\u2019aspiration que porte la gauche dans une soci\u00e9t\u00e9 qui est fondamentalement injuste et in\u00e9galitaire ne va pas dispara\u00eetre.\u00a0\u00bb<div id='gallery-1' class='gallery galleryid-13039 gallery-columns-3 gallery-size-thumbnail'><figure class='gallery-item'>\n\t\t\t<div class='gallery-icon landscape'>\n\t\t\t\t<a href='https:\/\/archives.regards.fr\/wp-content\/uploads\/2021\/06\/capture_d_e_cran_2021-06-18_a_13-079.08.51.png'><img loading=\"lazy\" decoding=\"async\" width=\"150\" height=\"150\" src=\"https:\/\/archives.regards.fr\/wp-content\/uploads\/2021\/06\/capture_d_e_cran_2021-06-18_a_13-079.08.51-150x150.png\" class=\"attachment-thumbnail size-thumbnail\" alt=\"capture_d_e_cran_2021-06-18_a_13.08.51.png\" \/><\/a>\n\t\t\t<\/div><\/figure>\n\t\t<\/div>\n<\/p>\n","protected":false},"excerpt":{"rendered":"<p>La gauche en voie d&#8217;effacement au niveau d\u00e9partemental, r\u00e9gional&#8230; et national ? On en parle avec R\u00e9mi Lefebvre, professeur de science politique \u00e0 l&#8217;universit\u00e9 de Lille et \u00e0 Sciences Po Lille.<\/p>\n","protected":false},"author":1204,"featured_media":30714,"comment_status":"open","ping_status":"open","sticky":false,"template":"","format":"standard","meta":{"_themeisle_gutenberg_block_has_review":false,"footnotes":""},"categories":[238],"tags":[293],"class_list":["post-13039","post","type-post","status-publish","format-standard","has-post-thumbnail","hentry","category-la-midinale","tag-entretien"],"_links":{"self":[{"href":"https:\/\/archives.regards.fr\/index.php?rest_route=\/wp\/v2\/posts\/13039","targetHints":{"allow":["GET"]}}],"collection":[{"href":"https:\/\/archives.regards.fr\/index.php?rest_route=\/wp\/v2\/posts"}],"about":[{"href":"https:\/\/archives.regards.fr\/index.php?rest_route=\/wp\/v2\/types\/post"}],"author":[{"embeddable":true,"href":"https:\/\/archives.regards.fr\/index.php?rest_route=\/wp\/v2\/users\/1204"}],"replies":[{"embeddable":true,"href":"https:\/\/archives.regards.fr\/index.php?rest_route=%2Fwp%2Fv2%2Fcomments&post=13039"}],"version-history":[{"count":0,"href":"https:\/\/archives.regards.fr\/index.php?rest_route=\/wp\/v2\/posts\/13039\/revisions"}],"wp:featuredmedia":[{"embeddable":true,"href":"https:\/\/archives.regards.fr\/index.php?rest_route=\/wp\/v2\/media\/30714"}],"wp:attachment":[{"href":"https:\/\/archives.regards.fr\/index.php?rest_route=%2Fwp%2Fv2%2Fmedia&parent=13039"}],"wp:term":[{"taxonomy":"category","embeddable":true,"href":"https:\/\/archives.regards.fr\/index.php?rest_route=%2Fwp%2Fv2%2Fcategories&post=13039"},{"taxonomy":"post_tag","embeddable":true,"href":"https:\/\/archives.regards.fr\/index.php?rest_route=%2Fwp%2Fv2%2Ftags&post=13039"}],"curies":[{"name":"wp","href":"https:\/\/api.w.org\/{rel}","templated":true}]}}