{"id":13037,"date":"2021-06-17T17:29:28","date_gmt":"2021-06-17T15:29:28","guid":{"rendered":"https:\/\/wp.muchomaas.com\/article-isabelle-lorand-la-grande-lecon-du-covid-c-est-que-la-solidarite-n-est-pas-un\/"},"modified":"2023-06-24T00:17:32","modified_gmt":"2023-06-23T22:17:32","slug":"article-isabelle-lorand-la-grande-lecon-du-covid-c-est-que-la-solidarite-n-est-pas-un","status":"publish","type":"post","link":"https:\/\/archives.regards.fr\/?p=13037","title":{"rendered":"Isabelle Lorand : \u00ab\u00a0La grande le\u00e7on du Covid, c\u2019est que la solidarit\u00e9 n\u2019est pas un co\u00fbt mais une chance\u00a0\u00bb"},"content":{"rendered":"<p class=\"post_excerpt\">Fin du masque et du couvre-feu. Comme un air de libert\u00e9 \u00e0 quelques jours d\u2019\u00e9ch\u00e9ances \u00e9lectorales. La d\u00e9cision du gouvernement est-elle raisonnable ? Isabelle Lorand, m\u00e9decin, est l\u2019invit\u00e9e de #LaMidinale.<\/p>\n<h2>UNE MIDINALE \u00c0 VOIR&#8230;<\/h2>\n<p><iframe loading=\"lazy\" width=\"490\" height=\"276\" src=\"https:\/\/www.youtube.com\/embed\/6FVeCVQbppw\" title=\"YouTube video player\" frameborder=\"0\" allow=\"accelerometer; autoplay; clipboard-write; encrypted-media; gyroscope; picture-in-picture\" allowfullscreen><\/iframe><\/p>\n<p>&nbsp;<\/p>\n<p><h2>&#8230;ET A LIRE<\/h2>\n<p><em>\u00a0<strong>Sur la fin du masque et du couvre-feu<\/em>\u00a0<\/strong><br \/>\n\u00ab\u00a0La vie s\u2019impose d&#8217;elle-m\u00eame. \u00c0 l\u2019\u00e9vidence, le virus marque le pas et il y a beaucoup moins de contamination.\u00a0\u00bb<br \/>\n\u00ab\u00a0On a besoin de libert\u00e9.\u00a0\u00bb<br \/>\n\u00ab\u00a0Enfin on se retrouve et on respire.\u00a0\u00bb<\/p>\n<p><em>\u00a0<strong>Sur le risque d\u2019une nouvelle vague<\/em>\u00a0<\/strong><br \/>\n\u00ab\u00a0On a deux armes tr\u00e8s importantes : la vaccination et le d\u00e9pistage ainsi que l\u2019isolement.\u00a0\u00bb<br \/>\n\u00ab\u00a0J\u2019interroge tr\u00e8s s\u00e9rieusement la vaccination obligatoire.\u00a0\u00bb<br \/>\n\u00ab\u00a0La pand\u00e9mie n\u2019est pas une affaire individuelle mais d\u2019int\u00e9r\u00eat g\u00e9n\u00e9ral.\u00a0\u00bb<br \/>\n\u00ab\u00a0Ce qui rel\u00e8ve de l\u2019int\u00e9r\u00eat g\u00e9n\u00e9ral rel\u00e8ve de la responsabilit\u00e9 de la puissance publique.\u00a0\u00bb<br \/>\n\u00ab\u00a0L\u2019histoire de la sant\u00e9 publique c\u2019est l\u2019histoire de la responsabilit\u00e9 de la puissance publique.\u00a0\u00bb<br \/>\n\u00ab Il y a une triple responsabilit\u00e9 : celle de convaincre, d\u2019organiser et aussi d\u2019en assumer les cons\u00e9quences.\u00a0\u00bb<br \/>\n\u00ab\u00a0La vaccination obligatoire n\u2019est pas un tabou.\u00a0\u00bb<\/p>\n<p><em>\u00a0<strong>Sur le bilan de la crise sanitaire\u00a0<\/em>\u00a0<\/strong><br \/>\n\u00ab\u00a0Il faut chercher des notes positives et on a appris qu\u2019on pouvait faire quelque chose pour le climat.\u00a0\u00bb<br \/>\n\u00ab\u00a0Quand tout s\u2019est arr\u00eat\u00e9, les animaux sont revenus en ville. La pollution a baiss\u00e9 et on a \u00e9vit\u00e9 plusieurs milliers de morts. \u00c7a montre qu\u2019on peut agir efficacement sur le climat. \u00bb<br \/>\n\u00ab\u00a0Je n\u2019ai pas oubli\u00e9 les solidarit\u00e9s : j\u2019ai \u00e9t\u00e9 tr\u00e8s marqu\u00e9 par la place des femmes. C\u2019est formidable ce qu\u2019il s\u2019est pass\u00e9 notamment dans les villes populaires en mati\u00e8re de solidarit\u00e9s.\u00a0\u00bb<br \/>\n\u00ab\u00a0Ce qui me met en col\u00e8re, c\u2019est qu\u2019on savait que statistiquement il y a une pand\u00e9mie chaque si\u00e8cle et que l\u2019on sait normalement s\u2019y pr\u00e9parer.\u00a0\u00bb<br \/>\n\u00ab\u00a0Cette politique de baisse des d\u00e9penses publiques a fait perdre la place de la France de championne du monde en mati\u00e8re de sant\u00e9.\u00a0\u00bb<\/p>\n<p><em>\u00a0<strong>Sur la cote de confiance de Macron<\/em>\u00a0<\/strong><br \/>\n\u00ab\u00a0Le pari d\u2019Emmanuel Macron s\u2019est pay\u00e9 par des centaines de morts quotidiennes.\u00a0\u00bb<br \/>\n\u00ab\u00a0Fermer les \u00e9coles n\u2019\u00e9tait pas une mani\u00e8re d\u2019enfermer les enfants chez eux. \u00c7a aurait pu \u00eatre une opportunit\u00e9 pour penser l\u2019\u00e9cole diff\u00e9remment et ses missions.\u00a0Au Danemark, les enfants ont fait l\u2019\u00e9cole dans les bois et les parcs. \u00bb<br \/>\n\u00ab\u00a0Pour beaucoup de gens, la situation est telle qu\u2019il y a le choix entre Le Pen et Macron et personnellement, il n\u2019y a aucun doute : je ne suis pas favorable \u00e0 Macron mais \u00e7a sera quand m\u00eame lui. \u00bb<\/p>\n<p><em>\u00a0<strong>Sur la situation de l\u2019h\u00f4pital public\u00a0<\/em>\u00a0<\/strong><br \/>\n\u00ab\u00a0Il y a \u00e9norm\u00e9ment de fatigue.\u00a0\u00bb\u00a0<br \/>\n\u00ab\u00a0On ne peut pas dire que les soignants n\u2019avaient pas pr\u00e9venu.\u00a0\u00bb<br \/>\n\u00ab\u00a0Il y a eu des promesses mais \u00e0 l\u2019arriv\u00e9e, les choses n\u2019ont pas vraiment chang\u00e9.\u00a0\u00bb<br \/>\n\u00ab\u00a0On est dans une p\u00e9nurie organis\u00e9e, anticip\u00e9e depuis 40 ans : en 1985, l\u2019OMS pr\u00e9venait qu\u2019avec le numerus clausus la France serait en p\u00e9nurie de m\u00e9decins.\u00a0\u00bb<\/p>\n<p><em>\u00a0<strong>Sur les pand\u00e9mies \u00e0 venir<\/em>\u00a0<\/strong><br \/>\n\u00ab\u00a0Sur le long terme, ces pand\u00e9mies doivent interroger nos modes de vie.\u00a0\u00bb<br \/>\n\u00ab\u00a0La grande le\u00e7on, c\u2019est que la solidarit\u00e9 n\u2019est pas un co\u00fbt mais une chance.\u00a0\u00bb<br \/>\n\u00ab\u00a0On vit mieux ensemble quand on est solidaires.\u00a0\u00bb<br \/>\n\u00ab\u00a0\u00c7a n\u2019est pas ringard d\u2019\u00eatre fonctionnaire.\u00a0\u00bb<\/p>\n<p><em>\u00a0<strong>Sur l\u2019\u00e9lection d\u00e9partementale dans le Val-de-Marne<\/em>\u00a0<\/strong><br \/>\n\u00ab\u00a0Le d\u00e9partement du Val-de-Marne arrive \u00e0 la fois \u00e0 \u00eatre solidaire envers les plus faibles et exigeant pour tous.\u00a0\u00bb<div id='gallery-1' class='gallery galleryid-13037 gallery-columns-3 gallery-size-thumbnail'><figure class='gallery-item'>\n\t\t\t<div class='gallery-icon landscape'>\n\t\t\t\t<a href='https:\/\/archives.regards.fr\/wp-content\/uploads\/2021\/06\/capture_d_e_cran_2021-06-17_a_17-537.22.24.png'><img loading=\"lazy\" decoding=\"async\" width=\"150\" height=\"150\" src=\"https:\/\/archives.regards.fr\/wp-content\/uploads\/2021\/06\/capture_d_e_cran_2021-06-17_a_17-537.22.24-150x150.png\" class=\"attachment-thumbnail size-thumbnail\" alt=\"capture_d_e_cran_2021-06-17_a_17.22.24.png\" \/><\/a>\n\t\t\t<\/div><\/figure>\n\t\t<\/div>\n<\/p>\n","protected":false},"excerpt":{"rendered":"<p>Fin du masque et du couvre-feu. Comme un air de libert\u00e9 \u00e0 quelques jours d\u2019\u00e9ch\u00e9ances \u00e9lectorales. La d\u00e9cision du gouvernement est-elle raisonnable ? Isabelle Lorand, m\u00e9decin, est l\u2019invit\u00e9e de #LaMidinale.<\/p>\n","protected":false},"author":1039,"featured_media":30712,"comment_status":"open","ping_status":"open","sticky":false,"template":"","format":"standard","meta":{"_themeisle_gutenberg_block_has_review":false,"footnotes":""},"categories":[238],"tags":[293],"class_list":["post-13037","post","type-post","status-publish","format-standard","has-post-thumbnail","hentry","category-la-midinale","tag-entretien"],"_links":{"self":[{"href":"https:\/\/archives.regards.fr\/index.php?rest_route=\/wp\/v2\/posts\/13037","targetHints":{"allow":["GET"]}}],"collection":[{"href":"https:\/\/archives.regards.fr\/index.php?rest_route=\/wp\/v2\/posts"}],"about":[{"href":"https:\/\/archives.regards.fr\/index.php?rest_route=\/wp\/v2\/types\/post"}],"author":[{"embeddable":true,"href":"https:\/\/archives.regards.fr\/index.php?rest_route=\/wp\/v2\/users\/1039"}],"replies":[{"embeddable":true,"href":"https:\/\/archives.regards.fr\/index.php?rest_route=%2Fwp%2Fv2%2Fcomments&post=13037"}],"version-history":[{"count":0,"href":"https:\/\/archives.regards.fr\/index.php?rest_route=\/wp\/v2\/posts\/13037\/revisions"}],"wp:featuredmedia":[{"embeddable":true,"href":"https:\/\/archives.regards.fr\/index.php?rest_route=\/wp\/v2\/media\/30712"}],"wp:attachment":[{"href":"https:\/\/archives.regards.fr\/index.php?rest_route=%2Fwp%2Fv2%2Fmedia&parent=13037"}],"wp:term":[{"taxonomy":"category","embeddable":true,"href":"https:\/\/archives.regards.fr\/index.php?rest_route=%2Fwp%2Fv2%2Fcategories&post=13037"},{"taxonomy":"post_tag","embeddable":true,"href":"https:\/\/archives.regards.fr\/index.php?rest_route=%2Fwp%2Fv2%2Ftags&post=13037"}],"curies":[{"name":"wp","href":"https:\/\/api.w.org\/{rel}","templated":true}]}}