{"id":13034,"date":"2021-06-16T14:29:15","date_gmt":"2021-06-16T12:29:15","guid":{"rendered":"https:\/\/wp.muchomaas.com\/article-pascal-boniface-a-force-de-designer-la-chine-comme-ennemie-elle-pourrait-le\/"},"modified":"2023-06-24T00:17:30","modified_gmt":"2023-06-23T22:17:30","slug":"article-pascal-boniface-a-force-de-designer-la-chine-comme-ennemie-elle-pourrait-le","status":"publish","type":"post","link":"https:\/\/archives.regards.fr\/?p=13034","title":{"rendered":"Pascal Boniface : \u00ab\u00a0\u00c0 force de d\u00e9signer la Chine comme ennemie, elle pourrait le devenir \u00bb"},"content":{"rendered":"<p class=\"post_excerpt\">\u00c0 quoi sert l&#8217;OTAN ? L\u2019Union europ\u00e9enne s\u2019est-elle couch\u00e9e derri\u00e8re l\u2019agenda am\u00e9ricain contre la Chine ? Quels risques imm\u00e9diats en Palestine ? Pascal Boniface, directeur de l\u2019Iris, est l\u2019invit\u00e9 de #LaMidinale.<\/p>\n<h2>UNE MIDINALE \u00c0 VOIR&#8230;<\/h2>\n<p><iframe loading=\"lazy\" width=\"490\" height=\"276\" src=\"https:\/\/www.youtube.com\/embed\/2ExN5rktItU\" title=\"YouTube video player\" frameborder=\"0\" allow=\"accelerometer; autoplay; clipboard-write; encrypted-media; gyroscope; picture-in-picture\" allowfullscreen><\/iframe><\/p>\n<p>&nbsp;<\/p>\n<p><h2>&#8230;ET A LIRE<\/h2>\n<p><em>\u00a0<strong>Sur l\u2019antiracisme dans le foot<\/em>\u00a0<\/strong><br \/>\n\u00ab\u00a0Il n\u2019y avait pas d\u2019accord avec l\u2019\u00e9quipe d\u2019Allemagne [pour mettre un genou \u00e0 terre \u00e0 l\u2019entr\u00e9e du match Allemagne\/France].\u00a0\u00bb<br \/>\n\u00ab\u00a0Un jour o\u00f9 l\u2019autre, les joueurs s\u2019exprimeront.\u00a0\u00bb\u00a0<br \/>\n\u00ab\u00a0Je ne pense pas que les joueurs c\u00e8dent \u00e0 la fraction de l\u2019opinion [qui critique l\u2019engagement antiraciste des joueurs de foot].\u00a0\u00bb<br \/>\n\u00ab\u00a0Il faut sortir des clich\u00e9s sur les footballeurs qui pensent avec leurs pieds : ils voyagent beaucoup, d\u00e9couvrent de nombreux pays, parlent plusieurs langues, ont de la culture.\u00a0\u00bb<br \/>\n\u00ab Les footballeurs ne sont pas d\u00e9pendants des pressions. On aura toujours besoin de Pogba &#8211; ou d\u2019autres joueurs &#8211; m\u00eame s\u2019ils prennent des positions.\u00a0\u00bb<\/p>\n<p><em>\u00a0<strong>Sur la g\u00e9opolitique du football\u00a0<\/em>\u00a0<\/strong><br \/>\n\u00ab\u00a0Tous les euros ont eu des tensions g\u00e9opolitiques \u00e0 travers certains matchs embl\u00e9matiques de nations qui sont en comp\u00e9tition et qui parfois peuvent se saisir d\u2019un match pour envoyer un message de rapprochement ou qui parfois la tension est plus forte &#8211; tout d\u00e9pend o\u00f9 a lieu le match.\u00a0\u00bb<br \/>\n\u00ab\u00a0Le fait qu\u2019une \u00e9quipe nationale repr\u00e9sente la nation mais repr\u00e9sente aussi l\u2019hostilit\u00e9 qu\u2019une nation peut avoir vis-\u00e0-vis d\u2019une autre, c\u2019est aussi vieux que les comp\u00e9titions internationales de football.\u00a0\u00bb<\/p>\n<p><em>\u00a0<strong>Sur les membres europ\u00e9ens de l&#8217;OTAN vis-\u00e0-vis de la Chine\u00a0<\/em>\u00a0<\/strong><br \/>\n\u00ab\u00a0Les europ\u00e9ens sont tellement soulag\u00e9s de ne plus avoir Trump et d\u2019avoir un Biden souriant, avenant et qui dit aux europ\u00e9ens : je vous aime. Du coup, les europ\u00e9ens ont accept\u00e9 quelque chose \u00e0 laquelle ils \u00e9taient r\u00e9ticents : c\u2019est de d\u00e9signer la Chine comme un rival syst\u00e9mique. Donc de reprendre l\u2019agenda am\u00e9ricain puisque cette repr\u00e9sentation de la Chine n\u2019est pas l\u2019agenda europ\u00e9en. \u00bb\u00a0<br \/>\n\u00ab\u00a0l&#8217;OTAN est une alliance militaire. La Chine peut \u00eatre un d\u00e9fi politique ou commercial mais n\u2019est pas pour l\u2019Europe un d\u00e9fi militaire.\u00a0\u00bb<br \/>\n\u00ab\u00a0La Chine est un d\u00e9fi strat\u00e9gique parce qu\u2019elle va ravir aux Etats-Unis, la premi\u00e8re place mondiale.\u00a0\u00bb<br \/>\n\u00ab\u00a0Le v\u00e9ritable motif d\u2019opposition des Etats-Unis, plus que la violation des droits de l\u2019Homme, c\u2019est le fait que la Chine va d\u00e9passer les Etats-Unis.\u00a0Mais \u00e7a, \u00e7a n\u2019est pas un probl\u00e8me europ\u00e9en, c\u2019est un probl\u00e8me am\u00e9ricain. Nous avons eu tort d\u2019accepter cela parce qu\u2019il y a un risque de proph\u00e9tie r\u00e9alisatrice. \u00c0 force de d\u00e9signer la Chine comme un ennemi, elle pourrait le devenir. \u00bb<br \/>\n\u00ab\u00a0Il y a eu une molette de la r\u00e9action europ\u00e9enne par rapport \u00e0 l\u2019agenda am\u00e9ricain qui n\u2019est pas tout \u00e0 fait le notre.\u00a0\u00bb<\/p>\n<p><em>\u00a0<strong>Sur la strat\u00e9gie de Biden<\/em>\u00a0<\/strong><br \/>\n\u00ab\u00a0Le but de Biden est le m\u00eame que Trump : contenir la Chine. La strat\u00e9gie est diff\u00e9rente. Trump partait seul \u00e0 l\u2019assaut. Biden veut rassembler une coalition autour de lui pour y parvenir.\u00a0\u00bb<br \/>\n\u00ab\u00a0Biden veut jouer du soft power et du consensus apparent mais sa strat\u00e9gie c\u2019est de r\u00e9tablir un leadership am\u00e9ricain.\u00a0\u00bb<\/p>\n<p><em>\u00a0<strong>Sur la Turquie<\/em>\u00a0<\/strong><br \/>\n\u00ab\u00a0La Turquie a son agenda. Erdogan s\u2019est aper\u00e7u qu\u2019en n\u2019ayant plus l\u2019appui de Trump, ses marges de man\u0153uvre sont plus limit\u00e9es avec Biden.\u00a0Il est donc amen\u00e9 \u00e0 faire des concessions qu\u2019il n\u2019\u00e9tait pas amen\u00e9 \u00e0 faire l\u2019an dernier. \u00bb<br \/>\n\u00ab\u00a0La France et la Turquie ont toujours des int\u00e9r\u00eats estim\u00e9s divergents sur de nombreux sujets mais le fait de n\u00e9gocier et de ne plus s\u2019insulter est pr\u00e9f\u00e9rable. Il faut accepter la bonne nouvelle.\u00a0\u00bb<\/p>\n<p><em>\u00a0<strong>Sur l&#8217;OTAN<\/em>\u00a0<\/strong><br \/>\n\u00ab\u00a0L&#8217;OTAN est un marteau \u00e0 la recherche de clous.\u00a0\u00bb<br \/>\n\u00ab\u00a0La raison d\u2019\u00eatre de l&#8217;OTAN \u00e9tait la menace sovi\u00e9tique qui a disparu.\u00a0\u00bb<\/p>\n<p>Sur les tirs d\u2019Isra\u00ebl au sud de Gaza<br \/>\n\u00ab\u00a0Le cessez le feu bienvenu n\u2019a rien r\u00e9gl\u00e9 : le probl\u00e8me palestinien existe toujours contrairement \u00e0 ce que dise les propagandistes isra\u00e9liens.\u00a0\u00bb<br \/>\n\u00ab\u00a0Il y a \u00e0 la t\u00eate du gouvernement isra\u00e9lien quelqu\u2019un qui dit qu\u2019il n\u2019a pas de probl\u00e8me pour tuer les arabes.\u00a0Je ne vois pas pourquoi les choses iraient mieux dans les semaines qui viennent. \u00bb<div id='gallery-1' class='gallery galleryid-13034 gallery-columns-3 gallery-size-thumbnail'><figure class='gallery-item'>\n\t\t\t<div class='gallery-icon landscape'>\n\t\t\t\t<a href='https:\/\/archives.regards.fr\/wp-content\/uploads\/2021\/06\/capture_d_e_cran_2021-06-16_a_12-437.39.01.png'><img loading=\"lazy\" decoding=\"async\" width=\"150\" height=\"150\" src=\"https:\/\/archives.regards.fr\/wp-content\/uploads\/2021\/06\/capture_d_e_cran_2021-06-16_a_12-437.39.01-150x150.png\" class=\"attachment-thumbnail size-thumbnail\" alt=\"capture_d_e_cran_2021-06-16_a_12.39.01.png\" \/><\/a>\n\t\t\t<\/div><\/figure>\n\t\t<\/div>\n<\/p>\n","protected":false},"excerpt":{"rendered":"<p>\u00c0 quoi sert l&#8217;OTAN ? L\u2019Union europ\u00e9enne s\u2019est-elle couch\u00e9e derri\u00e8re l\u2019agenda am\u00e9ricain contre la Chine ? Quels risques imm\u00e9diats en Palestine ? Pascal Boniface, directeur de l\u2019Iris, est l\u2019invit\u00e9 de #LaMidinale.<\/p>\n","protected":false},"author":1204,"featured_media":30706,"comment_status":"open","ping_status":"open","sticky":false,"template":"","format":"standard","meta":{"_themeisle_gutenberg_block_has_review":false,"footnotes":""},"categories":[238],"tags":[293],"class_list":["post-13034","post","type-post","status-publish","format-standard","has-post-thumbnail","hentry","category-la-midinale","tag-entretien"],"_links":{"self":[{"href":"https:\/\/archives.regards.fr\/index.php?rest_route=\/wp\/v2\/posts\/13034","targetHints":{"allow":["GET"]}}],"collection":[{"href":"https:\/\/archives.regards.fr\/index.php?rest_route=\/wp\/v2\/posts"}],"about":[{"href":"https:\/\/archives.regards.fr\/index.php?rest_route=\/wp\/v2\/types\/post"}],"author":[{"embeddable":true,"href":"https:\/\/archives.regards.fr\/index.php?rest_route=\/wp\/v2\/users\/1204"}],"replies":[{"embeddable":true,"href":"https:\/\/archives.regards.fr\/index.php?rest_route=%2Fwp%2Fv2%2Fcomments&post=13034"}],"version-history":[{"count":0,"href":"https:\/\/archives.regards.fr\/index.php?rest_route=\/wp\/v2\/posts\/13034\/revisions"}],"wp:featuredmedia":[{"embeddable":true,"href":"https:\/\/archives.regards.fr\/index.php?rest_route=\/wp\/v2\/media\/30706"}],"wp:attachment":[{"href":"https:\/\/archives.regards.fr\/index.php?rest_route=%2Fwp%2Fv2%2Fmedia&parent=13034"}],"wp:term":[{"taxonomy":"category","embeddable":true,"href":"https:\/\/archives.regards.fr\/index.php?rest_route=%2Fwp%2Fv2%2Fcategories&post=13034"},{"taxonomy":"post_tag","embeddable":true,"href":"https:\/\/archives.regards.fr\/index.php?rest_route=%2Fwp%2Fv2%2Ftags&post=13034"}],"curies":[{"name":"wp","href":"https:\/\/api.w.org\/{rel}","templated":true}]}}