{"id":13029,"date":"2021-06-15T12:47:16","date_gmt":"2021-06-15T10:47:16","guid":{"rendered":"https:\/\/wp.muchomaas.com\/article-marc-endeweld-on-peut-s-attendre-a-une-fin-de-quinquennat-tres-dure-sur-les\/"},"modified":"2023-06-24T00:17:24","modified_gmt":"2023-06-23T22:17:24","slug":"article-marc-endeweld-on-peut-s-attendre-a-une-fin-de-quinquennat-tres-dure-sur-les","status":"publish","type":"post","link":"https:\/\/archives.regards.fr\/?p=13029","title":{"rendered":"Marc Endeweld : \u00ab On peut s\u2019attendre \u00e0 une fin de quinquennat tr\u00e8s dure sur les questions sociales et \u00e9conomiques \u00bb"},"content":{"rendered":"<p class=\"post_excerpt\">Comment comprendre le marcronisme \u00e0 l\u2019heure du quoi qu\u2019il en co\u00fbte ? Que restera-t-il du quinquennat Macron ? Marc Endeweld, journaliste, auteur de <em>Le Grand Manipulateur<\/em> aux \u00c9ditions Stock, est l\u2019invit\u00e9 de #LaMidinale.  <\/p>\n<h2>UNE MIDINALE \u00c0 VOIR&#8230;<\/h2>\n<p><iframe loading=\"lazy\" width=\"490\" height=\"276\" src=\"https:\/\/www.youtube.com\/embed\/ZC8YmE51bM4\" title=\"YouTube video player\" frameborder=\"0\" allow=\"accelerometer; autoplay; clipboard-write; encrypted-media; gyroscope; picture-in-picture\" allowfullscreen><\/iframe><\/p>\n<p>&nbsp;<\/p>\n<p><h2>&#8230;ET A LIRE<\/h2>\n<p><em>\u00a0<strong>Sur la d\u00e9finition du macronisme<\/em>\u00a0<\/strong><br \/>\n\u00ab\u00a0Le marcronisme, c\u2019est d\u2019abord Macron et sa folle ambition de pouvoir. \u00bb<br \/>\n\u00ab\u00a0Le marcronisme est, sur le plan id\u00e9ologique, un lib\u00e9ralisme autoritaire.\u00a0\u00bb<br \/>\n\u00ab\u00a0Emmanuel Macron peut \u00eatre interventionniste sur plusieurs dossiers industriels et il y a aussi une composante r\u00e9publicaniste qui est apparue au cours du mandat, une composante assez peu \u00e9tonnante parce qu\u2019il vient du chev\u00e8nementisme. \u00bb<br \/>\n\u00ab\u00a0Il est \u00e0 la fois dans un sucroit de confiance et dans une ins\u00e9curit\u00e9 qui fait que la macronie prend souvent des d\u00e9cisions brutales et de d\u00e9fiance \u00e0 l\u2019\u00e9gard de parties de population.\u00a0\u00bb<br \/>\n\u00ab\u00a0Il y a plus que jamais du Sarkozy dans Macron.\u00a0\u00bb<\/p>\n<p><em>\u00a0<strong>Sur la c\u00f4te de popularit\u00e9 de Macron<\/em>\u00a0<\/strong><br \/>\n\u00ab\u00a0Macron s\u2019adapte \u00e0 son public \u00e0 chaque mode de communication qu\u2019il utilise : on est dans une d\u00e9magogie des groupes et des particularit\u00e9s.\u00a0\u00bb<br \/>\n\u00ab\u00a0Au moment des gilets jaunes, il ne bouge pas sur la r\u00e9forme de l\u2019ISF &#8211; pas pour faire plaisir aux grands patrons &#8211; mais pour reprendre et prendre l\u2019\u00e9lectorat qu\u2019il n\u2019avait pas en 2017, c\u2019est \u00e0 dire l\u2019\u00e9lectorat de la bourgeoisie patrimoniale qui avait vot\u00e9 pour Fran\u00e7ois Fillon.\u00a0\u00bb<br \/>\n\u00ab\u00a0Macron conserve un socle \u00e9lectoral : il est pass\u00e9 de centre gauche \u00e0 une droite assum\u00e9e au niveau de son \u00e9lectorat mais en r\u00e9alit\u00e9, d\u00e8s 2017, il avait eu qu\u2019un objectif qui \u00e9tait de manger sur cet \u00e9lectorat de droite et d\u00e8s 2017 il fait une campagne beaucoup plus \u00e0 droite qu\u2019on a pu le dire.\u00a0\u00bb<br \/>\n\u00ab\u00a0Le satisfecit des Fran\u00e7ais vient sur des raisons tr\u00e8s mat\u00e9rialistes, notamment sur la fiscalit\u00e9.\u00a0\u00bb<br \/>\n\u00ab\u00a0Avec le \u2018quoi qu\u2019il en co\u00fbte\u2019, Macron a achet\u00e9 la paix sociale. Il n\u2019a pas fait une politique\u00a0sociale vis \u00e0 vis des plus pauvres ou des plus d\u00e9munis et on le voit avec l\u2019explosion des in\u00e9galit\u00e9s mais en achetant la paix sociale qui consiste \u00e0 envoyer des aides au petit patronat, les artisans ou les restaurateurs.\u00a0Macron a d\u00e9cid\u00e9 d\u2019arroser une partie de la population pour maintenir la paix sociale. \u00bb<br \/>\n\u00ab\u00a0Le lib\u00e9ralisme de Macron ou de ce que j\u2019appelle le lib\u00e9ralisme autoritaire consiste \u00e0 utiliser de l\u2019Etat au profit d\u2019int\u00e9r\u00eats priv\u00e9s &#8211; de multinationales ou de certaines cat\u00e9gories de la population.\u00a0\u00bb<\/p>\n<p><em>\u00a0<strong>Sur le bilan du quinquennat\u00a0<\/em>\u00a0<\/strong><br \/>\n\u00ab\u00a0Ce qui est le plus frappant, c\u2019est que Macron a profit\u00e9 de l\u2019\u00e9croulement du syst\u00e8me politique traditionnel mais il l\u2019a aussi suscit\u00e9.\u00a0\u00bb<br \/>\n\u00ab\u00a0Bien que la macronie adore la formule \u2018la destruction cr\u00e9atrice\u2019, ils ont plus \u00e9t\u00e9 dans la destruction que dans la cr\u00e9ation.\u00a0\u00bb<br \/>\n\u00ab\u00a0Ce qui me frappe, c\u2019est cet app\u00e9tit de pouvoir qui va jusqu\u2019\u00e0 des extr\u00e9mit\u00e9s de d\u00e9cisions, parfois tr\u00e8s cyniques, qui met les fran\u00e7ais les uns contre les autres.\u00a0\u00bb<br \/>\n\u00ab\u00a0Il n\u2019y a pas d\u2019alternative politique qui se dessine sur le champ politique et c\u2019est tr\u00e8s inqui\u00e9tant par rapport \u00e0 ce qui va se passer en 2022.\u00a0\u00bb<\/p>\n<p><em>\u00a0<strong>Sur une nouvelle candidature de Macron<\/em>\u00a0<\/strong><br \/>\n\u00ab\u00a0D\u2019un strict point de vue personnel, au sens o\u00f9 qui est Macron et son app\u00e9tit de pouvoir, tout montre qu\u2019il veut rempiler. Et depuis plusieurs mois, son objectif est de se faire r\u00e9\u00e9lire en 2022.\u00a0\u00bb<br \/>\n\u00ab\u00a0Une partie de l\u2019entourage de Macron essaie de lui dire qu\u2019il faut parler au centre gauche et force est de constater que ce qui est fait est tr\u00e8s cosm\u00e9tique.\u00a0\u00bb<br \/>\n\u00ab\u00a0On peut s\u2019attendre \u00e0 une fin de mandat d\u2019Emmanuel Macron tr\u00e8s dure sur les questions sociales et \u00e9conomiques. \u00bb<\/p>\n<p><em>\u00a0<strong>Sur les socialistes et les r\u00e9publicains<\/em>\u00a0<\/strong><br \/>\n\u00ab\u00a0Macron profite du fait que chez les socialistes ou les r\u00e9publicains, certains ne savent plus tr\u00e8s bien o\u00f9 ils habitent.\u00a0\u00bb<br \/>\n\u00ab\u00a0Au parti socialiste, beaucoup encore essaient de se placer aupr\u00e8s du portillon de l\u2019Elys\u00e9e en expliquant qu\u2019il faudrait une grande coalition.\u00a0\u00bb<br \/>\n\u00ab\u00a0Julien Dray qui \u00e9tait f\u00e2ch\u00e9 depuis le d\u00e9but du quinquennat parce qu\u2019il le consid\u00e9rait comme un tra\u00eetre \u00e0 l&#8217;\u00e9gard de Fran\u00e7ois Hollande, a repris le dialogue avec Emmanuel Macron depuis quelques semaines.\u00a0\u00bb<br \/>\n\u00ab\u00a0Macron utilise avec brio l\u2019\u00e9pouvantail Marine Le Pen.\u00a0\u00bb<\/p>\n<p><em>\u00a0<strong>Sur En Marche et la campagne 2022<\/em>\u00a0<\/strong><br \/>\n\u00ab\u00a0Macron se pr\u00e9pare en rencontrant beaucoup de gens de gauche et de droite.\u00a0Il rencontre beaucoup plus de responsables politiques que de chefs d\u2019entreprises et , paradoxalement, une partie des grands patrons qui l\u2019avaient soutenu en 2017, ont pris davantage de distance parce qu\u2019ils le consid\u00e8rent impr\u00e9visible sur bien des dossiers. \u00bb<br \/>\n\u00ab\u00a0En Marche est une coquille vide.\u00a0\u00bb<br \/>\n\u00ab\u00a0Depuis le d\u00e9but du quinquennat, l\u2019Elys\u00e9e s\u2019est d\u00e9sint\u00e9ress\u00e9 d\u2019En Marche.\u00a0\u00bb<br \/>\n\u00ab\u00a0Le pr\u00e9sident de la R\u00e9publique n\u2019a jamais pari\u00e9 sur En Marche pour constituer sa base politique.\u00a0\u00bb<br \/>\n\u00ab\u00a0L\u2019objectif premier de Macron est sa propre ambition personnelle. Elle n\u2019est pas collective.\u00a0\u00bb<br \/>\n\u00ab\u00a0Emmanuel Macron est aussi populiste que Marine Le Pen ou Jean-Luc M\u00e9lenchon.\u00a0\u00bb<\/p>\n<p><em>\u00a0<strong>Sur Edouard Philippe\u00a0<\/em>\u00a0<\/strong><br \/>\n\u00ab\u00a0Je ne crois pas qu\u2019Edouard Philippe devienne un adversaire \u00e0 Emmanuel Macron.\u00a0\u00bb\u00a0<br \/>\n\u00ab\u00a0Philippe et Macron partage beaucoup trop d\u2019infrastructures politiques entre eux pour qu\u2019Edouard Philippe puisse y aller en frontal contre Macron. Philippe n\u2019ira que si Macron d\u00e9cide de ne pas y aller. Ou alors, Philippe va tout faire pour emp\u00eacher Macron d\u2019y aller &#8211; ce qui va \u00eatre tr\u00e8s difficile.\u00a0\u00bb<\/p>\n<p><em>\u00a0<strong>Sur Jean-Luc M\u00e9lenchon\u00a0<\/em>\u00a0<\/strong><br \/>\n\u00ab\u00a0La vraie difficult\u00e9 que M\u00e9lenchon a eue, c\u2019est la m\u00eame que celle de Macron au pouvoir : c\u2019est sa capacit\u00e9 \u00e0 int\u00e9grer le syst\u00e8me institutionnel.\u00a0\u00bb<br \/>\n\u00ab\u00a0Il y a une ambigu\u00eft\u00e9 chez M\u00e9lenchon entre \u2018je veux le pouvoir\u2019 et \u2018je suis dans une posture de contre pouvoir\u2019.\u00a0\u00bb<div id='gallery-1' class='gallery galleryid-13029 gallery-columns-3 gallery-size-thumbnail'><figure class='gallery-item'>\n\t\t\t<div class='gallery-icon landscape'>\n\t\t\t\t<a href='https:\/\/archives.regards.fr\/wp-content\/uploads\/2021\/06\/capture-d_e_cran-2021-06-17-a_-13-6f9.11.21.png'><img loading=\"lazy\" decoding=\"async\" width=\"150\" height=\"150\" src=\"https:\/\/archives.regards.fr\/wp-content\/uploads\/2021\/06\/capture-d_e_cran-2021-06-17-a_-13-6f9.11.21-150x150.png\" class=\"attachment-thumbnail size-thumbnail\" alt=\"capture-d_e_cran-2021-06-17-a_-13.11.21.png\" \/><\/a>\n\t\t\t<\/div><\/figure>\n\t\t<\/div>\n<\/p>\n","protected":false},"excerpt":{"rendered":"<p>Comment comprendre le marcronisme \u00e0 l\u2019heure du quoi qu\u2019il en co\u00fbte ? Que restera-t-il du quinquennat Macron ? Marc Endeweld, journaliste, auteur de <em>Le Grand Manipulateur<\/em> aux \u00c9ditions Stock, est l\u2019invit\u00e9 de #LaMidinale.  <\/p>\n","protected":false},"author":1039,"featured_media":30698,"comment_status":"open","ping_status":"open","sticky":false,"template":"","format":"standard","meta":{"_themeisle_gutenberg_block_has_review":false,"footnotes":""},"categories":[238],"tags":[293],"class_list":["post-13029","post","type-post","status-publish","format-standard","has-post-thumbnail","hentry","category-la-midinale","tag-entretien"],"_links":{"self":[{"href":"https:\/\/archives.regards.fr\/index.php?rest_route=\/wp\/v2\/posts\/13029","targetHints":{"allow":["GET"]}}],"collection":[{"href":"https:\/\/archives.regards.fr\/index.php?rest_route=\/wp\/v2\/posts"}],"about":[{"href":"https:\/\/archives.regards.fr\/index.php?rest_route=\/wp\/v2\/types\/post"}],"author":[{"embeddable":true,"href":"https:\/\/archives.regards.fr\/index.php?rest_route=\/wp\/v2\/users\/1039"}],"replies":[{"embeddable":true,"href":"https:\/\/archives.regards.fr\/index.php?rest_route=%2Fwp%2Fv2%2Fcomments&post=13029"}],"version-history":[{"count":0,"href":"https:\/\/archives.regards.fr\/index.php?rest_route=\/wp\/v2\/posts\/13029\/revisions"}],"wp:featuredmedia":[{"embeddable":true,"href":"https:\/\/archives.regards.fr\/index.php?rest_route=\/wp\/v2\/media\/30698"}],"wp:attachment":[{"href":"https:\/\/archives.regards.fr\/index.php?rest_route=%2Fwp%2Fv2%2Fmedia&parent=13029"}],"wp:term":[{"taxonomy":"category","embeddable":true,"href":"https:\/\/archives.regards.fr\/index.php?rest_route=%2Fwp%2Fv2%2Fcategories&post=13029"},{"taxonomy":"post_tag","embeddable":true,"href":"https:\/\/archives.regards.fr\/index.php?rest_route=%2Fwp%2Fv2%2Ftags&post=13029"}],"curies":[{"name":"wp","href":"https:\/\/api.w.org\/{rel}","templated":true}]}}