{"id":13027,"date":"2021-06-14T17:06:16","date_gmt":"2021-06-14T15:06:16","guid":{"rendered":"https:\/\/wp.muchomaas.com\/article-sophia-chikirou-j-appelle-au-vote-utile-en-ile-de-france-ce-dimanche-pour\/"},"modified":"2023-06-24T00:17:22","modified_gmt":"2023-06-23T22:17:22","slug":"article-sophia-chikirou-j-appelle-au-vote-utile-en-ile-de-france-ce-dimanche-pour","status":"publish","type":"post","link":"https:\/\/archives.regards.fr\/?p=13027","title":{"rendered":"Sophia Chikirou : \u00ab\u00a0J\u2019appelle au vote utile en Ile-de-France ce dimanche pour Cl\u00e9mentine Autain\u00a0\u00bb"},"content":{"rendered":"<p class=\"post_excerpt\">Derni\u00e8re semaine avant le 1er tour des r\u00e9gionales. En Ile-de-France, les trois listes de gauche sont au coude-\u00e0-coude. Mais quelle(s) vision(s) de la r\u00e9gion-capitale ont-elles ? Sophia Chikirou, t\u00eate de liste \u00e0 Paris sur la liste de Cl\u00e9mentine Autain, est l&#8217;invit\u00e9e de #LaMidinale.\n<\/p>\n<h2>UNE MIDINALE \u00c0 VOIR&#8230;<\/h2>\n<p><iframe loading=\"lazy\" width=\"490\" height=\"276\" src=\"https:\/\/www.youtube.com\/embed\/D2b9OJ0VSW8\" title=\"YouTube video player\" frameborder=\"0\" allow=\"accelerometer; autoplay; clipboard-write; encrypted-media; gyroscope; picture-in-picture\" allowfullscreen><\/iframe><\/p>\n<p>&nbsp;<\/p>\n<p><h2>&#8230;ET A LIRE<\/h2>\n<p><em>\u00a0<strong>Sur la gauche dans cette campagne r\u00e9gionale francilienne<\/em>\u00a0<\/strong><br \/>\n\u00ab\u00a0Depuis plusieurs mois, on fait campagne pour \u00eatre en t\u00eate de la gauche.\u00a0\u00bb<br \/>\n\u00ab\u00a0D\u2019entr\u00e9e de jeu, Cl\u00e9mentine Autain a fait la proposition de la fusion, au second tour, des trois listes de gauche.\u00a0\u00bb<br \/>\n\u00ab\u00a0On pense tr\u00e8s s\u00e9rieusement pouvoir prendre la r\u00e9gion \u00e0 Val\u00e9rie P\u00e9cresse qui, pour le moment, est donn\u00e9e gagnante.\u00a0\u00bb<br \/>\n\u00ab\u00a0Notre difficult\u00e9, c\u2019est le peu d\u2019int\u00e9r\u00eat des gens pour l\u2019\u00e9lection r\u00e9gionale (\u2026). Il y a une responsabilit\u00e9 collective qui rel\u00e8ve des pouvoirs publics et des m\u00e9dias (\u2026), une autre des politiques qui d\u00e9couragent les gens d\u2019aller voter.\u00a0\u00bb<br \/>\n\u00ab\u00a0Il y a un risque qu\u2019aucune des trois des listes de gauche ne passent la barre des 10%. Il faut que les \u00e9lecteurs de gauche aient conscience de ce risque et qu&#8217;ils aillent voter.\u00a0\u00bb<br \/>\n\u00ab\u00a0Les derniers sondages montrent une dynamique en faveur de la liste de Cl\u00e9mentine Autain \u00e0 gauche.\u00a0\u00bb<br \/>\n\u00ab\u00a0Cl\u00e9mentine Autain est la personnalit\u00e9 qui s\u2019est r\u00e9v\u00e9l\u00e9e pendant cette campagne des r\u00e9gionales \u00e0 gauche par sa stabilit\u00e9 et son s\u00e9rieux.\u00a0\u00bb<br \/>\n\u00ab\u00a0Avec EELV, on a beaucoup de points communs et pas d\u2019opposition sur la vision de l\u2019Ile-de-France. Mais la personnalit\u00e9 de Cl\u00e9mentine Autain par rapport \u00e0 celle des autres candidats est plus stable et plus s\u00e9rieuse.\u00a0\u00bb<br \/>\n\u00ab\u00a0Cl\u00e9mentine Autain vient d\u2019en dehors de Paris car c\u2019est une \u00e9lue de banlieue, elle est plus exp\u00e9riment\u00e9e et \u00e0 l\u2019habitude du d\u00e9bat national.\u00a0\u00bb<br \/>\n\u00ab\u00a0J\u2019appelle \u00e0 un vote utile pour Cl\u00e9mentine Autain pour permettre une dynamique et un rassemblement large au second tour afin de battre Val\u00e9rie P\u00e9cresse.\u00a0\u00bb<\/p>\n<p><em>\u00a0<strong>Sur le bilan de Val\u00e9rie P\u00e9cresse<\/em>\u00a0<\/strong><br \/>\n\u00ab\u00a0Val\u00e9rie P\u00e9cresse fait tout pour qu\u2019on ne parle pas de son bilan.\u00a0\u00bb<br \/>\n\u00ab\u00a0Le bilan de Val\u00e9rie P\u00e9cresse est n\u00e9gatif sur le plan \u00e9conomique et social.\u00a0\u00bb<br \/>\n\u00ab\u00a0La gestion de Val\u00e9rie P\u00e9cresse, c\u2019est la politique de l\u2019aust\u00e9rit\u00e9 : 2 milliards d\u2019\u00e9conomie pendant la mandature au lieu de mener des politiques ambitieuses d\u2019\u00e9galit\u00e9 et d\u2019am\u00e9nagement territorial.\u00a0\u00bb<\/p>\n<p><em>\u00a0<strong>Sur la gauche dans les \u00e9lections r\u00e9gionales<\/em>\u00a0<\/strong><br \/>\n\u00ab\u00a0Le niveau de participation n\u2019est pas celui d\u2019une d\u00e9mocratie : \u00e7a ressemble plus \u00e0 du suffrage censitaire car des cat\u00e9gories sociales participent au vote plus que les autres.\u00a0\u00bb<br \/>\n\u00ab\u00a0L\u2019abstention dans les quartiers populaires et chez les jeunes est extr\u00eamement forte. Or, c\u2019est notre \u00e9lectorat de base alors que l\u2019\u00e9lectorat de Val\u00e9rie P\u00e9cresse est mobilis\u00e9.\u00a0\u00bb<br \/>\n\u00ab\u00a0Le climat g\u00e9n\u00e9ral ne s\u2019est pas form\u00e9 par hasard. Si 70% des \u00e9lecteurs vont vers la droite et l\u2019extr\u00eame droite, ce n\u2019est pas la faute au politique uniquement.\u00a0Le syst\u00e8me m\u00e9diatique est discriminatoire : il n\u2019y a pas de pluralisme politique dans les m\u00e9dias radio et t\u00e9l\u00e9. Il y a une importance d\u00e9mesur\u00e9e donn\u00e9e au gouvernement et \u00e0 la majorit\u00e9 ainsi qu\u2019\u00e0 l\u2019extr\u00eame droite.\u00a0\u00bb<br \/>\n\u00ab\u00a0Je reste tr\u00e8s attach\u00e9e au fait que la gauche, c\u2019est plus de 30% en Ile-de-France.\u00a0\u00bb<\/p>\n<p><em>\u00a0<strong>Sur sa vision de l\u2019Ile-de-France<\/em>\u00a0<\/strong><br \/>\n\u00ab\u00a0Quand on arrivera \u00e0 la t\u00eate de la r\u00e9gion Ile-de-France, il nous faut agir avec des mesures d\u2019urgence : pas juste faire du social pour faire de l\u2019humain mais aussi parce que ces mesures ont des finalit\u00e9s \u00e9conomiques.\u00a0\u00bb<br \/>\n\u00ab\u00a0On va tout faire pour emp\u00eacher l\u2019effondrement de la consommation populaire qui constitue plus de 52% du PIB dans notre pays. Si elle s\u2019effondre, la machine \u00e9conomique s\u2019arr\u00eate. C\u2019est pourquoi on propose d\u2019agir sur les secteurs vitaux que sont les transports, la sant\u00e9, l\u2019alimentaire, la culture, l\u2019\u00e9ducation, le sport et le logement.\u00a0\u00bb<br \/>\n\u00ab\u00a0La construction de nouveaux logements que Val\u00e9rie P\u00e9cresse a diminu\u00e9 consid\u00e9rablement, nous on propose de passer \u00e0 37.000 logements par an parce que le logement p\u00e8se tr\u00e8s lourdement sur les revenus des gens.\u00a0\u00bb<br \/>\n\u00ab\u00a0Quand il y a des investissements publics, les entreprises peuvent voir \u00e0 moyen terme et reprennent de la confiance, cela stabilise l\u2019environnement \u00e9conomique et on r\u00e9pond \u00e0 des enjeux sociaux et \u00e9conomiques.\u00a0\u00bb<br \/>\n\u00ab\u00a0Je veux qu\u2019on en termine une bonne fois pour toutes avec l\u2019id\u00e9ologique et le dogmatisme de l\u2019attractivit\u00e9 du territoire et de la comp\u00e9titivit\u00e9 internationale. Ca fait 30 ans que l\u2019on baigne l\u00e0-dedans. Et \u00e7a ne m\u00e8ne \u00e0 rien qu\u2019\u00e0 la d\u00e9gradation de la qualit\u00e9 de vie des habitants.\u00a0\u00bb<br \/>\n\u00ab\u00a0On veut \u00eatre une r\u00e9gion \u00e0 l\u2019avant-garde des enjeux environnementaux et sociaux : des nouveaux mod\u00e8les de production, de distribution et de consommation.\u00a0\u00bb<br \/>\n\u00ab\u00a0Nous voulons une rupture avec les logiques financi\u00e8res.\u00a0\u00bb<br \/>\n\u00ab\u00a0L\u2019avant-garde, c\u2019est l\u2019\u00e9conomie circulaire. Pas par client\u00e9lisme ou pas id\u00e9ologie : dans le contexte mondial, il y a une guerre entre les Etats-Unis et la Chine avec l\u2019Union europ\u00e9enne au milieu avec ses r\u00e8gles absurdes et ses accords de libre-\u00e9change qui nuisent aux entreprises europ\u00e9ennes. Ce qu\u2019on dit aux entreprises fran\u00e7aises qui jouent sur le march\u00e9 international, c\u2019est qu\u2019elles continuent mais ce n\u2019est pas \u00e0 elles qu\u2019on doit donner de l\u2019argent public. Elles ont largement les moyens de financer de la recherche et du d\u00e9veloppement. Nous, on veut s\u2019orienter vers des entreprises locales : de la production locale avec de la consommation locale.\u00a0\u00bb<br \/>\n\u00ab\u00a0L\u2019Ile-de-France est une des r\u00e9gions les plus industrielles et agricoles de France.\u00a0\u00bb<br \/>\n\u00ab\u00a0On propose de former 15.000 agriculteurs bio et un plan eau pour d\u00e9polluer les nappes phr\u00e9atiques.\u00a0\u00bb<br \/>\n\u00ab\u00a0On propose un label Ile-de-France pour encourager la consommation de produits locaux en priorit\u00e9 avec notamment un ch\u00e8que francilien.\u00a0\u00bb<\/p>\n<p><em>\u00a0<strong>Sur l\u2019impact de la campagne pr\u00e9sidentielle sur celle des r\u00e9gionales<\/em>\u00a0<\/strong><br \/>\n\u00ab\u00a0Une \u00e9lection r\u00e9gionale qui a lieu un an avant la pr\u00e9sidentielle, \u00e9videmment qu\u2019elle va peser dessus.\u00a0\u00bb<br \/>\n\u00ab\u00a0Parfois, on se demande si Val\u00e9rie P\u00e9cresse est plus candidate \u00e0 la pr\u00e9sidence de la r\u00e9gion ou \u00e0 l\u2019\u00e9lection pr\u00e9sidentielle.\u00a0\u00bb<br \/>\n\u00ab\u00a0Si Cl\u00e9mentine Autain est en t\u00eate de la gauche, et encore plus si elle bat Val\u00e9rie P\u00e9cresse, on aura une forte dynamique.\u00a0\u00bb<div id='gallery-1' class='gallery galleryid-13027 gallery-columns-3 gallery-size-thumbnail'><figure class='gallery-item'>\n\t\t\t<div class='gallery-icon landscape'>\n\t\t\t\t<a href='https:\/\/archives.regards.fr\/wp-content\/uploads\/2021\/06\/capture_d_e_cran_2021-06-14_a_16-66d.31.32.png'><img loading=\"lazy\" decoding=\"async\" width=\"150\" height=\"150\" src=\"https:\/\/archives.regards.fr\/wp-content\/uploads\/2021\/06\/capture_d_e_cran_2021-06-14_a_16-66d.31.32-150x150.png\" class=\"attachment-thumbnail size-thumbnail\" alt=\"capture_d_e_cran_2021-06-14_a_16.31.32.png\" \/><\/a>\n\t\t\t<\/div><\/figure>\n\t\t<\/div>\n<\/p>\n","protected":false},"excerpt":{"rendered":"<p>Derni\u00e8re semaine avant le 1er tour des r\u00e9gionales. En Ile-de-France, les trois listes de gauche sont au coude-\u00e0-coude. Mais quelle(s) vision(s) de la r\u00e9gion-capitale ont-elles ? Sophia Chikirou, t\u00eate de liste \u00e0 Paris sur la liste de Cl\u00e9mentine Autain, est l&#8217;invit\u00e9e de #LaMidinale.<\/p>\n","protected":false},"author":1204,"featured_media":30694,"comment_status":"open","ping_status":"open","sticky":false,"template":"","format":"standard","meta":{"_themeisle_gutenberg_block_has_review":false,"footnotes":""},"categories":[238],"tags":[],"class_list":["post-13027","post","type-post","status-publish","format-standard","has-post-thumbnail","hentry","category-la-midinale"],"_links":{"self":[{"href":"https:\/\/archives.regards.fr\/index.php?rest_route=\/wp\/v2\/posts\/13027","targetHints":{"allow":["GET"]}}],"collection":[{"href":"https:\/\/archives.regards.fr\/index.php?rest_route=\/wp\/v2\/posts"}],"about":[{"href":"https:\/\/archives.regards.fr\/index.php?rest_route=\/wp\/v2\/types\/post"}],"author":[{"embeddable":true,"href":"https:\/\/archives.regards.fr\/index.php?rest_route=\/wp\/v2\/users\/1204"}],"replies":[{"embeddable":true,"href":"https:\/\/archives.regards.fr\/index.php?rest_route=%2Fwp%2Fv2%2Fcomments&post=13027"}],"version-history":[{"count":0,"href":"https:\/\/archives.regards.fr\/index.php?rest_route=\/wp\/v2\/posts\/13027\/revisions"}],"wp:featuredmedia":[{"embeddable":true,"href":"https:\/\/archives.regards.fr\/index.php?rest_route=\/wp\/v2\/media\/30694"}],"wp:attachment":[{"href":"https:\/\/archives.regards.fr\/index.php?rest_route=%2Fwp%2Fv2%2Fmedia&parent=13027"}],"wp:term":[{"taxonomy":"category","embeddable":true,"href":"https:\/\/archives.regards.fr\/index.php?rest_route=%2Fwp%2Fv2%2Fcategories&post=13027"},{"taxonomy":"post_tag","embeddable":true,"href":"https:\/\/archives.regards.fr\/index.php?rest_route=%2Fwp%2Fv2%2Ftags&post=13027"}],"curies":[{"name":"wp","href":"https:\/\/api.w.org\/{rel}","templated":true}]}}