{"id":13023,"date":"2021-06-11T12:09:18","date_gmt":"2021-06-11T10:09:18","guid":{"rendered":"https:\/\/wp.muchomaas.com\/article-stephane-ravacley-les-jeunes-etrangers-isoles-ne-prennent-le-travail-de\/"},"modified":"2023-06-24T00:17:17","modified_gmt":"2023-06-23T22:17:17","slug":"article-stephane-ravacley-les-jeunes-etrangers-isoles-ne-prennent-le-travail-de","status":"publish","type":"post","link":"https:\/\/archives.regards.fr\/?p=13023","title":{"rendered":"St\u00e9phane Ravacley : \u00ab\u00a0Les jeunes \u00e9trangers isol\u00e9s ne prennent le travail de personne\u00a0\u00bb"},"content":{"rendered":"<p class=\"post_excerpt\">Il y a quelques semaines, il se mettait en gr\u00e8ve de la faim pour soutenir son apprenti menac\u00e9 d\u2019expulsion \u2013 alors m\u00eame qu&#8217;il peine depuis plusieurs ann\u00e9es \u00e0 recruter dans sa boulangerie. L&#8217;association \u00ab Patrons Solidaires \u00bb\u00a0est n\u00e9e de cette histoire. St\u00e9phane Ravacley, boulanger, est l\u2019invit\u00e9 de #LaMidinale.\u00a0<\/p>\n<h2>UNE MIDINALE \u00c0 VOIR&#8230;<\/h2>\n<p><iframe loading=\"lazy\" width=\"490\" height=\"276\" src=\"https:\/\/www.youtube.com\/embed\/lsqAMHgDHUI\" title=\"YouTube video player\" frameborder=\"0\" allow=\"accelerometer; autoplay; clipboard-write; encrypted-media; gyroscope; picture-in-picture\" allowfullscreen><\/iframe><\/p>\n<p>&nbsp;<\/p>\n<p><h2>&#8230;ET A LIRE<\/h2>\n<p><em>\u00a0<strong>Sur les difficult\u00e9s de recrutement et les travailleurs sans papiers\u00a0<\/em>\u00a0<\/strong><br \/>\n\u00ab\u00a0Il y a des jeunes \u00e9trangers qui veulent bosser et quand ils me demandent un apprentissage, quelle que soit la couleur de peau, je les accepte.\u00a0\u00bb<br \/>\n\u00ab\u00a0Les jeunes \u00e9trangers isol\u00e9s ne prennent le travail de personne.\u00a0\u00bb<br \/>\n\u00ab\u00a0La pr\u00e9fecture a engag\u00e9 un processus normal d\u00e8s lors que mon apprenti est devenu majeur.\u00a0\u00c7a fait un peu dr\u00f4le de nous laisser prendre des gamins et de nous les retirer aux trois quarts de leur mission. \u00bb<br \/>\n\u00ab\u00a0Avant m\u00eame l\u2019id\u00e9e de &#8220;patrons solidaires&#8221;, des patrons sont venus me voir : des garagistes, des \u00e9lectriciens, qui rencontraient la m\u00eame probl\u00e9matique que moi de difficult\u00e9s de recrutement.\u00a0\u00bb<\/p>\n<p><em>\u00a0<strong>Sur le gouvernement\u00a0<\/em>\u00a0<\/strong><br \/>\n\u00ab\u00a0Je me suis senti bien seul dans mon combat.\u00a0Peu de politiques sont venus me voir pendant ma gr\u00e8ve de la faim. \u00bb<br \/>\n\u00ab\u00a0Le gouvernement m\u2019a fait savoir qu\u2019ils avaient regard\u00e9 le dossier de mon apprenti et ils ont fini par dire oui.\u00a0\u00bb<br \/>\n\u00ab\u00a0Je suis apolitique et je pense que le probl\u00e8me est ni de gauche ni de droite. Le probl\u00e8me sera pr\u00e9sent \u00e0 chaque \u00e9lection.\u00a0\u00bb<\/p>\n<p><em>\u00a0<strong>Sur Macron qui veut acc\u00e9l\u00e9rer les expulsions\u00a0<\/em>\u00a0<\/strong><br \/>\n\u00ab\u00a0On va bient\u00f4t publier une lettre ouverte.\u00a0\u00bb<br \/>\n\u00ab\u00a0Macron a sans doute envie de s\u2019adresser \u00e0 une certaine partie de l\u2019\u00e9lectorat.\u00a0\u00bb<br \/>\n\u00ab\u00a0C\u2019est un jeu politique, un apport de voix dont a besoin le gouvernement.\u00a0\u00bb<br \/>\n\u00ab\u00a0On sait tr\u00e8s bien que les mineurs non accompagn\u00e9s ne sont pas un probl\u00e8me : ils travaillent tr\u00e8s bien parce qu\u2019ils ont souvent conscience que c\u2019est leur seule chance de rentrer dans la vie active.\u00a0\u00bb<br \/>\n\u00ab\u00a0Qu\u2019on ne vienne pas me dire qu\u2019ils sont des voleurs ou des violeurs.\u00a0\u00bb<\/p>\n<p><strong>\u00a0<em>Sur l\u2019apprentissage\u00a0<\/em>\u00a0<\/strong><br \/>\n\u00ab\u00a0On a un besoin d\u2019apprentis et d\u2019ouvriers.\u00a0\u00bb<br \/>\n\u00ab\u00a0On perd entre 70% et 80% des gamins apr\u00e8s le CAP.\u00a0Ils partent ailleurs. Comment voulez-vous couvrir la France des boulangers ? \u00bb<br \/>\n\u00ab\u00a0Laissons travailler les gamins s\u2019ils veulent travailler.\u00a0\u00bb\u00a0<br \/>\n\u00ab\u00a0On a besoin de ces gamins pour l\u2019\u00e9conomie fran\u00e7aise.\u00a0\u00bb<br \/>\n\u00ab\u00a0Il y a \u00e9norm\u00e9ment d\u2019aides \u00e0 l\u2019apprentissage. Le gouvernement nous a \u00e9cout\u00e9 sur l\u2019apprentissage.\u00a0\u00bb<br \/>\n\u00ab\u00a0L\u2019effort n\u2019est plus r\u00e9compens\u00e9 : on ne sait plus faire d\u2019effort. Le monde est devenu un monde d\u2019images et non de travail.\u00a0\u00bb<br \/>\n\u00ab\u00a0On paye bien les employ\u00e9s et chez moi, je les g\u00e2te un peu.\u00a0\u00bb<br \/>\n\u00ab\u00a0L\u2019apprentissage est un vecteur d\u2019emploi \u00e0 100%.\u00a0\u00bb<\/p>\n<p><em>\u00a0<strong>Sur la pi\u00e8ce de th\u00e9\u00e2tre\u00a0<\/em>\u00a0<\/strong><br \/>\n\u00ab\u00a0La pi\u00e8ce de th\u00e9\u00e2tre veut d\u00e9noncer ce qu\u2019on fait de l\u2019immigration apr\u00e8s 18 ans.\u00a0\u00bb<br \/>\n\u00ab\u00a0Cette pi\u00e8ce de th\u00e9\u00e2tre fait le proc\u00e8s de l\u2019action de l\u2019Etat &#8211; quel qu\u2019il soit &#8211; en mati\u00e8re d\u2019immigration.\u00a0\u00bb<div id='gallery-1' class='gallery galleryid-13023 gallery-columns-3 gallery-size-thumbnail'><figure class='gallery-item'>\n\t\t\t<div class='gallery-icon landscape'>\n\t\t\t\t<a href='https:\/\/archives.regards.fr\/wp-content\/uploads\/2021\/06\/capture_d_e_cran_2021-06-11_a_11-c09.56.21.png'><img loading=\"lazy\" decoding=\"async\" width=\"150\" height=\"150\" src=\"https:\/\/archives.regards.fr\/wp-content\/uploads\/2021\/06\/capture_d_e_cran_2021-06-11_a_11-c09.56.21-150x150.png\" class=\"attachment-thumbnail size-thumbnail\" alt=\"capture_d_e_cran_2021-06-11_a_11.56.21.png\" \/><\/a>\n\t\t\t<\/div><\/figure>\n\t\t<\/div>\n<\/p>\n","protected":false},"excerpt":{"rendered":"<p>Il y a quelques semaines, il se mettait en gr\u00e8ve de la faim pour soutenir son apprenti menac\u00e9 d\u2019expulsion \u2013 alors m\u00eame qu&#8217;il peine depuis plusieurs ann\u00e9es \u00e0 recruter dans sa boulangerie. L&#8217;association \u00ab Patrons Solidaires \u00bb\u00a0est n\u00e9e de cette histoire. St\u00e9phane Ravacley, boulanger, est l\u2019invit\u00e9 de #LaMidinale.\u00a0<\/p>\n","protected":false},"author":1204,"featured_media":30690,"comment_status":"open","ping_status":"open","sticky":false,"template":"","format":"standard","meta":{"_themeisle_gutenberg_block_has_review":false,"footnotes":""},"categories":[238],"tags":[293],"class_list":["post-13023","post","type-post","status-publish","format-standard","has-post-thumbnail","hentry","category-la-midinale","tag-entretien"],"_links":{"self":[{"href":"https:\/\/archives.regards.fr\/index.php?rest_route=\/wp\/v2\/posts\/13023","targetHints":{"allow":["GET"]}}],"collection":[{"href":"https:\/\/archives.regards.fr\/index.php?rest_route=\/wp\/v2\/posts"}],"about":[{"href":"https:\/\/archives.regards.fr\/index.php?rest_route=\/wp\/v2\/types\/post"}],"author":[{"embeddable":true,"href":"https:\/\/archives.regards.fr\/index.php?rest_route=\/wp\/v2\/users\/1204"}],"replies":[{"embeddable":true,"href":"https:\/\/archives.regards.fr\/index.php?rest_route=%2Fwp%2Fv2%2Fcomments&post=13023"}],"version-history":[{"count":0,"href":"https:\/\/archives.regards.fr\/index.php?rest_route=\/wp\/v2\/posts\/13023\/revisions"}],"wp:featuredmedia":[{"embeddable":true,"href":"https:\/\/archives.regards.fr\/index.php?rest_route=\/wp\/v2\/media\/30690"}],"wp:attachment":[{"href":"https:\/\/archives.regards.fr\/index.php?rest_route=%2Fwp%2Fv2%2Fmedia&parent=13023"}],"wp:term":[{"taxonomy":"category","embeddable":true,"href":"https:\/\/archives.regards.fr\/index.php?rest_route=%2Fwp%2Fv2%2Fcategories&post=13023"},{"taxonomy":"post_tag","embeddable":true,"href":"https:\/\/archives.regards.fr\/index.php?rest_route=%2Fwp%2Fv2%2Ftags&post=13023"}],"curies":[{"name":"wp","href":"https:\/\/api.w.org\/{rel}","templated":true}]}}