{"id":13019,"date":"2021-06-10T13:45:40","date_gmt":"2021-06-10T11:45:40","guid":{"rendered":"https:\/\/wp.muchomaas.com\/article-sophie-binet-le-teletravail-a-fait-exploser-le-temps-de-travail\/"},"modified":"2023-06-24T00:17:12","modified_gmt":"2023-06-23T22:17:12","slug":"article-sophie-binet-le-teletravail-a-fait-exploser-le-temps-de-travail","status":"publish","type":"post","link":"https:\/\/archives.regards.fr\/?p=13019","title":{"rendered":"Sophie Binet : \u00ab Le t\u00e9l\u00e9travail a fait exploser le temps de travail \u00bb"},"content":{"rendered":"<p class=\"post_excerpt\">Quelles traces la crise sanitaire va-t-elle laisser sur les habitudes professionnelles ? Le t\u00e9l\u00e9travail peut-il se g\u00e9n\u00e9raliser ? Sophie Binet, co-secr\u00e9taire g\u00e9n\u00e9rale de la CGT Cadres, est l\u2019invit\u00e9e de #LaMidinale.<\/p>\n<h2>UNE MIDINALE \u00c0 VOIR&#8230;<\/h2>\n<p><iframe loading=\"lazy\" width=\"490\" height=\"276\" src=\"https:\/\/www.youtube.com\/embed\/8zbsppDOf4o\" title=\"YouTube video player\" frameborder=\"0\" allow=\"accelerometer; autoplay; clipboard-write; encrypted-media; gyroscope; picture-in-picture\" allowfullscreen><\/iframe><\/p>\n<p>&nbsp;<\/p>\n<p><h2>&#8230;ET A LIRE<\/h2>\n<p><em>\u00a0<strong>Sur les traces de la crise sanitaire sur le monde du travail\u00a0<\/em>\u00a0<\/strong><br \/>\n\u00ab\u00a0La crise sanitaire va laisser des traces profondes : on ne va pas reprendre comme avant la crise et le t\u00e9l\u00e9travail va s\u2019installer.\u00a0\u00bb<br \/>\n\u00ab\u00a0Depuis le d\u00e9but de la crise, on demande de nouvelles r\u00e9gulations sur le t\u00e9l\u00e9travail.\u00a0\u00bb<br \/>\n\u00ab\u00a0Le t\u00e9l\u00e9travail c\u2019est d\u2019abord un brouillage entre vie professionnelle et vie perso ; une explosion du temps de travail ; disparition des pauses et des temps informels ; une rupture d\u00e9mocratique importante parce que les organisations syndicales n\u2019ont pas le droit de s\u2019adresser aux salari\u00e9s en t\u00e9l\u00e9travail.\u00a0\u00bb<br \/>\n\u00ab\u00a0Le t\u00e9l\u00e9travail a exacerb\u00e9 les in\u00e9galit\u00e9s entre les femmes et les hommes avec une forme d\u2019assignation des femmes aux t\u00e2ches domestiques.\u00a0\u00bb<br \/>\n\u00ab\u00a0D\u2019un autre c\u00f4t\u00e9, on a aussi des salari\u00e9s qui disent que le t\u00e9l\u00e9travail\u00a0 c\u2019est moins de temps dans les transports et plus d\u2019autonomie au travail et dans la gestion des horaires de travail.\u00a0\u00bb<br \/>\n\u00ab\u00a0\u00c0 la CGT, on n\u2019est pas contre le t\u00e9l\u00e9travail, on pense qu\u2019il doit \u00eatre encadr\u00e9 de fa\u00e7on \u00e0 ce que \u00e7a ne soit pas un outil pour ub\u00e9riser le travail de l\u2019int\u00e9rieur.\u00a0\u00bb<br \/>\n\u00ab\u00a0Avec le t\u00e9l\u00e9travail, il y a eu une intensification du travail.\u00a0Tous les temps relationnels ont disparu. \u00bb<\/p>\n<p><em>\u00a0<strong>Sur les faillites d\u2019entreprise\u00a0<\/em>\u00a0<\/strong><br \/>\n\u00ab\u00a0Le plan de relance n\u2019est pas \u00e0 la hauteur : le quoi qu\u2019il en co\u00fbte n\u2019est pas conditionn\u00e9 pour les entreprises et on sait que ce sont les multinationales qui ont capt\u00e9 le plus d\u2019aides et qui ont licenci\u00e9 dans le m\u00eame temps.\u00a0\u00bb<br \/>\n\u00ab\u00a0Les plans sociaux, pour la premi\u00e8re fois, concernent beaucoup la recherche et le d\u00e9veloppement, les ing\u00e9nieries, les cadres avec de nombreuses bo\u00eetes industrielles qui d\u00e9localisent leurs ing\u00e9nieries.\u00a0\u00bb<br \/>\n\u00ab\u00a0Notre industrie recule mais on s\u2019installe dans un pays \u00e0 la tra\u00eene, en dehors de l\u2019innovation alors qu\u2019on vit une rupture technologique majeure entre la rupture num\u00e9rique et la rupture environnementale.\u00a0\u00bb<\/p>\n<p><em>\u00a0<strong>Sur les remboursements des PGE<\/em>\u00a0<\/strong><br \/>\n\u00ab On demande des mesures diff\u00e9renci\u00e9es en fonction de la taille des entreprises.\u00a0\u00bb<br \/>\n\u00ab\u00a0On demande \u00e0 ce que la banque publique d\u2019investissement joue son r\u00f4le et elle n\u2019a pas assez de moyens.\u00a0\u00bb<\/p>\n<p><em>\u00a0<strong>Sur la r\u00e9forme l\u2019assurance ch\u00f4mage<\/em>\u00a0<\/strong><br \/>\n\u00ab\u00a0La bataille n\u2019est pas du tout perdue. On aura aujourd\u2019hui le r\u00e9sultat du recours que la quasi-totalit\u00e9 des organisations syndicales ont d\u00e9pos\u00e9 devant le Conseil d\u2019Etat.\u00a0\u00bb<br \/>\n\u00ab\u00a0C\u2019est une r\u00e9forme injuste alors que le ch\u00f4mage explose.\u00a0\u00bb<br \/>\n\u00ab\u00a060% des personnes priv\u00e9es d\u2019emploi n\u2019ont pas le ch\u00f4mage aujourd\u2019hui.\u00a0\u00bb<br \/>\n\u00ab\u00a0On propose de d\u00e9plafonner les cotisations et les allocations ch\u00f4mage de fa\u00e7on \u00e0 mettre \u00e0 contribution les hauts salaires.\u00a0On peut d\u00e9gager 800 millions d\u2019euros \/ an. \u00bb<br \/>\n\u00ab\u00a0Les travailleurs pr\u00e9caires vont \u00eatre tr\u00e8s impact\u00e9s par cette r\u00e9forme.\u00a0\u00bb<\/p>\n<p><em>\u00a0<strong>Sur la r\u00e9forme des retraites\u00a0<\/em>\u00a0<\/strong><br \/>\n\u00ab\u00a0Cette r\u00e9forme des retraites redevient une mise tr\u00e8s s\u00e9rieuse de l\u2019ex\u00e9cutif.\u00a0C\u2019est incroyable parce qu\u2019il y a quand m\u00eame eu une grande mobilisation sociale et la majorit\u00e9 des Fran\u00e7ais n\u2019y sont pas favorables. \u00bb<br \/>\n\u00ab\u00a0La r\u00e9forme des retraites est une vraie provocation contre le monde du travail. \u00bb<\/p>\n<p><em>\u00a0<strong>Sur la place de la CGT dans la pr\u00e9sidentielle\u00a0<\/em>\u00a0<\/strong><br \/>\n\u00ab\u00a0Nous voulons porter la r\u00e9duction du temps de travail et la semaine de quatre jours parce que c\u2019est une vraie perspective de progr\u00e8s.\u00a0\u00bb<br \/>\n\u00ab\u00a0La r\u00e9duction du temps de travail est aussi un moyen de transformer le progr\u00e8s technologique en progr\u00e8s social et soci\u00e9tal. \u00bb<\/p>\n<p><em>\u00a0<strong>Sur la marche des libert\u00e9s et contre l\u2019extr\u00eame droite<\/em>\u00a0<\/strong><br \/>\n\u00ab\u00a0Ce qui se passe aujourd\u2019hui est tr\u00e8s inqui\u00e9tant avec des signaux chaque jour de mont\u00e9e progressive de l\u2019extr\u00eame droite et de ses id\u00e9es.\u00a0\u00bb<br \/>\n\u00ab\u00a0Il y a dans la classe politique un discours raciste d\u00e9complex\u00e9.\u00a0\u00bb<br \/>\n\u00ab\u00a0Il y a besoin que la population se l\u00e8ve pour dire qu\u2019on ne partage pas ces th\u00e8ses de l\u2019extr\u00eame droite.\u00a0\u00bb<div id='gallery-1' class='gallery galleryid-13019 gallery-columns-3 gallery-size-thumbnail'><figure class='gallery-item'>\n\t\t\t<div class='gallery-icon landscape'>\n\t\t\t\t<a href='https:\/\/archives.regards.fr\/wp-content\/uploads\/2021\/06\/capture_d_e_cran_2021-06-10_a_11-bb0.26.33.png'><img loading=\"lazy\" decoding=\"async\" width=\"150\" height=\"150\" src=\"https:\/\/archives.regards.fr\/wp-content\/uploads\/2021\/06\/capture_d_e_cran_2021-06-10_a_11-bb0.26.33-150x150.png\" class=\"attachment-thumbnail size-thumbnail\" alt=\"capture_d_e_cran_2021-06-10_a_11.26.33.png\" \/><\/a>\n\t\t\t<\/div><\/figure>\n\t\t<\/div>\n<\/p>\n","protected":false},"excerpt":{"rendered":"<p>Quelles traces la crise sanitaire va-t-elle laisser sur les habitudes professionnelles ? Le t\u00e9l\u00e9travail peut-il se g\u00e9n\u00e9raliser ? Sophie Binet, co-secr\u00e9taire g\u00e9n\u00e9rale de la CGT Cadres, est l\u2019invit\u00e9e de #LaMidinale.<\/p>\n","protected":false},"author":1039,"featured_media":30686,"comment_status":"open","ping_status":"open","sticky":false,"template":"","format":"standard","meta":{"_themeisle_gutenberg_block_has_review":false,"footnotes":""},"categories":[238],"tags":[293],"class_list":["post-13019","post","type-post","status-publish","format-standard","has-post-thumbnail","hentry","category-la-midinale","tag-entretien"],"_links":{"self":[{"href":"https:\/\/archives.regards.fr\/index.php?rest_route=\/wp\/v2\/posts\/13019","targetHints":{"allow":["GET"]}}],"collection":[{"href":"https:\/\/archives.regards.fr\/index.php?rest_route=\/wp\/v2\/posts"}],"about":[{"href":"https:\/\/archives.regards.fr\/index.php?rest_route=\/wp\/v2\/types\/post"}],"author":[{"embeddable":true,"href":"https:\/\/archives.regards.fr\/index.php?rest_route=\/wp\/v2\/users\/1039"}],"replies":[{"embeddable":true,"href":"https:\/\/archives.regards.fr\/index.php?rest_route=%2Fwp%2Fv2%2Fcomments&post=13019"}],"version-history":[{"count":0,"href":"https:\/\/archives.regards.fr\/index.php?rest_route=\/wp\/v2\/posts\/13019\/revisions"}],"wp:featuredmedia":[{"embeddable":true,"href":"https:\/\/archives.regards.fr\/index.php?rest_route=\/wp\/v2\/media\/30686"}],"wp:attachment":[{"href":"https:\/\/archives.regards.fr\/index.php?rest_route=%2Fwp%2Fv2%2Fmedia&parent=13019"}],"wp:term":[{"taxonomy":"category","embeddable":true,"href":"https:\/\/archives.regards.fr\/index.php?rest_route=%2Fwp%2Fv2%2Fcategories&post=13019"},{"taxonomy":"post_tag","embeddable":true,"href":"https:\/\/archives.regards.fr\/index.php?rest_route=%2Fwp%2Fv2%2Ftags&post=13019"}],"curies":[{"name":"wp","href":"https:\/\/api.w.org\/{rel}","templated":true}]}}