{"id":13017,"date":"2021-06-09T13:09:54","date_gmt":"2021-06-09T11:09:54","guid":{"rendered":"https:\/\/wp.muchomaas.com\/article-caroline-fiat-en-ce-moment-j-ai-peur\/"},"modified":"2023-06-24T00:17:07","modified_gmt":"2023-06-23T22:17:07","slug":"article-caroline-fiat-en-ce-moment-j-ai-peur","status":"publish","type":"post","link":"https:\/\/archives.regards.fr\/?p=13017","title":{"rendered":"Caroline Fiat : \u00ab\u00a0En ce moment, j\u2019ai peur\u00a0\u00bb"},"content":{"rendered":"<p class=\"post_excerpt\">Climat politique particuli\u00e8rement violent, \u00e9lections r\u00e9gionales, \u00e9lection pr\u00e9sidentielle, marche des libert\u00e9s\u2026 La d\u00e9put\u00e9e LFI Caroline Fiat est l\u2019invit\u00e9e de #LaMidinale.<\/p>\n<h2>UNE MIDINALE \u00c0 VOIR&#8230;<\/h2>\n<p><iframe loading=\"lazy\" width=\"490\" height=\"276\" src=\"https:\/\/www.youtube.com\/embed\/q5UADg2l6B4\" title=\"YouTube video player\" frameborder=\"0\" allow=\"accelerometer; autoplay; clipboard-write; encrypted-media; gyroscope; picture-in-picture\" allowfullscreen><\/iframe><\/p>\n<p>&nbsp;<\/p>\n<p><h2>&#8230;ET A LIRE<\/h2>\n<p><em>\u00a0<strong>Sur la gifle \u00e0 Emmanuel Macron<\/em>\u00a0<\/strong><br \/>\n\u00ab\u00a0Cela fait plusieurs ann\u00e9es qu\u2019\u00e0 la France insoumise, on fait remonter des informations comme quoi la violence monte et que nous sommes souvent menac\u00e9s.\u00a0\u00bb<br \/>\n\u00ab\u00a0Il n\u2019est pas acceptable qu\u2019un pr\u00e9sident de la R\u00e9publique soit menac\u00e9 physiquement et encore moins que certains passent \u00e0 l\u2019acte.\u00a0\u00bb<br \/>\n\u00ab\u00a0La d\u00e9mocratie, c\u2019est se battre avec des mots et des id\u00e9es.\u00a0Pas avec de la violence ou se faire exfiltr\u00e9 d\u2019une marche comme \u00e7a avait \u00e9t\u00e9 le cas pour la marche pour Mireille Knoll.\u00a0\u00bb<br \/>\n\u00ab\u00a0A force de dire que les d\u00e9put\u00e9s de la France insoumise sont des antis\u00e9mites ou des islamogauchistes, ce qui est totalement ubuesque, on nous met une cible dans le dos comme en t\u00e9moigne la vid\u00e9o de Papacito dimanche. Et le r\u00e9sultat, c\u2019est que l\u2019on a un pr\u00e9sident de la R\u00e9publique qui se fait gifler parce qu\u2019\u00e0 laisser faire sur certains, on trouve tout \u00e0 fait normal qu\u2019on se fasse insulter voire qu\u2019on passe \u00e0 l\u2019acte.\u00a0\u00bb<\/p>\n<p><em>\u00a0<strong>Sur le climat politique actuel<\/em>\u00a0<\/strong><br \/>\n\u00ab\u00a0En ce moment, j\u2019ai peur.\u00a0\u00bb<br \/>\n\u00ab\u00a0On n\u2019a pas \u00e0 avoir peur d\u2019avoir des id\u00e9es, quelles qu\u2019elles soient.\u00a0\u00bb<br \/>\n\u00ab\u00a0Je tiens \u00e0 remercier les policiers et les gendarmes qui font en sorte que l\u2019on soit prot\u00e9g\u00e9.\u00a0\u00bb<br \/>\n\u00ab\u00a0Il n\u2019y a plus de respect de l\u2019\u00e9lu mais plus de respect des r\u00e8gles ou de la loi.\u00a0\u00bb<br \/>\n\u00ab\u00a0On attend une abstention record aux prochaines \u00e9lections r\u00e9gionales mais c\u2019est une r\u00e8gle d\u2019aller voter, un droit.\u00a0\u00bb<br \/>\n\u00ab\u00a0Quand j\u2019entends des gens dire que tout le monde est pareil, je me dis qu\u2019ils perdent le droit \u00e0 vivre en d\u00e9mocratie : c\u2019est une menace qui p\u00e8se sur tous.\u00a0\u00bb<\/p>\n<p><em>\u00a0<strong>Sur Jean-Luc M\u00e9lenchon<\/em>\u00a0<\/strong><br \/>\n\u00ab\u00a0J\u2019ai eu beau r\u00e9\u00e9couter 100 fois le passage pol\u00e9mique, je ne comprends pas ce qui choque : une personne qui commet un attentat le fait rarement dans un moment qui le dessert.\u00a0\u00bb<br \/>\n\u00ab\u00a0Les familles de victimes ont bien sur toute notre compassion.\u00a0\u00bb<\/p>\n<p><em>\u00a0<strong>Sur sa candidature \u00e0 l\u2019\u00e9lection r\u00e9gionale dans le Grand Est avec Aur\u00e9lie Filippetti<\/em>\u00a0<\/strong><br \/>\n\u00ab\u00a0A la fois il faut montrer des t\u00eates connues, \u00e0 la fois il faut aussi de l\u2019air et du renouvellement.\u00a0\u00bb<br \/>\n\u00ab\u00a0Notre liste est une liste de citoyens engag\u00e9s, pas de professionnels avec des CV long comme le bras.\u00a0\u00bb<br \/>\n\u00ab\u00a0Sur notre liste, on a d\u00e9cid\u00e9 de se fiche des \u00e9tiquettes.\u00a0\u00bb<br \/>\n\u00ab\u00a0Je suis d\u00e9\u00e7ue des oukases qui ont fait que l\u2019on n\u2019a pas r\u00e9ussi \u00e0 faire tous ensemble avec toute la gauche et les \u00e9cologistes.\u00a0\u00bb<br \/>\n\u00ab\u00a0L\u2019inertie des partis a \u00e9t\u00e9 tr\u00e8s importante.\u00a0\u00bb<br \/>\n\u00ab\u00a0Il va falloir apprendre \u00e0 faire confiance aux femmes en politique &#8211; et \u00e7a aussi, c\u2019est un combat difficile.\u00a0\u00bb<\/p>\n<p><em>\u00a0<strong>Sur la pr\u00e9sidentielle 2022<\/em>\u00a0<\/strong><br \/>\n\u00ab\u00a0On va travailler, on va se relever les manches.\u00a0\u00bb<br \/>\n\u00ab\u00a0Il va falloir faire confiance \u00e0 toutes les id\u00e9es qui viennent du terrain, m\u00eame si elles viennent de femmes, m\u00eame si elles viennent d\u2019inconnus, m\u00eame si elles viennent d\u2019aides soignantes.\u00a0\u00bb<br \/>\n\u00ab\u00a0Moi, je fonctionne \u00e0 l\u2019instinct ce qui \u00e9nerve beaucoup de gens qui fonctionnent avec des statistiques et des tableaux Excel.\u00a0\u00bb<br \/>\n\u00ab\u00a0Il faut \u00e9couter les gens et \u00eatre sur le terrain.\u00a0\u00bb<br \/>\n\u00ab\u00a0Les gens veulent une belle gauche unie. Et, entre nous, quand on regarde les programmes, \u00e0 part quelques virgules et quelques adverbes, il n\u2019y a pas grand chose qui nous d\u00e9sunit.\u00a0\u00bb<br \/>\n\u00ab\u00a0Il faut r\u00e9ussir \u00e0 faire en sorte qu\u2019on ait un candidat au second tour.\u00a0\u00bb<br \/>\n\u00ab\u00a0Il y a un programme qui me tient \u00e0 coeur : c\u2019est l\u2019Avenir en Commun, partons de \u00e7a !\u00a0\u00bb<br \/>\n\u00ab\u00a0L\u2019objectif, c\u2019est de cr\u00e9er une 6\u00e8 R\u00e9publique.\u00a0Et notre Pr\u00e9sident, ce ne sera pas Jupiter.\u00a0\u00bb<br \/>\n\u00ab\u00a0Il y a pas mal de militants qui sont d\u00e9\u00e7us de voir qu\u2019il y a d\u00e9j\u00e0 plusieurs candidats \u00e0 gauche pour l\u2019\u00e9lection pr\u00e9sidentielle.\u00a0\u00bb<\/p>\n<p><em>\u00a0<strong>Sur la marche des libert\u00e9s et contre l\u2019extr\u00eame droite du samedi 12 juin prochain<\/em>\u00a0<\/strong><br \/>\n\u00ab\u00a0C\u2019est un rendez-vous tr\u00e8s important : les id\u00e9es d\u2019extr\u00eame droite et surtout le racisme sont devenus des id\u00e9es qui ont pignon sur rue. Avant, c\u2019\u00e9tait tabou, maintenant, on en parle tranquille.\u00a0\u00bb<br \/>\n\u00ab\u00a0On peut vomir ses id\u00e9es racistes sans aucun probl\u00e8me. Et ce n\u2019est pas possible\u2026\u00a0\u00bb<br \/>\n\u00ab\u00a0Il faut aller marche samedi 12 juin pour dire que l\u2019on est tous \u00e9gaux et libres en droit.\u00a0\u00bb<br \/>\n\u00ab\u00a0Ce n\u2019est pas une marche politique : il y a 110 organisations qui y appellent pour vivre tous ensemble.\u00a0\u00bb<div id='gallery-1' class='gallery galleryid-13017 gallery-columns-3 gallery-size-thumbnail'><figure class='gallery-item'>\n\t\t\t<div class='gallery-icon landscape'>\n\t\t\t\t<a href='https:\/\/archives.regards.fr\/wp-content\/uploads\/2021\/06\/capture_d_e_cran_2021-06-09_a_13-98a.04.13.png'><img loading=\"lazy\" decoding=\"async\" width=\"150\" height=\"150\" src=\"https:\/\/archives.regards.fr\/wp-content\/uploads\/2021\/06\/capture_d_e_cran_2021-06-09_a_13-98a.04.13-150x150.png\" class=\"attachment-thumbnail size-thumbnail\" alt=\"capture_d_e_cran_2021-06-09_a_13.04.13.png\" \/><\/a>\n\t\t\t<\/div><\/figure>\n\t\t<\/div>\n<\/p>\n","protected":false},"excerpt":{"rendered":"<p>Climat politique particuli\u00e8rement violent, \u00e9lections r\u00e9gionales, \u00e9lection pr\u00e9sidentielle, marche des libert\u00e9s\u2026 La d\u00e9put\u00e9e LFI Caroline Fiat est l\u2019invit\u00e9e de #LaMidinale.<\/p>\n","protected":false},"author":1039,"featured_media":30680,"comment_status":"open","ping_status":"open","sticky":false,"template":"","format":"standard","meta":{"_themeisle_gutenberg_block_has_review":false,"footnotes":""},"categories":[238],"tags":[293],"class_list":["post-13017","post","type-post","status-publish","format-standard","has-post-thumbnail","hentry","category-la-midinale","tag-entretien"],"_links":{"self":[{"href":"https:\/\/archives.regards.fr\/index.php?rest_route=\/wp\/v2\/posts\/13017","targetHints":{"allow":["GET"]}}],"collection":[{"href":"https:\/\/archives.regards.fr\/index.php?rest_route=\/wp\/v2\/posts"}],"about":[{"href":"https:\/\/archives.regards.fr\/index.php?rest_route=\/wp\/v2\/types\/post"}],"author":[{"embeddable":true,"href":"https:\/\/archives.regards.fr\/index.php?rest_route=\/wp\/v2\/users\/1039"}],"replies":[{"embeddable":true,"href":"https:\/\/archives.regards.fr\/index.php?rest_route=%2Fwp%2Fv2%2Fcomments&post=13017"}],"version-history":[{"count":0,"href":"https:\/\/archives.regards.fr\/index.php?rest_route=\/wp\/v2\/posts\/13017\/revisions"}],"wp:featuredmedia":[{"embeddable":true,"href":"https:\/\/archives.regards.fr\/index.php?rest_route=\/wp\/v2\/media\/30680"}],"wp:attachment":[{"href":"https:\/\/archives.regards.fr\/index.php?rest_route=%2Fwp%2Fv2%2Fmedia&parent=13017"}],"wp:term":[{"taxonomy":"category","embeddable":true,"href":"https:\/\/archives.regards.fr\/index.php?rest_route=%2Fwp%2Fv2%2Fcategories&post=13017"},{"taxonomy":"post_tag","embeddable":true,"href":"https:\/\/archives.regards.fr\/index.php?rest_route=%2Fwp%2Fv2%2Ftags&post=13017"}],"curies":[{"name":"wp","href":"https:\/\/api.w.org\/{rel}","templated":true}]}}