{"id":13014,"date":"2021-06-08T17:24:17","date_gmt":"2021-06-08T15:24:17","guid":{"rendered":"https:\/\/wp.muchomaas.com\/article-gifle-a-emmanuel-macron-la-claque-qui-nous-fait-mal\/"},"modified":"2023-06-24T00:17:03","modified_gmt":"2023-06-23T22:17:03","slug":"article-gifle-a-emmanuel-macron-la-claque-qui-nous-fait-mal","status":"publish","type":"post","link":"https:\/\/archives.regards.fr\/?p=13014","title":{"rendered":"Gifle \u00e0 Emmanuel Macron : la claque qui nous fait mal"},"content":{"rendered":"<p class=\"post_excerpt\">Lors de l\u2019un de ses d\u00e9placements \u00e0 Tain-L\u2019Hermitage, le chef de l\u2019Etat a \u00e9t\u00e9 agress\u00e9 d\u2019une claque au cours d\u2019un bain de foule.<\/p>\n<p>Le pr\u00e9sident de la R\u00e9publique a pris une gifle. Une baffe qui claque. Un bruit gla\u00e7ant de plus dans le tumulte vain qu\u2019est devenu le d\u00e9bat public fran\u00e7ais. D\u2019autant que cet acte violent \u00e9tait accompagn\u00e9 d\u2019un cri <em>\u00ab\u00a0Montjoie Saint-Denis\u00a0! \u00bb<\/em>, un cri de guerre, de ralliement \u00e0 la cause royaliste catholique. L\u2019extr\u00eame droite, dans sa dimension la plus large, des \u00e9ditorialistes \u00e0 ses repr\u00e9sentants \u00e9lus, de ceux qui se laissent envahir par ses arguments et ses th\u00e8mes \u00e0 ceux qui jouent \u00e0 la faire monter \u00e9lectoralement \u00e0 des fins tactiques, s\u2019est install\u00e9e confortablement dans le paysage politico-m\u00e9diatique. Et les plus na\u00effs font mine d\u2019oublier d\u2019o\u00f9 elle vient et ce qu\u2019elle charrie : une brutalit\u00e9 intrins\u00e8que \u00e0 l\u2019\u00e9gard des minorit\u00e9s et de ce qu\u2019elle identifie maladroitement comme \u00ab le syst\u00e8me \u00bb.<\/p>\n<p>&nbsp;<\/p>\n<p>\n<strong>LIRE AUSSI SUR REGARDS.FR<br \/>\n>><\/strong> <em><a href=\"https:\/\/wp.muchomaas.com\/politique\/article\/pour-raphael-enthoven-le-front-republicain-c-est-voter-le-pen\">Pour Rapha\u00ebl Enthoven, le front r\u00e9publicain, c\u2019est voter Le Pen<\/a><\/em><\/p>\n<p>&nbsp;<\/p>\n<p>La physicalit\u00e9 du rapport de forces touche maintenant les repr\u00e9sentants \u00e9lus, les d\u00e9positaires de nos suffrages. Seulement, il ne faut se m\u00e9prendre : la col\u00e8re de celles et ceux \u00e0 qui notre soci\u00e9t\u00e9 n\u2019arrive pas \u00e0 faire de place ne saurait \u00eatre mis en relation avec la violence comme projet politique voire comme dessein pour le pr\u00e9sent. La claque adress\u00e9e au pr\u00e9sident de la R\u00e9publique n\u2019est ainsi pas un geste \u00e9pidermique de d\u00e9sespoir, il s\u2019inscrit dans la logique mortif\u00e8re de l\u2019extr\u00eame droite. Certes, Marine Le Pen s\u2019en d\u00e9fend, appelant au calme, au rejet de la violence et \u00e0 la paix \u2013 dont acte. Mais c\u2019est bien la guerre qui en est sa colonne vert\u00e9brale.<\/p>\n<p>Les cons\u00e9quences de cette agression violente peuvent \u00eatre multiples : tout d\u2019abord, elle place le Pr\u00e9sident, l\u2019une des plus hautes institutions de la R\u00e9publique, dans une situation d\u2019apparente vuln\u00e9rabilit\u00e9. Cette faille dans sa s\u00e9curit\u00e9 en fait une cible atteignable qui pourrait limiter ses interactions populaires dont il a pourtant cruellement besoin pour se reconstituer un capital politique dans la perspective de 2022. D\u2019autre part, surtout apr\u00e8s <a href=\"https:\/\/wp.muchomaas.com\/politique\/article\/l-extreme-droite-appelle-au-meurtre-des-electeurs-de-melenchon\">le tutoriel vid\u00e9o du youtubeur Papacito d\u2019appel \u00e0 trucider <em>\u00ab les gauchistes\u00a0\u00bb<\/em><\/a>, elle donne une indication tr\u00e8s inqui\u00e9tante \u00e0 tous ceux qui voudraient se lancer dans la course \u00e0 un mandat \u00e9lectif ou simplement qui s\u2019inscrivent dans une d\u00e9marche politique : devra-t-on maintenant faire campagne avec force gardes du corps lorsque l\u2019on veut devenir maire ou d\u00e9put\u00e9 ?<\/p>\n<p>Enfin, cela renvoie l\u2019image d\u2019un pays o\u00f9 les agressions physiques peuvent devenir des revendications : l\u2019individu auteur de la claque ne se cache pas, au contraire, il sait qu\u2019il est film\u00e9 sous de multiples angles. L\u2019impunit\u00e9 dont il se croit investi lui conf\u00e8re une sup\u00e9riorit\u00e9 qu\u2019il n\u2019a pas peur de faire \u00e9clater au grand jour. Vivre ensemble nous impose \u00e0 tous le cadre d\u2019un collectif apais\u00e9 sans lequel nous ne pourrions envisager de futur commun : oui, il y a des adversaires politiques, oui, il est impossible de nier l\u2019existence de pr\u00eacheurs de haine, oui, certaines personnes peuvent \u00eatre tenues responsables de maux terribles qui laminent jusqu\u2019\u00e0 la d\u00e9finition m\u00eame de notre humanit\u00e9. Pour autant, sortir le fusil, la matraque ou le poing en pensant que cela va \u00eatre utile pour r\u00e9soudre un probl\u00e8me donn\u00e9 est une faute morale autant que politique car cela ne va pr\u00e9cipiter que plus rapidement dans l\u2019ab\u00eeme de l\u2019incompr\u00e9hension et dans la guerre de tous contre tous. Face \u00e0 cette attaque, il nous faut relever le gant mais avec les arguments des jours heureux.<\/p>\n<p>&nbsp;<\/p>\n<p>\n<a href=\"https:\/\/wp.muchomaas.com\/auteur\/pablo-pillaud-vivien-2445\"><strong>Pablo Pillaud-Vivien<\/strong><\/a><div id='gallery-1' class='gallery galleryid-13014 gallery-columns-3 gallery-size-thumbnail'><figure class='gallery-item'>\n\t\t\t<div class='gallery-icon landscape'>\n\t\t\t\t<a href='https:\/\/archives.regards.fr\/wp-content\/uploads\/2021\/06\/capture_d_e_cran_2021-06-08_a_17-9f7.35.58.png'><img loading=\"lazy\" decoding=\"async\" width=\"150\" height=\"150\" src=\"https:\/\/archives.regards.fr\/wp-content\/uploads\/2021\/06\/capture_d_e_cran_2021-06-08_a_17-9f7.35.58-150x150.png\" class=\"attachment-thumbnail size-thumbnail\" alt=\"capture_d_e_cran_2021-06-08_a_17.35.58.png\" \/><\/a>\n\t\t\t<\/div><\/figure>\n\t\t<\/div>\n<\/p>\n","protected":false},"excerpt":{"rendered":"<p>Lors de l\u2019un de ses d\u00e9placements \u00e0 Tain-L\u2019Hermitage, le chef de l\u2019Etat a \u00e9t\u00e9 agress\u00e9 d\u2019une claque au cours d\u2019un bain de foule.<\/p>\n","protected":false},"author":1204,"featured_media":30676,"comment_status":"open","ping_status":"open","sticky":false,"template":"","format":"standard","meta":{"_themeisle_gutenberg_block_has_review":false,"footnotes":""},"categories":[6],"tags":[487,355],"class_list":["post-13014","post","type-post","status-publish","format-standard","has-post-thumbnail","hentry","category-actu","tag-emmanuel-macron","tag-extreme-droite"],"_links":{"self":[{"href":"https:\/\/archives.regards.fr\/index.php?rest_route=\/wp\/v2\/posts\/13014","targetHints":{"allow":["GET"]}}],"collection":[{"href":"https:\/\/archives.regards.fr\/index.php?rest_route=\/wp\/v2\/posts"}],"about":[{"href":"https:\/\/archives.regards.fr\/index.php?rest_route=\/wp\/v2\/types\/post"}],"author":[{"embeddable":true,"href":"https:\/\/archives.regards.fr\/index.php?rest_route=\/wp\/v2\/users\/1204"}],"replies":[{"embeddable":true,"href":"https:\/\/archives.regards.fr\/index.php?rest_route=%2Fwp%2Fv2%2Fcomments&post=13014"}],"version-history":[{"count":0,"href":"https:\/\/archives.regards.fr\/index.php?rest_route=\/wp\/v2\/posts\/13014\/revisions"}],"wp:featuredmedia":[{"embeddable":true,"href":"https:\/\/archives.regards.fr\/index.php?rest_route=\/wp\/v2\/media\/30676"}],"wp:attachment":[{"href":"https:\/\/archives.regards.fr\/index.php?rest_route=%2Fwp%2Fv2%2Fmedia&parent=13014"}],"wp:term":[{"taxonomy":"category","embeddable":true,"href":"https:\/\/archives.regards.fr\/index.php?rest_route=%2Fwp%2Fv2%2Fcategories&post=13014"},{"taxonomy":"post_tag","embeddable":true,"href":"https:\/\/archives.regards.fr\/index.php?rest_route=%2Fwp%2Fv2%2Ftags&post=13014"}],"curies":[{"name":"wp","href":"https:\/\/api.w.org\/{rel}","templated":true}]}}