{"id":13013,"date":"2021-06-08T12:35:41","date_gmt":"2021-06-08T10:35:41","guid":{"rendered":"https:\/\/wp.muchomaas.com\/article-josephine-delpeyrat-on-nous-fait-remonter-un-peu-partout-sur-le-territoire-des\/"},"modified":"2023-06-24T00:17:03","modified_gmt":"2023-06-23T22:17:03","slug":"article-josephine-delpeyrat-on-nous-fait-remonter-un-peu-partout-sur-le-territoire-des","status":"publish","type":"post","link":"https:\/\/archives.regards.fr\/?p=13013","title":{"rendered":"Jos\u00e9phine Delpeyrat : \u00ab On nous fait remonter, un peu partout sur le territoire, des agressions racistes quotidiennes \u00bb"},"content":{"rendered":"<p class=\"post_excerpt\">Enthoven qui pr\u00e9f\u00e8re Le Pen \u00e0 M\u00e9lenchon. Banalisation de l\u2019extr\u00eame droite. Hausse des agressions \u00e0 caract\u00e8res racistes. Zemmour bient\u00f4t candidat en 2022. Appels au meurtre du youtubeur Papacito.  Quand est-ce que \u00e7a s\u2019arr\u00eate ? Jos\u00e9phine Delpeyrat, cofondatrice de l\u2019Observatoire national de l\u2019extr\u00eame droite, est l\u2019invit\u00e9e de #LaMidinale. <\/p>\n<h2>UNE MIDINALE \u00c0 VOIR&#8230;<\/h2>\n<p><iframe loading=\"lazy\" width=\"490\" height=\"276\" src=\"https:\/\/www.youtube.com\/embed\/_X0iYlS2iRE\" title=\"YouTube video player\" frameborder=\"0\" allow=\"accelerometer; autoplay; clipboard-write; encrypted-media; gyroscope; picture-in-picture\" allowfullscreen><\/iframe><\/p>\n<p>&nbsp;<\/p>\n<p><h2>&#8230;ET A LIRE<\/h2>\n<p><em>\u00a0<strong>Sur les propos de Rapha\u00ebl Enthoven<\/em>\u00a0<\/strong><br \/>\n\u00ab\u00a0La digue avec Rapha\u00ebl Enthoven est depuis longtemps rompue, d\u00e9j\u00e0 en tant que f\u00e9ministe.\u00a0\u00c7a fait bien longtemps que je sens le danger chez lui. \u00bb<br \/>\n\u00ab\u00a0La banalisation de l\u2019extr\u00eame droite a invers\u00e9 le sentiment de danger qui se retrouve \u00e0 gauche.\u00a0\u00bb<br \/>\n\u00ab\u00a0Enthoven entend surtout prot\u00e9ger son petit statut de grand bourgeois.\u00a0\u00bb\u00a0<br \/>\n\u00ab\u00a0Avec les d\u00e9clarations du ministre C\u00e9dric O, contrairement \u00e0 des personnalit\u00e9s comme Val\u00e9rie P\u00e9cresse qui sont capables de d\u00e9clarer publiquement que le vrai danger ce sont les islamogauchistes et \u00e9colos, on voit bien que certains sont encore capables de bon sens. Malheureusement C\u00e9dric O n\u2019est pas le plus repr\u00e9sentatif de ce gouvernement.\u00a0\u00bb<\/p>\n<p><em>\u00a0<strong>Sur les accusations de complotisme \u00e0 l\u2019endroit de M\u00e9lenchon\u00a0<\/em>\u00a0<\/strong><br \/>\n\u00ab\u00a0L\u2019union des gauches \u00e0 du mal \u00e0 se serrer les coudes et \u00e0 venir en soutien \u00e0 Jean-Luc M\u00e9lenchon.\u00a0\u00bb<br \/>\n\u00ab\u00a0Ce qu\u2019il s\u2019est pass\u00e9 hier avec l\u2019appel au meurtre du youtubeur a permis \u00e0 la plupart de la gauche de recouvrer ses esprits.\u00a0\u00bb<\/p>\n<p><em>\u00a0<strong>Sur l\u2019appel au meurtre du youtubeur d\u2019extr\u00eame droite<\/em>\u00a0<\/strong><br \/>\n\u00ab\u00a0Quand M\u00e9lenchon est victime d\u2019un appel au meurtre, on prend tous cette menace en plein coeur.\u00a0Faire croire qu\u2019il ferait diversion avec cette affaire est effroyable. On doit tous s\u2019alarmer de ce type de menace. \u00bb<br \/>\n\u00ab\u00a0On est dans un contexte o\u00f9 l\u2019extr\u00eame droite a cess\u00e9 de s\u2019inscrire dans des id\u00e9es et appelle \u00e0 des violences de toutes sortes.\u00a0Personne ne s\u2019en offusque et \u00e7a m\u2019inqui\u00e8te beaucoup. \u00bb<\/p>\n<p><em>\u00a0<strong>Sur le front r\u00e9publicain<\/em>\u00a0<\/strong><br \/>\n\u00ab\u00a0Je ne sais pas quelle forme prendrait ce front r\u00e9publicain.\u00a0\u00bb<br \/>\n\u00ab\u00a0On voit bien dans les derniers sondages que c\u2019est la gauche qui est pr\u00eate \u00e0 jouer le r\u00f4le de ce front r\u00e9publicain contrairement \u00e0 ce que l\u2019on veut faire croire. La droite, pour partie, a laiss\u00e9 tomber ce front et serait pr\u00eate \u00e0 envisager une Marine Le Pen plut\u00f4t qu\u2019une alternative de gauche.\u00a0\u00bb<br \/>\n\u00ab\u00a0Il faut convaincre de la n\u00e9cessit\u00e9 de ce front r\u00e9publicain chez les citoyens plus que dans les partis.\u00a0\u00bb<br \/>\n\u00ab\u00a0Si la gauche est loin derri\u00e8re aux r\u00e9gionales et que l\u2019union de la gauche et des \u00e9cologistes n\u2019est pas suffisante, il faudra probablement imaginer s\u2019effacer au second tour et appeler \u00e0 voter pour le candidat le mieux plac\u00e9 pour battre le RN.\u00a0\u00bb<\/p>\n<p><em>\u00a0<strong>Sur Eric Zemmour 2022<\/em>\u00a0<\/strong><br \/>\n\u00ab\u00a0La candidature d\u2019Eric Zemmour \u00e0 l\u2019\u00e9lection pr\u00e9sidentielle me para\u00eet extr\u00eamement inqui\u00e9tante et cr\u00e9dible aujourd\u2019hui.\u00a0\u00bb<br \/>\n\u00ab\u00a0Le profil d\u2019Eric Zemmour excite beaucoup une partie de la population qui n\u2019irait pas naturellement se tourner vers une candidature classique du Rassemblement national.\u00a0\u00bb<br \/>\n\u00ab\u00a0Eric Zemmour incarne autre chose, quelque chose vu \u00e0 la t\u00e9l\u00e9, notamment dans ces m\u00e9dias qui deviennent des r\u00e9f\u00e9rences pour trop de gens : Cnews transcende une partie de la population qui ne se tourne plus vers les urnes aujourd\u2019hui.\u00a0\u00bb<br \/>\n\u00ab\u00a0En France, pour se pr\u00e9senter \u00e0 l\u2019\u00e9lection pr\u00e9sidentielle, il faut recueillir des parrainages et j\u2019ose esp\u00e9rer que nos maires fran\u00e7ais et fran\u00e7aises auront le bon sens de ne pas lui donner le ticket d\u2019entr\u00e9e.\u00a0\u00bb<\/p>\n<p><em>\u00a0<strong>Sur l\u2019Observatoire national de l\u2019extr\u00eame droite<\/em>\u00a0<\/strong><br \/>\n\u00ab\u00a0On nous fait remonter, un peu partout sur le territoire, des agressions racistes quotidiennes.\u00a0\u00bb<br \/>\n\u00ab\u00a0On re\u00e7oit beaucoup d\u2019appels \u00e0 l\u2019aide de certaines villes.\u00a0\u00bb<br \/>\n\u00ab\u00a0La majorit\u00e9 silencieuse est tr\u00e8s inqui\u00e8te de la mont\u00e9e en puissance de l\u2019extr\u00eame droite.\u00a0\u00bb<\/p>\n<p><em>\u00a0<strong>Sur la marche du 12 juin pour les libert\u00e9s et contre l\u2019extr\u00eame droite<\/em>\u00a0<\/strong><br \/>\n\u00ab\u00a0Ce sont plus de 98 organisations et collectifs sont signataires qui viennent de bords tr\u00e8s diff\u00e9rents.\u00a0\u00bb<br \/>\n\u00ab\u00a0Ce n\u2019est pas une \u00e9ni\u00e8me manif contre le Rassemblement national : quand on parle des id\u00e9es d\u2019extr\u00eame droite, on va bien au-del\u00e0 de la r\u00e9ponse au RN pour s\u2019attaquer \u00e0 la loi sur le s\u00e9paratisme, la loi sur la s\u00e9curit\u00e9 globale, que c\u2019est une r\u00e9action \u00e0 la manifestation des policiers du 19 mai dernier\u2026\u00a0\u00bb<\/p>\n<p><em>\u00a0<strong>Sur le duo Emmanuel Macron &#8211; Marine Le Pen<\/em>\u00a0<\/strong><br \/>\n\u00ab\u00a0Emmanuel Macron et Marine Le Pen se nourrissent assur\u00e9ment l\u2019un l\u2019autre.\u00a0\u00bb<br \/>\n\u00ab\u00a0LREM est le premier agent de l\u2019extr\u00eame droite en France aujourd\u2019hui.\u00a0\u00bb<br \/>\n\u00ab\u00a0Macron et Le Pen, ce n\u2019est pas bonnet blanc, blanc bonnet.\u00a0\u00bb<br \/>\n\u00ab\u00a0Je fais partie de celles qui, si jamais on devait avoir un second tour Marine Le Pen &#8211; Emmanuel Macron, \u00e0 aller voter : je ne laisserai pas passer Le Pen, peu importe la configuration et m\u00eame si je sais que Macron a consid\u00e9rablement nourri ce qui se passe aujourd\u2019hui dans notre pays.\u00a0\u00bb<div id='gallery-1' class='gallery galleryid-13013 gallery-columns-3 gallery-size-thumbnail'><figure class='gallery-item'>\n\t\t\t<div class='gallery-icon landscape'>\n\t\t\t\t<a href='https:\/\/archives.regards.fr\/wp-content\/uploads\/2021\/06\/capture_d_e_cran_2021-06-08_a_11-9ad.47.48.png'><img loading=\"lazy\" decoding=\"async\" width=\"150\" height=\"150\" src=\"https:\/\/archives.regards.fr\/wp-content\/uploads\/2021\/06\/capture_d_e_cran_2021-06-08_a_11-9ad.47.48-150x150.png\" class=\"attachment-thumbnail size-thumbnail\" alt=\"capture_d_e_cran_2021-06-08_a_11.47.48.png\" \/><\/a>\n\t\t\t<\/div><\/figure>\n\t\t<\/div>\n<\/p>\n","protected":false},"excerpt":{"rendered":"<p>Enthoven qui pr\u00e9f\u00e8re Le Pen \u00e0 M\u00e9lenchon. Banalisation de l\u2019extr\u00eame droite. Hausse des agressions \u00e0 caract\u00e8res racistes. Zemmour bient\u00f4t candidat en 2022. Appels au meurtre du youtubeur Papacito.  Quand est-ce que \u00e7a s\u2019arr\u00eate ? Jos\u00e9phine Delpeyrat, cofondatrice de l\u2019Observatoire national de l\u2019extr\u00eame droite, est l\u2019invit\u00e9e de #LaMidinale. <\/p>\n","protected":false},"author":1204,"featured_media":30674,"comment_status":"open","ping_status":"open","sticky":false,"template":"","format":"standard","meta":{"_themeisle_gutenberg_block_has_review":false,"footnotes":""},"categories":[238],"tags":[293],"class_list":["post-13013","post","type-post","status-publish","format-standard","has-post-thumbnail","hentry","category-la-midinale","tag-entretien"],"_links":{"self":[{"href":"https:\/\/archives.regards.fr\/index.php?rest_route=\/wp\/v2\/posts\/13013","targetHints":{"allow":["GET"]}}],"collection":[{"href":"https:\/\/archives.regards.fr\/index.php?rest_route=\/wp\/v2\/posts"}],"about":[{"href":"https:\/\/archives.regards.fr\/index.php?rest_route=\/wp\/v2\/types\/post"}],"author":[{"embeddable":true,"href":"https:\/\/archives.regards.fr\/index.php?rest_route=\/wp\/v2\/users\/1204"}],"replies":[{"embeddable":true,"href":"https:\/\/archives.regards.fr\/index.php?rest_route=%2Fwp%2Fv2%2Fcomments&post=13013"}],"version-history":[{"count":0,"href":"https:\/\/archives.regards.fr\/index.php?rest_route=\/wp\/v2\/posts\/13013\/revisions"}],"wp:featuredmedia":[{"embeddable":true,"href":"https:\/\/archives.regards.fr\/index.php?rest_route=\/wp\/v2\/media\/30674"}],"wp:attachment":[{"href":"https:\/\/archives.regards.fr\/index.php?rest_route=%2Fwp%2Fv2%2Fmedia&parent=13013"}],"wp:term":[{"taxonomy":"category","embeddable":true,"href":"https:\/\/archives.regards.fr\/index.php?rest_route=%2Fwp%2Fv2%2Fcategories&post=13013"},{"taxonomy":"post_tag","embeddable":true,"href":"https:\/\/archives.regards.fr\/index.php?rest_route=%2Fwp%2Fv2%2Ftags&post=13013"}],"curies":[{"name":"wp","href":"https:\/\/api.w.org\/{rel}","templated":true}]}}