{"id":13008,"date":"2021-06-07T16:37:21","date_gmt":"2021-06-07T14:37:21","guid":{"rendered":"https:\/\/wp.muchomaas.com\/article-sans-projet-clair-de-gauche-et-ecologiste-on-laisse-une-partie-de-la-jeunesse-a\/"},"modified":"2023-06-24T00:16:55","modified_gmt":"2023-06-23T22:16:55","slug":"article-sans-projet-clair-de-gauche-et-ecologiste-on-laisse-une-partie-de-la-jeunesse-a","status":"publish","type":"post","link":"https:\/\/archives.regards.fr\/?p=13008","title":{"rendered":"\u00ab Sans projet clair de gauche et \u00e9cologiste, on laisse une partie de la jeunesse \u00e0 l&#8217;extr\u00eame droite \u00bb"},"content":{"rendered":"<p class=\"post_excerpt\">L&#8217;\u00e9cologiste Claire Lejeune, candidate EELV en \u00cele-de-France, est l&#8217;invit\u00e9e de #LaMidinale. L&#8217;occasion de revenir sur la Marche des libert\u00e9s de ce samedi 12 juin et de la mobilisation contre l&#8217;extr\u00eame droite.<\/p>\n<h2>UNE MIDINALE \u00c0 VOIR&#8230;<\/h2>\n<p><iframe loading=\"lazy\" width=\"490\" height=\"276\" src=\"https:\/\/www.youtube.com\/embed\/L0_AUw8sGYs\" title=\"YouTube video player\" frameborder=\"0\" allow=\"accelerometer; autoplay; clipboard-write; encrypted-media; gyroscope; picture-in-picture\" allowfullscreen><\/iframe><\/p>\n<p>&nbsp;<\/p>\n<p><h2>&#8230;ET A LIRE<\/h2>\n<p><em>\u00a0<strong>Sur les id\u00e9es d\u2019extr\u00eame-droite<\/em>\u00a0<\/strong><br \/>\n\u00ab L\u2019extr\u00eame-droite impose en partie l\u2019agenda mais elle b\u00e9n\u00e9ficie aussi de relais au sein du gouvernement \u00bb<br \/>\n\u00ab On atteint un seuil assez symptomatique de la d\u00e9diabolisation des id\u00e9es d\u2019extr\u00eame-droite avec des ministres du gouvernement Macron qui alimentent activement un d\u00e9bat public qui se centre exclusivement sur des questions s\u00e9curitaires et identitaires \u00bb<br \/>\n\u00ab Le RN devient l\u2019interlocuteur l\u00e9gitime et notre camp est rel\u00e9gu\u00e9 en dehors du cadre r\u00e9publicain : il y a une transformation compl\u00e8te par rapport \u00e0 2002 \u00bb<br \/>\n\u00ab Aujourd\u2019hui, l\u2019\u00e9tat de droit, les droits fondamentaux, la s\u00e9parations des pouvoirs sont en p\u00e9ril du fait de la transformation du d\u00e9bat public et de l\u2019importation des id\u00e9es d\u2019extr\u00eame-droite dans le champ ordinaire des m\u00e9dias et de la politique \u00bb<\/p>\n<p><em>\u00a0<strong>Sur la jeunesse<\/em>\u00a0<\/strong><br \/>\n\u00ab Ce qu\u2019on doit se poser comme question, c\u2019est comment \u00e7a se fait que les discours d\u2019extr\u00eame-droite parlent \u00e0 une partie de la jeunesse \u00bb<br \/>\n\u00ab Les jeunesses aujourd\u2019hui sont pr\u00e9caris\u00e9es de mani\u00e8re extr\u00eamement forte, notre rapport \u00e0 l\u2019avenir est extr\u00eamement probl\u00e9matique, \u00e7a a \u00e9t\u00e9 renforc\u00e9 par la pand\u00e9mie \u00bb<br \/>\n\u00ab Toutes les jeunesses ont conscience qu\u2019on arrive au bout d\u2019un syst\u00e8me \u00bb<\/p>\n<p><em>\u00a0<strong>Sur la gauche<\/em>\u00a0<\/strong><br \/>\n\u00ab Aujourd\u2019hui, notre camp, le camp de la gauche, de l\u2019\u00e9cologie, qui tient bon sur les libert\u00e9s et les droits fondamentaux, sur le fait que les questions importantes sont le social et l\u2019\u00e9cologie, n\u2019arrive pas \u00e0 faire contrepoids, \u00e0 avoir un discours audible, \u00e0 rendre tangible cet autre monde possible \u00bb<br \/>\n\u00ab Ce dont notre camp a besoin, c\u2019est de se mettre autour de la table et de poser une analyse commune de ce qui est en train d\u2019arriver \u00bb<br \/>\n\u00ab La mont\u00e9e des discours d\u2019extr\u00eame-droite et d\u2019un racisme compl\u00e8tement banalis\u00e9, \u00e7a devient notre environnement et \u00e7a a un effet sur la mani\u00e8re dont la gauche parle. Il faut arriver \u00e0 reprendre le dessus mais \u00e7a ne se passera pas d\u2019une analyse en profondeur de ce qui se passe. On a p\u00each\u00e9 par manque d\u2019analyse historique. \u00bb<br \/>\n \u00ab L\u2019isolement de la pand\u00e9mie a transform\u00e9 notre mani\u00e8re d\u2019envisager l\u2019autre, la diff\u00e9rence. \u00c7a a fragilis\u00e9 notre camp : notre projet de soci\u00e9t\u00e9 se base sur l\u2019id\u00e9e de solidarit\u00e9, sur l\u2019id\u00e9e qu\u2019on n\u2019est pas un s\u00e9rie d\u2019individus, que la soci\u00e9t\u00e9 c\u2019est ce qui se passe quand on est ensemble \u00bb<br \/>\n\u00ab L\u2019espoir qu\u2019on peut avoir c\u2019est qu\u2019\u00e0 la faveur du d\u00e9confinement on arrive \u00e0 recr\u00e9er cette id\u00e9e du collectif et de la solidarit\u00e9, et on y arriverait beaucoup mieux si on arrivait \u00e0 parler d\u2019une voix unie et claire \u00bb<br \/>\n\u00ab Il y a vraiment une urgence d\u2019un cadre de discussion commun, sinon on perd en puissance \u00bb<\/p>\n<p><em>\u00a0<strong>Sur la manifestation du 12 juin<\/em>\u00a0<\/strong><br \/>\n\u00ab La manif du 12 juin t\u00e9moigne d\u2019un sursaut : il n\u2019y a plus le choix, on arrive \u00e0 un tel degr\u00e9 d\u2019urgence qu\u2019on est oblig\u00e9 de commencer \u00e0 constituer ce front commun \u00bb<br \/>\n\u00ab L\u2019important c\u2019est le travail collectif fait en amont de la marche. La place grandissante que prennent les collectifs dans notre mani\u00e8re de travailler ensemble est aussi embl\u00e9matique des nouvelles mani\u00e8res de faire politique \u00bb<br \/>\n\u00ab Cette manifestation n\u2019a pas vocation \u00e0 \u00eatre un point d\u2019aboutissement, c\u2019est une rampe de lancement pour un travail collectif qui doit durer \u00bb<\/p>\n<p><em>\u00a0<strong>Sur la s\u00e9curit\u00e9<\/strong> <\/em><br \/>\n\u00ab Ce qu\u2019on r\u00e9ussit \u00e0 faire nos adversaires, c\u2019est nous imposer une vision extr\u00eamement \u00e9troite de ce qu\u2019est la s\u00e9curit\u00e9 \u00bb<br \/>\n\u00ab Il faut qu\u2019on fasse un travail de r\u00e9appropriation de cette notion : l\u2019ins\u00e9curit\u00e9 aujourd\u2019hui vient du fait que la population est compl\u00e8tement pr\u00e9caris\u00e9e, qu\u2019on n\u2019arrivera pas \u00e0 voir ce que le monde va \u00eatre dans 20 \u2013 30 ans du fait de la crise climatique \u00bb <\/p>\n<p><em>\u00a0<strong>Sur les r\u00e9gionales<\/em>\u00a0<\/strong><br \/>\n\u00ab On ne fait pas campagne face \u00e0 Cl\u00e9mentine Autain et Audrey Pulvar, on fait campagne \u00e0 c\u00f4t\u00e9 d\u2019elles \u00bb<br \/>\n\u00ab \u00c7a a \u00e9t\u00e9 un moment d\u2019\u00e9change entre les visions diff\u00e9rentes qu\u2019il pouvait y avoir entre les listes \u00bb<br \/>\n\u00ab A partir du moment o\u00f9 il est \u00e9tabli tr\u00e8s clairement qu\u2019il y aura un rassemblement, \u00e7a permet \u00e0 tout le monde de faire une campagne apais\u00e9e \u00bb<br \/>\n\u00ab La droite qu\u2019incarne P\u00e9cresse a mut\u00e9 : elle a gliss\u00e9 sur des discours de la droite dure voire qui empruntent \u00e0 l\u2019extr\u00eame-droite \u00bb <div id='gallery-1' class='gallery galleryid-13008 gallery-columns-3 gallery-size-thumbnail'><figure class='gallery-item'>\n\t\t\t<div class='gallery-icon landscape'>\n\t\t\t\t<a href='https:\/\/archives.regards.fr\/wp-content\/uploads\/2021\/06\/screenshot_2021-06-07_16-362.35.25.png'><img loading=\"lazy\" decoding=\"async\" width=\"150\" height=\"150\" src=\"https:\/\/archives.regards.fr\/wp-content\/uploads\/2021\/06\/screenshot_2021-06-07_16-362.35.25-150x150.png\" class=\"attachment-thumbnail size-thumbnail\" alt=\"screenshot_2021-06-07_16.35.25.png\" \/><\/a>\n\t\t\t<\/div><\/figure>\n\t\t<\/div>\n<\/p>\n","protected":false},"excerpt":{"rendered":"<p>L&#8217;\u00e9cologiste Claire Lejeune, candidate EELV en \u00cele-de-France, est l&#8217;invit\u00e9e de #LaMidinale. L&#8217;occasion de revenir sur la Marche des libert\u00e9s de ce samedi 12 juin et de la mobilisation contre l&#8217;extr\u00eame droite.<\/p>\n","protected":false},"author":1204,"featured_media":30668,"comment_status":"open","ping_status":"open","sticky":false,"template":"","format":"standard","meta":{"_themeisle_gutenberg_block_has_review":false,"footnotes":""},"categories":[238],"tags":[293],"class_list":["post-13008","post","type-post","status-publish","format-standard","has-post-thumbnail","hentry","category-la-midinale","tag-entretien"],"_links":{"self":[{"href":"https:\/\/archives.regards.fr\/index.php?rest_route=\/wp\/v2\/posts\/13008","targetHints":{"allow":["GET"]}}],"collection":[{"href":"https:\/\/archives.regards.fr\/index.php?rest_route=\/wp\/v2\/posts"}],"about":[{"href":"https:\/\/archives.regards.fr\/index.php?rest_route=\/wp\/v2\/types\/post"}],"author":[{"embeddable":true,"href":"https:\/\/archives.regards.fr\/index.php?rest_route=\/wp\/v2\/users\/1204"}],"replies":[{"embeddable":true,"href":"https:\/\/archives.regards.fr\/index.php?rest_route=%2Fwp%2Fv2%2Fcomments&post=13008"}],"version-history":[{"count":0,"href":"https:\/\/archives.regards.fr\/index.php?rest_route=\/wp\/v2\/posts\/13008\/revisions"}],"wp:featuredmedia":[{"embeddable":true,"href":"https:\/\/archives.regards.fr\/index.php?rest_route=\/wp\/v2\/media\/30668"}],"wp:attachment":[{"href":"https:\/\/archives.regards.fr\/index.php?rest_route=%2Fwp%2Fv2%2Fmedia&parent=13008"}],"wp:term":[{"taxonomy":"category","embeddable":true,"href":"https:\/\/archives.regards.fr\/index.php?rest_route=%2Fwp%2Fv2%2Fcategories&post=13008"},{"taxonomy":"post_tag","embeddable":true,"href":"https:\/\/archives.regards.fr\/index.php?rest_route=%2Fwp%2Fv2%2Ftags&post=13008"}],"curies":[{"name":"wp","href":"https:\/\/api.w.org\/{rel}","templated":true}]}}