{"id":12999,"date":"2021-06-04T13:14:13","date_gmt":"2021-06-04T11:14:13","guid":{"rendered":"https:\/\/wp.muchomaas.com\/article-michel-wieviorka-l-affaissement-du-debat-public-a-beaucoup-a-voir-avec-l\/"},"modified":"2023-06-24T00:16:48","modified_gmt":"2023-06-23T22:16:48","slug":"article-michel-wieviorka-l-affaissement-du-debat-public-a-beaucoup-a-voir-avec-l","status":"publish","type":"post","link":"https:\/\/archives.regards.fr\/?p=12999","title":{"rendered":"Michel Wieviorka : \u00ab\u00a0L\u2019affaissement du d\u00e9bat public \u00e0 beaucoup \u00e0 voir avec l\u2019affaissement de la gauche\u00a0\u00bb"},"content":{"rendered":"<p class=\"post_excerpt\">Existe-t-il encore des espaces communs de d\u00e9bat ? Quelle place pour la nuance dans le d\u00e9bat sur le racisme et l\u2019antiracisme ? Le sociologue Michel Wieviorka, auteur de <em>Racisme, antis\u00e9mitisme, antiracisme : apologie pour la recherche<\/em> (\u00c9d. La Bo\u00eete \u00e0 Pandore), est l\u2019invit\u00e9 de #LaMidinale.<\/p>\n<h2>UNE MIDINALE \u00c0 VOIR&#8230;<\/h2>\n<p><iframe loading=\"lazy\" width=\"490\" height=\"276\" src=\"https:\/\/www.youtube.com\/embed\/Ns7pJq3_BZM\" title=\"YouTube video player\" frameborder=\"0\" allow=\"accelerometer; autoplay; clipboard-write; encrypted-media; gyroscope; picture-in-picture\" allowfullscreen><\/iframe><\/p>\n<p>&nbsp;<\/p>\n<p><h2>ET \u00c0 LIRE&#8230;<\/h2>\n<p><em>\u00a0<strong>Sur le rapport du politique et de l\u2019intellectuel\u00a0<\/em>\u00a0<\/strong><br \/>\n\u00ab\u00a0Le politique se fiche de l\u2019intellectuel et de celui qui travaille et en particulier des sciences sociales.\u00a0\u00bb<br \/>\n\u00ab\u00a0On pouvait \u00eatre pour ou contre, le Parti communiste fran\u00e7ais a \u00e9t\u00e9 pendant des ann\u00e9es un lieu de vitalit\u00e9 intellectuelle.\u00a0\u00bb<br \/>\n\u00ab\u00a0Le Parti socialiste quand il s\u2019est reconstruit a aussi \u00e9t\u00e9 un lieu de d\u00e9bat et d\u2019id\u00e9es. Martine Aubry avait cr\u00e9\u00e9 un laboratoire des id\u00e9es \u00e0 Solf\u00e9rino que Fran\u00e7ois Hollande a ferm\u00e9 lorsqu\u2019il \u00e9tait pr\u00e9sident. \u00bb<br \/>\n\u00ab\u00a0La vie intellectuelle est pr\u00e9sente dans les m\u00e9dias mais les partis politiques sont tr\u00e8s indiff\u00e9rents \u00e0 l\u2019univers acad\u00e9mique.\u00a0\u00bb<\/p>\n<p><em>\u00a0<strong>Sur les espaces de d\u00e9bats<\/em>\u00a0<\/strong><br \/>\n\u00ab\u00a0L\u2019affaissement du d\u00e9bat public \u00e0 beaucoup \u00e0 voir avec l\u2019affaissement de la gauche : il n\u2019y a plus de projet ou d\u2019utopie. \u00bb\u00a0<br \/>\n\u00ab\u00a0Toutes les paroles inform\u00e9es, raisonnables, qui doivent alimenter la r\u00e9flexion et la vie publique sont disqualifi\u00e9es.\u00a0\u00bb<br \/>\n\u00ab\u00a0Avec le Covid, on a vu des m\u00e9decins de tous genres sur les plateaux de t\u00e9l\u00e9.\u00a0Dans l\u2019ensemble la raison triomphe. \u00bb<br \/>\n\u00ab\u00a0Il y a des domaines de la science qui accrochent l\u2019opinion et donc je ne suis pas totalement n\u00e9gatif sur la confiance dans la science.\u00a0\u00bb<br \/>\n\u00ab\u00a0La baisse de confiance dans la science est r\u00e9v\u00e9latrice de la politique scientifique de notre pays.\u00a0Pour que les Fran\u00e7ais aiment la recherche, il faut qu\u2019il y ait de la bonne recherche. \u00bb<br \/>\n\u00ab\u00a0La puissance publique ne fait pas ce qu\u2019il faut pour la science et pour les sciences sociales encore moins.\u00a0\u00bb<\/p>\n<p><em>\u00a0<strong>Sur la place de la nuance\u00a0<\/em>\u00a0<\/strong><br \/>\n\u00ab\u00a0Il y a plein de d\u00e9bats mais tout d\u00e9pend de ce que l\u2019on veut comme d\u00e9bat.\u00a0\u00bb<br \/>\n\u00ab\u00a0Sur les cha\u00eenes d\u2019infos, il n\u2019y a que des d\u00e9bats &#8211; c\u2019est un petit peu le caf\u00e9 du commerce.\u00a0\u00bb<br \/>\n\u00ab\u00a0Le probl\u00e8me n\u2019est pas qu\u2019il n\u2019y aurait plus de d\u00e9bat c\u2019est qu\u2019il n\u2019y a pas les conditions pour des d\u00e9bats constructifs et construits. Les conditions manquent parce qu\u2019elles ne sont pas remplies c\u00f4t\u00e9 politique.\u00a0\u00bb<br \/>\n\u00ab\u00a0\u00c7a n\u2019est pas \u00e0 l\u2019opinion publique de dire ce qui est juste et pas juste en mati\u00e8re scientifique.\u00a0\u00bb<\/p>\n<p><em>\u00a0<strong>Sur le d\u00e9bat scientifique\u00a0<\/em>\u00a0<\/strong><br \/>\n\u00ab\u00a0Il faut dissocier, d\u00e9sarticuler le d\u00e9bat scientifique et le d\u00e9bat public pour ensuite les r\u00e9articuler.\u00a0\u00bb<br \/>\n\u00ab\u00a0Il faut que les scientifiques d\u00e9battent entre eux, ce qu\u2019ils ne font pas assez.\u00a0\u00bb<\/p>\n<p><em>\u00a0<strong>Sur le multiculturalisme<\/em>\u00a0<\/strong><br \/>\n\u00ab\u00a0Je suis d\u2019accord avec l\u2019id\u00e9e que notre pays est multiculturel mais le d\u00e9bat n\u2019est pas sur la r\u00e9alit\u00e9 multiculturelle de notre pays. Le d\u00e9bat est sur : est-ce qu\u2019il faut des politiques, des institutions et des r\u00e8gles de droit multiculturalistes &#8211; c\u2019est-\u00e0-dire un traitement presque juridique et l\u00e9gislatif des diff\u00e9rences culturelles ?\u00a0\u00bb<\/p>\n<p><em>\u00a0<strong>Sur l\u2019antiracisme\u00a0<\/em>\u00a0<\/strong><br \/>\n\u00ab\u00a0\u00c7a n\u2019est pas\u00a0Marianne\u00a0qui doit se faire l\u2019arbitre des \u00e9l\u00e9gances scientifiques ou intellectuelles.\u00a0\u00bb<br \/>\n\u00ab\u00a0L\u2019article de Marianne est un torchon et j\u2019y ai r\u00e9pondu.\u00a0\u00c7a n\u2019est pas l\u00e0 o\u00f9 se joue le d\u00e9bat scientifique. \u00bb<br \/>\n\u00ab On nous accuse d\u2019importer les id\u00e9es des Etats-Unis. C\u2019est compl\u00e8tement idiot.\u00a0\u00bb<br \/>\n\u00ab\u00a0Il faut qu\u2019il y ait plus de vie intellectuelle et scientifique \u00e0 l\u2019\u00e9chelle globale, mondiale. On m\u00e9lange tout dans le d\u00e9bat public fran\u00e7ais. On m\u00e9lange la recherche s\u00e9rieuse &#8211; qui peut se r\u00e9clamer des \u00e9tudes post-coloniale ou de l\u2019intersectionnalit\u00e9 ou de la pens\u00e9e d\u00e9coloniale &#8211; \u00e0 un d\u00e9bat id\u00e9ologique.\u00a0\u00bb<\/p>\n<p><em>\u00a0<strong>Sur la vulgarisation du d\u00e9bat scientifique\u00a0<\/em>\u00a0<\/strong><br \/>\n\u00ab\u00a0Il faut vulgariser et il y a des gens qui le font tr\u00e8s bien.\u00a0\u00bb<br \/>\n\u00ab\u00a0L\u2019id\u00e9e que le chercheur est quelqu\u2019un qui est dans sa tour d\u2019ivoire, qu\u2019il ne discute qu\u2019avec ses coll\u00e8gues, qui ne publie que dans des revues sp\u00e9cialis\u00e9es, dans sa bulle, c\u2019est non.\u00a0Il faut aussi des moments de coproduction : il est sain que des acteurs antiracistes produisent des connaissances avec des chercheurs. Il faut juste que tout le monde reste \u00e0 sa place. \u00bb<\/p>\n<p><em>\u00a0<strong>Sur la subjectivit\u00e9 scientifique\u00a0<\/em>\u00a0<\/strong><br \/>\n\u00ab\u00a0La neutralit\u00e9 n\u2019existe pas sur les sujets dont on parle [racisme, antis\u00e9mitisme, antiracisme].\u00a0\u00bb<br \/>\n\u00ab\u00a0Le probl\u00e8me n\u2019est pas d\u2019esp\u00e9rer que la recherche soit neutre mais de ma\u00eetriser que chaque chercheur ma\u00eetrise son rapport \u00e0 son objet.\u00a0\u00bb<br \/>\n\u00ab\u00a0Il faut que le chercheur soit capable de dire dans quelle perspective il se situe par rapport \u00e0 ce qu\u2019il est en train d\u2019\u00e9tudier.\u00a0Le chercheur doit accepter de discuter de sa non neutralit\u00e9 et de sa relation \u00e0 ce dont il parle. \u00bb<\/p>\n<p><em>\u00a0<strong>Sur la question sociale et la question raciale\u00a0<\/em>\u00a0<\/strong><br \/>\n\u00ab\u00a0G\u00e9rard Noiriel pense que si on traitait la question sociale et qu\u2019on pensait les probl\u00e8mes en termes sociaux, on avancerait beaucoup mieux dans la lutte contre le racisme. C\u2019est un point de vue. Je ne suis pas d&#8217; accord. Mais je ne suis pas en total d\u00e9saccord.\u00a0\u00bb<br \/>\n\u00ab\u00a0Dans ces questions de racisme, il y a une sp\u00e9cificit\u00e9 propre \u00e0 l\u2019id\u00e9e de race qui n\u2019est pas sociale.\u00a0\u00bb<br \/>\n\u00ab\u00a0Il y a des dimensions qui ne sont pas seulement sociales mais la question du racisme t\u00e9lescope et se m\u00eale avec la question sociale.\u00a0\u00bb<br \/>\n\u00ab\u00a0La question du racisme \u00e0 quelque chose \u00e0 voir avec la question culturelle, la question religieuse et beaucoup d\u2019autres enjeux. Je plaide pour l\u2019id\u00e9e qu\u2019on croise les perspectives.\u00a0\u00bb<br \/>\n\u00ab\u00a0Il ne faut pas croire que le politique doit commander la recherche.\u00a0\u00bb<div id='gallery-1' class='gallery galleryid-12999 gallery-columns-3 gallery-size-thumbnail'><figure class='gallery-item'>\n\t\t\t<div class='gallery-icon landscape'>\n\t\t\t\t<a href='https:\/\/archives.regards.fr\/wp-content\/uploads\/2021\/06\/capture_d_e_cran_2021-06-04_a_12-bb4.08.08.png'><img loading=\"lazy\" decoding=\"async\" width=\"150\" height=\"150\" src=\"https:\/\/archives.regards.fr\/wp-content\/uploads\/2021\/06\/capture_d_e_cran_2021-06-04_a_12-bb4.08.08-150x150.png\" class=\"attachment-thumbnail size-thumbnail\" alt=\"capture_d_e_cran_2021-06-04_a_12.08.08.png\" \/><\/a>\n\t\t\t<\/div><\/figure>\n\t\t<\/div>\n<\/p>\n","protected":false},"excerpt":{"rendered":"<p>Existe-t-il encore des espaces communs de d\u00e9bat ? Quelle place pour la nuance dans le d\u00e9bat sur le racisme et l\u2019antiracisme ? Le sociologue Michel Wieviorka, auteur de <em>Racisme, antis\u00e9mitisme, antiracisme : apologie pour la recherche<\/em> (\u00c9d. La Bo\u00eete \u00e0 Pandore), est l\u2019invit\u00e9 de #LaMidinale.<\/p>\n","protected":false},"author":1039,"featured_media":30663,"comment_status":"open","ping_status":"open","sticky":false,"template":"","format":"standard","meta":{"_themeisle_gutenberg_block_has_review":false,"footnotes":""},"categories":[238],"tags":[293],"class_list":["post-12999","post","type-post","status-publish","format-standard","has-post-thumbnail","hentry","category-la-midinale","tag-entretien"],"_links":{"self":[{"href":"https:\/\/archives.regards.fr\/index.php?rest_route=\/wp\/v2\/posts\/12999","targetHints":{"allow":["GET"]}}],"collection":[{"href":"https:\/\/archives.regards.fr\/index.php?rest_route=\/wp\/v2\/posts"}],"about":[{"href":"https:\/\/archives.regards.fr\/index.php?rest_route=\/wp\/v2\/types\/post"}],"author":[{"embeddable":true,"href":"https:\/\/archives.regards.fr\/index.php?rest_route=\/wp\/v2\/users\/1039"}],"replies":[{"embeddable":true,"href":"https:\/\/archives.regards.fr\/index.php?rest_route=%2Fwp%2Fv2%2Fcomments&post=12999"}],"version-history":[{"count":0,"href":"https:\/\/archives.regards.fr\/index.php?rest_route=\/wp\/v2\/posts\/12999\/revisions"}],"wp:featuredmedia":[{"embeddable":true,"href":"https:\/\/archives.regards.fr\/index.php?rest_route=\/wp\/v2\/media\/30663"}],"wp:attachment":[{"href":"https:\/\/archives.regards.fr\/index.php?rest_route=%2Fwp%2Fv2%2Fmedia&parent=12999"}],"wp:term":[{"taxonomy":"category","embeddable":true,"href":"https:\/\/archives.regards.fr\/index.php?rest_route=%2Fwp%2Fv2%2Fcategories&post=12999"},{"taxonomy":"post_tag","embeddable":true,"href":"https:\/\/archives.regards.fr\/index.php?rest_route=%2Fwp%2Fv2%2Ftags&post=12999"}],"curies":[{"name":"wp","href":"https:\/\/api.w.org\/{rel}","templated":true}]}}