{"id":12996,"date":"2021-06-02T12:12:42","date_gmt":"2021-06-02T10:12:42","guid":{"rendered":"https:\/\/wp.muchomaas.com\/article-roxane-lundy-il-y-a-des-territoires-ou-la-gauche-est-eradiquee-par-faute-du\/"},"modified":"2023-06-24T00:16:47","modified_gmt":"2023-06-23T22:16:47","slug":"article-roxane-lundy-il-y-a-des-territoires-ou-la-gauche-est-eradiquee-par-faute-du","status":"publish","type":"post","link":"https:\/\/archives.regards.fr\/?p=12996","title":{"rendered":"Roxane Lundy : \u00ab Il y a des territoires o\u00f9 la gauche est \u00e9radiqu\u00e9e par faute du quinquennat Hollande \u00bb"},"content":{"rendered":"<p class=\"post_excerpt\">Dans l\u2019Oise, toute la gauche \u00e9tait r\u00e9unie derri\u00e8re Roxane Lundy, candidate \u00e0 la l\u00e9gislative partielle. Les 12% des suffrages qui se sont exprim\u00e9s sur sa candidature n\u2019ont pas suffi pour franchir le second tour qui verra s\u2019affronter l\u2019h\u00e9ritier Dassault face au Rassemblement national. Elle est l\u2019invit\u00e9e de #LaMidinale. <\/p>\n<h2>UNE MIDINALE \u00c0 VOIR&#8230;<\/h2>\n<p><iframe loading=\"lazy\" width=\"490\" height=\"276\" src=\"https:\/\/www.youtube.com\/embed\/Z6Q_CZhPk9U\" title=\"YouTube video player\" frameborder=\"0\" allow=\"accelerometer; autoplay; clipboard-write; encrypted-media; gyroscope; picture-in-picture\" allowfullscreen><\/iframe><\/p>\n<p>&nbsp;<\/p>\n<p><h2>ET \u00c0 LIRE&#8230;<\/h2>\n<p><em>\u00a0<strong>Sur le r\u00e9sultat de la gauche et les \u00e9cologistes dans l\u2019Oise <\/em>\u00a0<\/strong><br \/>\n\u00ab C\u2019\u00e9tait une \u00e9lection particuli\u00e8re dans le contexte et les modalit\u00e9s d\u2019organisation. On a appris il y a un mois que cette \u00e9lection se tiendrait. \u00bb<br \/>\n\u00ab Je suis d\u00e9\u00e7ue de ne pas avoir r\u00e9ussi \u00e0 qualifier la gauche et les \u00e9cologistes dans ce territoire o\u00f9 Marine Le Pen \u00e9tait arriv\u00e9e en t\u00eate de l\u2019\u00e9lection pr\u00e9sidentielle. \u00bb<br \/>\n\u00ab En 2017, la gauche et les \u00e9cologiques avaient enregistr\u00e9 un score assez bas. \u00bb<br \/>\n\u00ab On est dans un territoire o\u00f9 on a besoin de remettre de la R\u00e9publique et des services publics. C\u2019est le principal enjeu. \u00bb<br \/>\n\u00ab L\u00e0 o\u00f9 la puissance publique a recul\u00e9, c\u2019est la puissance priv\u00e9e qui a pris le dessus. La famille Dassault a permis de compenser. \u00bb<\/p>\n<p><em>\u00a0<strong>Sur les villages de l\u2019Oise et le vote RN<\/em>\u00a0<\/strong><br \/>\n\u00ab Je suis tr\u00e8s fi\u00e8re de notre score \u00e0 Beauvais et c\u2019est un motif de confiance. \u00bb<br \/>\n\u00ab Il y a eu un effondrement de la R\u00e9publique en marche qui n\u2019atteint m\u00eame pas les 5%. \u00bb<br \/>\n\u00ab Il y aussi un effondrement de la confiance dans la politique. \u00bb<\/p>\n<p><em>\u00a0<strong>Sur la gauche dans les Hauts-de-France<\/em>\u00a0<\/strong><br \/>\n\u00ab Il y a des territoires o\u00f9 la gauche est \u00e9radiqu\u00e9e. \u00bb<br \/>\n\u00ab Le temps politique va beaucoup plus vite dans les grandes villes et les moyennes villes. \u00bb<br \/>\n\u00ab Dans certaines communes, on me parle encore du quinquennat de Fran\u00e7ois Hollande. \u00c7a n\u2019est pas sold\u00e9 et \u00e7a n\u2019est pas derri\u00e8re nous. Le quinquennat d\u2019Hollande est encore d\u2019actualit\u00e9. \u00bb<br \/>\n\u00ab Il y a encore une grande d\u00e9fiance vis-\u00e0-vis de la gauche et de l\u2019\u00e9cologie. \u00bb<br \/>\n\u00ab Le discours et la strat\u00e9gie d\u2019En Marche, en tapant sur les \u00e9cologistes, fonctionnent. \u00bb<br \/>\n\u00ab Les \u00e9cologistes sont une force repoussoir et c\u2019est un probl\u00e8me. \u00c7a doit nous interroger. Il faut cr\u00e9er une vraie \u00e9cologie populaire. \u00bb<br \/>\n\u00ab Il y a une droitisation des d\u00e9bats politiques avec l\u2019extr\u00eame droite qui arrive \u00e0 imposer ses termes dans le d\u00e9bat : ensauvagement, islamogauchisme. \u00bb<br \/>\n\u00ab L\u2019union de la gauche et des \u00e9cologistes n\u2019est pas la solution \u00e0 tout mais c\u2019est le pr\u00e9alable. \u00bb<\/p>\n<p><em>\u00a0<strong>Sur l\u2019union de la gauche et des \u00e9cologistes<\/em>\u00a0<\/strong><br \/>\n\u00ab Il faut assumer et poser sur la table les questions de nos divergences. \u00bb<br \/>\n\u00ab Il y a des personnalit\u00e9s locales de gauche qui pr\u00e9f\u00e8rent s\u2019abstenir plut\u00f4t que d\u2019aller voter contre la droite ou l\u2019extr\u00eame droite : ce n\u2019est pas \u00e0 la hauteur du moment. \u00bb<br \/>\n \u00ab Certains \u00e9lecteurs m\u2019ont expliqu\u00e9 qu\u2019il ne pouvait pas voter si la liste \u00e9tait soutenue par Jean-Luc M\u00e9lenchon ou par le Parti socialiste. \u00bb<br \/>\n\u00ab En ce moment, on subit l\u2019agenda fix\u00e9 par l\u2019extr\u00eame droite, la droite et le gouvernement. \u00bb<\/p>\n<p><em>\u00a0<strong>Sur 2022<\/em>\u00a0<\/strong><br \/>\n\u00ab Sans l\u2019union de la gauche et des \u00e9cologistes, nous ne serons pas en mesure de mobiliser ceux qui attendent une alternative. \u00bb<br \/>\n\u00ab Des personnes qui m\u2019expliquent qu\u2019elles sont totalement oppos\u00e9es \u00e0 Emmanuel Macron et \u00e0 sa politique anti-sociale et qui, sur le fond, sont totalement d\u2019accord avec nous, c\u2019est probl\u00e9matique qu\u2019elles ne votent pas pour nous parce que l\u2019on n\u2019est plus vu comme un d\u00e9bouch\u00e9 cr\u00e9dible. \u00bb<br \/>\n\u00ab L\u2019\u00e9cologie politique peut \u00eatre \u00e0 m\u00eame de rassembler largement. D\u2019ailleurs, dans les Hauts-de-France, ce n\u2019est pas anodin si c\u2019est autour de Karima Delli que s\u2019est faite l\u2019union. \u00bb<div id='gallery-1' class='gallery galleryid-12996 gallery-columns-3 gallery-size-thumbnail'><figure class='gallery-item'>\n\t\t\t<div class='gallery-icon landscape'>\n\t\t\t\t<a href='https:\/\/archives.regards.fr\/wp-content\/uploads\/2021\/06\/capture_d_e_cran_2021-06-02_a_12-73d.05.08.png'><img loading=\"lazy\" decoding=\"async\" width=\"150\" height=\"150\" src=\"https:\/\/archives.regards.fr\/wp-content\/uploads\/2021\/06\/capture_d_e_cran_2021-06-02_a_12-73d.05.08-150x150.png\" class=\"attachment-thumbnail size-thumbnail\" alt=\"capture_d_e_cran_2021-06-02_a_12.05.08.png\" \/><\/a>\n\t\t\t<\/div><\/figure>\n\t\t<\/div>\n<\/p>\n","protected":false},"excerpt":{"rendered":"<p>Dans l\u2019Oise, toute la gauche \u00e9tait r\u00e9unie derri\u00e8re Roxane Lundy, candidate \u00e0 la l\u00e9gislative partielle. Les 12% des suffrages qui se sont exprim\u00e9s sur sa candidature n\u2019ont pas suffi pour franchir le second tour qui verra s\u2019affronter l\u2019h\u00e9ritier Dassault face au Rassemblement national. Elle est l\u2019invit\u00e9e de #LaMidinale. <\/p>\n","protected":false},"author":1204,"featured_media":30659,"comment_status":"open","ping_status":"open","sticky":false,"template":"","format":"standard","meta":{"_themeisle_gutenberg_block_has_review":false,"footnotes":""},"categories":[238],"tags":[293],"class_list":["post-12996","post","type-post","status-publish","format-standard","has-post-thumbnail","hentry","category-la-midinale","tag-entretien"],"_links":{"self":[{"href":"https:\/\/archives.regards.fr\/index.php?rest_route=\/wp\/v2\/posts\/12996","targetHints":{"allow":["GET"]}}],"collection":[{"href":"https:\/\/archives.regards.fr\/index.php?rest_route=\/wp\/v2\/posts"}],"about":[{"href":"https:\/\/archives.regards.fr\/index.php?rest_route=\/wp\/v2\/types\/post"}],"author":[{"embeddable":true,"href":"https:\/\/archives.regards.fr\/index.php?rest_route=\/wp\/v2\/users\/1204"}],"replies":[{"embeddable":true,"href":"https:\/\/archives.regards.fr\/index.php?rest_route=%2Fwp%2Fv2%2Fcomments&post=12996"}],"version-history":[{"count":0,"href":"https:\/\/archives.regards.fr\/index.php?rest_route=\/wp\/v2\/posts\/12996\/revisions"}],"wp:featuredmedia":[{"embeddable":true,"href":"https:\/\/archives.regards.fr\/index.php?rest_route=\/wp\/v2\/media\/30659"}],"wp:attachment":[{"href":"https:\/\/archives.regards.fr\/index.php?rest_route=%2Fwp%2Fv2%2Fmedia&parent=12996"}],"wp:term":[{"taxonomy":"category","embeddable":true,"href":"https:\/\/archives.regards.fr\/index.php?rest_route=%2Fwp%2Fv2%2Fcategories&post=12996"},{"taxonomy":"post_tag","embeddable":true,"href":"https:\/\/archives.regards.fr\/index.php?rest_route=%2Fwp%2Fv2%2Ftags&post=12996"}],"curies":[{"name":"wp","href":"https:\/\/api.w.org\/{rel}","templated":true}]}}