{"id":12994,"date":"2021-06-01T12:43:04","date_gmt":"2021-06-01T10:43:04","guid":{"rendered":"https:\/\/wp.muchomaas.com\/article-fin-de-la-treve-hivernale-la-ministre-du-logement-va-jeter-des-milliers-de-gens\/"},"modified":"2023-06-24T00:16:46","modified_gmt":"2023-06-23T22:16:46","slug":"article-fin-de-la-treve-hivernale-la-ministre-du-logement-va-jeter-des-milliers-de-gens","status":"publish","type":"post","link":"https:\/\/archives.regards.fr\/?p=12994","title":{"rendered":"Fin de la tr\u00eave hivernale : \u00ab La ministre du logement va jeter des milliers de gens \u00e0 la rue \u00bb"},"content":{"rendered":"<p class=\"post_excerpt\">En ce 1er juin, les expulsions locatives vont pouvoir reprendre. Pour en parler, Eddie Jacquemart, pr\u00e9sident de la Conf\u00e9d\u00e9ration national du logement (CNL), est l&#8217;invit\u00e9 de la Midinale.<\/p>\n<h2>UNE MIDINALE \u00c0 VOIR&#8230;<\/h2>\n<p><iframe loading=\"lazy\" width=\"490\" height=\"276\" src=\"https:\/\/www.youtube.com\/embed\/P5pATP0mQ5I\" title=\"YouTube video player\" frameborder=\"0\" allow=\"accelerometer; autoplay; clipboard-write; encrypted-media; gyroscope; picture-in-picture\" allowfullscreen><\/iframe><\/p>\n<p>&nbsp;<\/p>\n<p><h2>ET \u00c0 LIRE&#8230;<\/h2>\n<p><em>\u00a0<strong>Aux locataires qui risquent l\u2019expulsion<\/em>\u00a0<\/strong><br \/>\n\u00ab\u00a0J\u2019ai une pens\u00e9e particuli\u00e8re pour tous les locataires et acc\u00e9dants \u00e0 la propri\u00e9t\u00e9 qui risquent d\u2019\u00eatre expuls\u00e9s : la peur au ventre, \u00e7a ne doit pas \u00eatre facile \u00e0 vivre mais je veux leur dire que, tant qu\u2019ils sont dans leur logement, il ne faut pas h\u00e9siter \u00e0 \u00e0 r\u00e9sister jusqu\u2019au bout, sans violence \u00e9videmment. Et qu\u2019il faut contacter des associations comme la CNL pour se faire \u00e9pauler.\u00a0\u00bb<br \/>\n\u00ab\u00a0La police peut entendre des arguments de derni\u00e8re minute et surseoir exceptionnellement \u00e0 l\u2019expulsion.\u00a0\u00bb<br \/>\n\u00ab\u00a0La peur revient dans les quartiers : il faut r\u00e9sister jusqu\u2019au bout.\u00a0\u00bb<\/p>\n<p><em>\u00a0<strong>Sur la ministre du logement Emmanuelle Wargon<\/em>\u00a0<\/strong><br \/>\n\u00ab\u00a0La ministre du logement a fait un aveu en nous donnant raison puisqu\u2019elle vient d\u2019envoyer une circulaire aux pr\u00e9fectures pour leur demander d\u2019\u00e9taler les expulsions sur deux ans.\u00a0\u00bb<br \/>\n\u00ab\u00a0Nous sortons d\u2019une p\u00e9riode de plus d\u2019un an et demi particuli\u00e8rement violente \u00e0 cause du Covid, notamment parce que l\u2019on a du rester enfermer chez soi et que cela s\u2019est doubl\u00e9 d&#8217;une crise \u00e9conomique.\u00a0\u00bb<br \/>\n\u00ab\u00a0Il y a eu des pertes de revenus, de pouvoir d\u2019achat, des pertes d\u2019emploi et de salaire depuis un an et demi.\u00a0\u00bb<br \/>\n\u00ab\u00a0Ceux qui avaient des boulots non d\u00e9clar\u00e9s, pendant le confinement, ont tout perdu.\u00a0\u00bb<br \/>\n\u00ab\u00a0En parall\u00e8le, depuis un an et demi, il y a eu une augmentation des d\u00e9penses : \u00e0 la maison, on a du s\u2019\u00e9quiper en ordinateur, prendre plus de douches, palier la fermeture des cantines\u2026\u00a0\u00bb<br \/>\n\u00ab\u00a0La ministre du logement continue de jeter les gens \u00e0 la rue en faisant l\u2019autruche.\u00a0\u00bb<br \/>\n\u00ab\u00a0La r\u00e9alit\u00e9, c\u2019est que les gens paient d\u2019abord leur loyer et ensuite vont faire la queue dans les banques alimentaires pour pouvoir manger.\u00a0\u00bb<br \/>\n\u00ab\u00a0La ministre du logement agit en fonction du calendrier \u00e9lectoral : elle sait tr\u00e8s bien que si elle ne prend pas la d\u00e9cision de continuer les expulsions cette ann\u00e9e, le sujet va revenir en 2022.\u00a0\u00bb<br \/>\n\u00ab\u00a0On demande qu\u2019en France, il n\u2019y ait aucune expulsion locative li\u00e9e \u00e0 des probl\u00e8mes financiers.\u00a0\u00bb<br \/>\n\u00ab\u00a0Il faut concilier le droit \u00e0 la propri\u00e9t\u00e9 et le droit au logement qui sont dans la Constitution.\u00a0\u00bb<br \/>\n\u00ab\u00a0Nous portons l\u2019id\u00e9e d\u2019une s\u00e9curit\u00e9 sociale du logement, c\u2019est-\u00e0-dire la cr\u00e9ation d\u2019une caisse de solidarit\u00e9, dans la lign\u00e9e de ce qui a \u00e9t\u00e9 fait en 1945 \u00e0 l\u2019issue du Conseil national de la R\u00e9sistance.\u00a0\u00bb<\/p>\n<p><em>\u00a0<strong>Sur les bailleurs sociaux et les propri\u00e9taires priv\u00e9s<\/em>\u00a0<\/strong><br \/>\n\u00ab\u00a0Les bailleurs sociaux, s\u2019ils ont des probl\u00e8mes avec les locataires, ont les moyens d\u2019actionner les fonds de solidarit\u00e9 logement (FSL).\u00a0\u00bb<br \/>\n\u00ab\u00a0Pour les bailleurs priv\u00e9s, il y a un fond d\u2019indemnisation des propri\u00e9taires qui a \u00e9t\u00e9 dot\u00e9 de 3 millions d\u2019euros.\u00a0\u00bb<br \/>\n\u00ab\u00a0Quand il y a un jugement d\u2019expulsion qui n\u2019est pas ex\u00e9cut\u00e9 du fait de l\u2019Etat, ce dernier se doit d\u2019indemniser le propri\u00e9taire.\u00a0\u00bb<br \/>\n\u00ab\u00a0Les mairies peuvent entrer en r\u00e9sistance avec nous et prendre des arr\u00eat\u00e9s anti-expulsions &#8211; m\u00eame s\u2019ils sont cass\u00e9s dans la quinzaine ou le mois qui suit par le tribunal administratif car ils ne sont pas l\u00e9gaux. Mais c\u2019est important car cela t\u00e9moigne d\u2019une volont\u00e9 politique locale.\u00a0\u00bb<\/p>\n<p><em>\u00a0<strong>Sur la gauche<\/em>\u00a0<\/strong><br \/>\n\u00ab\u00a0A gauche, on a tendance \u00e0 axer nos propositions sur le travail parce que c\u2019est tr\u00e8s important pour les familles.\u00a0\u00bb<br \/>\n\u00ab\u00a0Je r\u00eave que la gauche s\u2019empare du sujet logement de fa\u00e7on plus importante car souvent, c\u2019est seulement accessoire.\u00a0\u00bb<div id='gallery-1' class='gallery galleryid-12994 gallery-columns-3 gallery-size-thumbnail'><figure class='gallery-item'>\n\t\t\t<div class='gallery-icon landscape'>\n\t\t\t\t<a href='https:\/\/archives.regards.fr\/wp-content\/uploads\/2021\/06\/capture_d_e_cran_2021-06-01_a_12-76a.30.51.png'><img loading=\"lazy\" decoding=\"async\" width=\"150\" height=\"150\" src=\"https:\/\/archives.regards.fr\/wp-content\/uploads\/2021\/06\/capture_d_e_cran_2021-06-01_a_12-76a.30.51-150x150.png\" class=\"attachment-thumbnail size-thumbnail\" alt=\"capture_d_e_cran_2021-06-01_a_12.30.51.png\" \/><\/a>\n\t\t\t<\/div><\/figure>\n\t\t<\/div>\n<\/p>\n","protected":false},"excerpt":{"rendered":"<p>En ce 1er juin, les expulsions locatives vont pouvoir reprendre. Pour en parler, Eddie Jacquemart, pr\u00e9sident de la Conf\u00e9d\u00e9ration national du logement (CNL), est l&#8217;invit\u00e9 de la Midinale.<\/p>\n","protected":false},"author":1204,"featured_media":30657,"comment_status":"open","ping_status":"open","sticky":false,"template":"","format":"standard","meta":{"_themeisle_gutenberg_block_has_review":false,"footnotes":""},"categories":[238],"tags":[293],"class_list":["post-12994","post","type-post","status-publish","format-standard","has-post-thumbnail","hentry","category-la-midinale","tag-entretien"],"_links":{"self":[{"href":"https:\/\/archives.regards.fr\/index.php?rest_route=\/wp\/v2\/posts\/12994","targetHints":{"allow":["GET"]}}],"collection":[{"href":"https:\/\/archives.regards.fr\/index.php?rest_route=\/wp\/v2\/posts"}],"about":[{"href":"https:\/\/archives.regards.fr\/index.php?rest_route=\/wp\/v2\/types\/post"}],"author":[{"embeddable":true,"href":"https:\/\/archives.regards.fr\/index.php?rest_route=\/wp\/v2\/users\/1204"}],"replies":[{"embeddable":true,"href":"https:\/\/archives.regards.fr\/index.php?rest_route=%2Fwp%2Fv2%2Fcomments&post=12994"}],"version-history":[{"count":0,"href":"https:\/\/archives.regards.fr\/index.php?rest_route=\/wp\/v2\/posts\/12994\/revisions"}],"wp:featuredmedia":[{"embeddable":true,"href":"https:\/\/archives.regards.fr\/index.php?rest_route=\/wp\/v2\/media\/30657"}],"wp:attachment":[{"href":"https:\/\/archives.regards.fr\/index.php?rest_route=%2Fwp%2Fv2%2Fmedia&parent=12994"}],"wp:term":[{"taxonomy":"category","embeddable":true,"href":"https:\/\/archives.regards.fr\/index.php?rest_route=%2Fwp%2Fv2%2Fcategories&post=12994"},{"taxonomy":"post_tag","embeddable":true,"href":"https:\/\/archives.regards.fr\/index.php?rest_route=%2Fwp%2Fv2%2Ftags&post=12994"}],"curies":[{"name":"wp","href":"https:\/\/api.w.org\/{rel}","templated":true}]}}