{"id":12990,"date":"2021-05-31T12:38:25","date_gmt":"2021-05-31T10:38:25","guid":{"rendered":"https:\/\/wp.muchomaas.com\/article-jerome-gleizes-el-aaraje-a-participe-a-la-manif-de-soutien-aux-policiers-pas\/"},"modified":"2023-06-24T00:16:37","modified_gmt":"2023-06-23T22:16:37","slug":"article-jerome-gleizes-el-aaraje-a-participe-a-la-manif-de-soutien-aux-policiers-pas","status":"publish","type":"post","link":"https:\/\/archives.regards.fr\/?p=12990","title":{"rendered":"J\u00e9r\u00f4me Gleizes : \u00ab\u00a0El Aaraje a particip\u00e9 \u00e0 la manif de soutien aux policiers. Pas Simonnet. Le choix est simple\u00a0\u00bb"},"content":{"rendered":"<p class=\"post_excerpt\">Les \u00e9cologistes se retrouvent en situation d\u2019arbitre sur la l\u00e9gislative partielle \u00e0 Paris qui verra s\u2019affronter, le weekend prochain, une candidate socialiste, Lamia El Aaraje,\u00a0 face \u00e0 une candidate insoumise, Danielle Simonnet. J\u00e9r\u00f4me Gleizes, conseiller de Paris, \u00e9lu de Paris 20\u00e8, est l\u2019invit\u00e9 de #LaMidinale.<\/p>\n<h2>UNE MIDINALE \u00c0 VOIR&#8230;<\/h2>\n<p><iframe loading=\"lazy\" width=\"490\" height=\"276\" src=\"https:\/\/www.youtube.com\/embed\/B-VuWx8dZfk\" title=\"YouTube video player\" frameborder=\"0\" allow=\"accelerometer; autoplay; clipboard-write; encrypted-media; gyroscope; picture-in-picture\" allowfullscreen><\/iframe><\/p>\n<p>&nbsp;<\/p>\n<p><h2>ET \u00c0 LIRE&#8230;<\/h2>\n<p><em>\u00a0<strong>Sur le r\u00e9sultats d\u2019EELV \u00e0 la l\u00e9gislative partielle<\/em>\u00a0<\/strong><br \/>\n\u00ab\u00a0Le r\u00e9sultat des \u00e9cologistes est d\u2019autant plus encourageant qu\u2019il s\u2019agit d\u2019une circonscription qui ne nous est pas la plus favorable.\u00a0\u00bb<br \/>\n\u00ab\u00a0On a encore du travail \u00e0 faire pour expliquer notre diff\u00e9rence par rapport aux autres.\u00a0\u00bb<\/p>\n<p><em>\u00a0<strong>Sur le second tour PS\/LFI\u00a0<\/em>\u00a0<\/strong><br \/>\n\u00ab\u00a0\u00c0 ce stade, on n\u2019a pas encore d\u00e9cid\u00e9 de donner de consigne de vote.\u00a0\u00bb<br \/>\n\u00ab\u00a0C\u2019est aux \u00e9lecteurs et aux \u00e9lectrices de choisir.\u00a0\u00bb<br \/>\n\u00ab D\u2019un c\u00f4t\u00e9, on a Anne Hidalgo qui dit qu\u2019on est des irresponsables, qu\u2019on est contre la R\u00e9publique et qui continue de consid\u00e9rer qu\u2019on est utile que pour apporter des voix. D\u2019un autre c\u00f4t\u00e9, on a Jean-Luc M\u00e9lenchon qui tape de mani\u00e8re assez inconsid\u00e9r\u00e9e sur les \u00e9cologistes \u00e0 l\u2019\u00e9chelle nationale.\u00a0\u00bb<br \/>\n\u00ab\u00a0Le choix est simple : entre quelqu\u2019un qui a appel\u00e9 \u00e0 participer \u00e0 une manifestation de soutien aux policiers et un autre qui ne l\u2019a pas fait : les \u00e9lecteurs ne vont pas se tromper sur le deuxi\u00e8me tour.\u00a0\u00bb<br \/>\n\u00ab\u00a0LREM fait un choix anti Danielle Simonnet plus qu\u2019un choix pros El Aaraje [la candidate socialiste].\u00a0\u00bb<br \/>\n\u00ab\u00a0Le soutien de LREM \u00e0 la candidate socialiste est un mauvais soutien.\u00a0C\u2019est le plus mauvais soutien qu\u2019ils peuvent apporter \u00e0 Lamia El Aaraje. \u00bb<\/p>\n<p><em>\u00a0<strong>Sur la manifestation des policiers<\/em>\u00a0<\/strong><br \/>\n\u00ab\u00a0\u00c0 gauche, il y a un avant et un apr\u00e8s li\u00e9 \u00e0 cette manifestation.\u00a0\u00bb<br \/>\n\u00ab\u00a0Je ne pense pas que Yannick Jadot n\u2019a pas chang\u00e9 : il n\u2019est pas devenu du jour au lendemain pro-policier.\u00a0\u00bb<br \/>\n\u00ab Ce qui se passe dans la soci\u00e9t\u00e9 fran\u00e7aise est tr\u00e8s inqui\u00e9tant : la gauche ne doit pas faire la m\u00eame erreur que dans les ann\u00e9es 30.\u00a0\u00bb<\/p>\n<p><em>\u00a0<strong>Sur les r\u00e9gionales en Ile-de-France<\/em>\u00a0<\/strong><br \/>\n\u00ab\u00a0L\u2019objectif pour tous les partis politiques &#8211; en dehors du rassemblement national &#8211; c\u2019est d\u2019aller chercher l\u2019\u00e9lectorat perdu, celui qui ne va plus voter.\u00a0\u00bb<br \/>\n\u00ab\u00a0Il aurait fallu un accord entre les trois candidats de gauche.\u00a0\u00bb<br \/>\n\u00ab\u00a0Les trois candidats ont chacun leur qualit\u00e9 et qui n\u2019arrivent pas \u00e0 se d\u00e9partager.\u00a0\u00bb<br \/>\n\u00ab\u00a0Audrey Pulvar est un peu un anachronisme vis-\u00e0-vis du Parti socialiste.\u00a0\u00bb<br \/>\n\u00ab\u00a0Du c\u00f4t\u00e9 de Cl\u00e9mentine Autain et de Julien Bayou, ils ont tellement fait de choses ensemble ces dix derni\u00e8res ann\u00e9es, qu\u2019on ne comprend pas qu\u2019ils s\u2019opposent aujourd\u2019hui.\u00a0\u00bb<br \/>\n\u00ab\u00a0Il est peu probable que les trois candidats fassent moins de 10% et qu\u2019ils ne passent pas le second tour.\u00a0\u00bb<br \/>\n\u00ab\u00a0La confrontation entre les trois candidats n\u2019a pas encore eu lieu.\u00a0\u00bb<br \/>\n\u00ab\u00a0On va peut-\u00eatre assister \u00e0 un effondrement d\u2019Ile-de-France en commun d\u00e8s lors qu\u2019il y aura un d\u00e9bat entre les candidats.\u00a0\u00bb<br \/>\n\u00ab\u00a0Notre probl\u00e8me en Ile-de-France n\u2019est pas Jordan Bardella mais Val\u00e9rie P\u00e9cresse qui d\u00e9fend un discours tr\u00e8s populiste.\u00a0\u00bb<br \/>\n\u00ab\u00a0La r\u00e9gion Ile-de-France est une r\u00e9gion qu\u2019on a d\u00e9j\u00e0 gouvern\u00e9 ensemble &#8211; de Cl\u00e9mentine Autain en passant par le Parti socialiste et les \u00e9cologistes.\u00a0\u00bb<br \/>\n\u00ab\u00a0On a besoin de redonner espoir aux habitants franciliens.\u00a0\u00bb<\/p>\n<p><em>\u00a0<strong>Sur la r\u00e9union des gauches et des \u00e9cologistes initi\u00e9e par Jadot\u00a0<\/em>\u00a0<\/strong><br \/>\n\u00ab\u00a0C\u2019est le d\u00e9sastre pour le moment.\u00a0\u00bb<br \/>\n\u00ab\u00a0J\u2019ai salu\u00e9 l\u2019initiative de Yannick Jadot.\u00a0\u00bb<br \/>\n\u00ab\u00a0Eric Piolle est un meilleur candidat.\u00a0\u00bb<br \/>\n\u00ab\u00a0On a un probl\u00e8me d\u2019incarnation, de programme et de strat\u00e9gie. \u00c7a fait beaucoup \u00e0 un an des \u00e9lections pour s\u2019en sortir.\u00a0\u00bb<br \/>\n\u00ab\u00a0J\u2019esp\u00e8re qu\u2019il y aura un sursaut apr\u00e8s les r\u00e9gionales.\u00a0\u00bb<br \/>\n\u00ab\u00a0Ce qui m\u2019inqui\u00e8te le plus, c\u2019est la d\u00e9connexion entre la pr\u00e9sidentielle et les l\u00e9gislatives.\u00a0\u00bb<\/p>\n<p><em>\u00a0<strong>Sur Eric Piolle et le mois d\u00e9colonial<\/em>\u00a0<\/strong><br \/>\n\u00ab\u00a0Il se peut que toute information n\u2019ait pas \u00e9t\u00e9 donn\u00e9e sur la nature de l\u2019organisation du festival.\u00a0\u00bb<br \/>\n\u00ab\u00a0Eric Piolle a \u00e9t\u00e9 clair : il n\u2019a pas \u00e9t\u00e9 question d\u2019interdire le festival du mois d\u00e9colonis\u00e9.\u00a0\u00bb<br \/>\n\u00ab\u00a0Il y a eu une erreur de positionnement. C\u2019est une d\u00e9fense un peu maladroite [quand Piolle explique qu\u2019une institution publique n\u2019a pas \u00e0 financer un \u2018festival militant\u2019].\u00a0\u00bb<br \/>\n\u00ab\u00a0Piolle a d\u00e9couvert une partie du contenu des d\u00e9bats au dernier moment et \u00e7a ne se fait pas.\u00a0\u00bb\u00a0<div id='gallery-1' class='gallery galleryid-12990 gallery-columns-3 gallery-size-thumbnail'><figure class='gallery-item'>\n\t\t\t<div class='gallery-icon landscape'>\n\t\t\t\t<a href='https:\/\/archives.regards.fr\/wp-content\/uploads\/2021\/05\/capture_d_e_cran_2021-05-31_a_12-913.26.48.png'><img loading=\"lazy\" decoding=\"async\" width=\"150\" height=\"150\" src=\"https:\/\/archives.regards.fr\/wp-content\/uploads\/2021\/05\/capture_d_e_cran_2021-05-31_a_12-913.26.48-150x150.png\" class=\"attachment-thumbnail size-thumbnail\" alt=\"capture_d_e_cran_2021-05-31_a_12.26.48.png\" \/><\/a>\n\t\t\t<\/div><\/figure>\n\t\t<\/div>\n<\/p>\n","protected":false},"excerpt":{"rendered":"<p>Les \u00e9cologistes se retrouvent en situation d\u2019arbitre sur la l\u00e9gislative partielle \u00e0 Paris qui verra s\u2019affronter, le weekend prochain, une candidate socialiste, Lamia El Aaraje,\u00a0 face \u00e0 une candidate insoumise, Danielle Simonnet. J\u00e9r\u00f4me Gleizes, conseiller de Paris, \u00e9lu de Paris 20\u00e8, est l\u2019invit\u00e9 de #LaMidinale.<\/p>\n","protected":false},"author":1204,"featured_media":30649,"comment_status":"open","ping_status":"open","sticky":false,"template":"","format":"standard","meta":{"_themeisle_gutenberg_block_has_review":false,"footnotes":""},"categories":[238],"tags":[293],"class_list":["post-12990","post","type-post","status-publish","format-standard","has-post-thumbnail","hentry","category-la-midinale","tag-entretien"],"_links":{"self":[{"href":"https:\/\/archives.regards.fr\/index.php?rest_route=\/wp\/v2\/posts\/12990","targetHints":{"allow":["GET"]}}],"collection":[{"href":"https:\/\/archives.regards.fr\/index.php?rest_route=\/wp\/v2\/posts"}],"about":[{"href":"https:\/\/archives.regards.fr\/index.php?rest_route=\/wp\/v2\/types\/post"}],"author":[{"embeddable":true,"href":"https:\/\/archives.regards.fr\/index.php?rest_route=\/wp\/v2\/users\/1204"}],"replies":[{"embeddable":true,"href":"https:\/\/archives.regards.fr\/index.php?rest_route=%2Fwp%2Fv2%2Fcomments&post=12990"}],"version-history":[{"count":0,"href":"https:\/\/archives.regards.fr\/index.php?rest_route=\/wp\/v2\/posts\/12990\/revisions"}],"wp:featuredmedia":[{"embeddable":true,"href":"https:\/\/archives.regards.fr\/index.php?rest_route=\/wp\/v2\/media\/30649"}],"wp:attachment":[{"href":"https:\/\/archives.regards.fr\/index.php?rest_route=%2Fwp%2Fv2%2Fmedia&parent=12990"}],"wp:term":[{"taxonomy":"category","embeddable":true,"href":"https:\/\/archives.regards.fr\/index.php?rest_route=%2Fwp%2Fv2%2Fcategories&post=12990"},{"taxonomy":"post_tag","embeddable":true,"href":"https:\/\/archives.regards.fr\/index.php?rest_route=%2Fwp%2Fv2%2Ftags&post=12990"}],"curies":[{"name":"wp","href":"https:\/\/api.w.org\/{rel}","templated":true}]}}