{"id":12986,"date":"2021-05-28T12:38:45","date_gmt":"2021-05-28T10:38:45","guid":{"rendered":"https:\/\/wp.muchomaas.com\/article-danielle-simonnet-je-suis-la-candidate-de-la-dignite-retrouvee\/"},"modified":"2023-06-24T00:16:36","modified_gmt":"2023-06-23T22:16:36","slug":"article-danielle-simonnet-je-suis-la-candidate-de-la-dignite-retrouvee","status":"publish","type":"post","link":"https:\/\/archives.regards.fr\/?p=12986","title":{"rendered":"Danielle Simonnet : \u00ab\u00a0Je suis la candidate de la dignit\u00e9 retrouv\u00e9e\u00a0\u00bb"},"content":{"rendered":"<p class=\"post_excerpt\">Suite \u00e0 la d\u00e9mission de George Pau-Langevin, nomm\u00e9e aupr\u00e8s de la D\u00e9fenseure des droits, une \u00e9lection l\u00e9gislative partielle aura lieu ce dimanche \u00e0 Paris &#8211; dans la 15\u00e8me circonscription. Parmi les candidats, la conseill\u00e8re de Paris Danielle Simonnet (LFI). Elle est l\u2019invit\u00e9e de #LaMidinale.<\/p>\n<h2>UNE MIDINALE \u00c0 VOIR&#8230;<\/h2>\n<p><iframe loading=\"lazy\" width=\"490\" height=\"276\" src=\"https:\/\/www.youtube.com\/embed\/yHiw7xsgseM\" title=\"YouTube video player\" frameborder=\"0\" allow=\"accelerometer; autoplay; clipboard-write; encrypted-media; gyroscope; picture-in-picture\" allowfullscreen><\/iframe><\/p>\n<p>&nbsp;<\/p>\n<p><h2>ET \u00c0 LIRE&#8230;<\/h2>\n<p><em>\u00a0<strong>Sur l\u2019enjeu de la l\u00e9gislative partielle<\/em>\u00a0<\/strong><br \/>\n\u00ab\u00a0Il y a deux enjeux sur cette \u00e9lection : un enjeu national et un enjeu local.\u00a0\u00bb<br \/>\n\u00ab\u00a0Nous sommes un espoir pour toutes celles et ceux qui n\u2019en peuvent plus de la politique d\u2019Emmanuel Macron.\u00a0\u00bb<br \/>\n\u00ab\u00a0Si sort des urnes une d\u00e9put\u00e9e insoumise, \u00e7a montre bien qu\u2019il y a un espoir tr\u00e8s fort et qu\u2019il est possible d\u2019ouvrir une nouvelle page de l\u2019histoire pour 2022.\u00a0\u00bb\u00a0<br \/>\n\u00ab\u00a0On est dans un contexte au sein de la gauche o\u00f9 les choses s\u2019acc\u00e9l\u00e8rent : beaucoup ont \u00e9t\u00e9 choqu\u00e9s de la participation d\u2019Anne Hidalgo, de Yannick Jadot ou de Fabien Roussel \u00e0 la manifestation des syndicats de police d\u2019extr\u00eame droite et soutenue par Eric Zemmour, G\u00e9rald Darmanin et le Rassemblement national.\u00a0\u00bb<br \/>\n\u00ab\u00a0Le fait qu\u2019une partie de la gauche se soit perdue en allant sur le terrain de l\u2019extr\u00eame droite, rend d\u2019autant plus n\u00e9cessaire, dans cette campagne, d\u2019exprimer un attachement fort au principe de la d\u00e9fense des libert\u00e9s.\u00a0\u00bb<\/p>\n<p><em>\u00a0<strong>Sur l\u2019absence de candidat LREM<\/em>\u00a0<\/strong><br \/>\n\u00ab\u00a0Il n\u2019y avait d\u00e9j\u00e0 pas de candidat LREM en 2017.\u00a0\u00bb<br \/>\n\u00ab\u00a0George Pau-Langevin \u00e9tait une d\u00e9put\u00e9e qui se repr\u00e9sentait, tr\u00e8s soutenue par Bertrand Delano\u00eb qui s\u2019\u00e9tait rapproch\u00e9 d\u2019Emmanuel Macron. Ce petit monde s\u2019\u00e9tait arrang\u00e9 pour qu\u2019il n\u2019y ait pas de candidat LREM sur la circonscription.\u00a0\u00bb<br \/>\n\u00ab\u00a0LREM ne pr\u00e9sente pas de candidat parce qu\u2019ils se sont fait laminer \u00e0 l\u2019\u00e9lection municipale \u00e0 Paris.\u00a0\u00bb<br \/>\n\u00ab\u00a0On ne sait pas bien \u00e0 quoi va servir une \u00e9lue socialiste de plus \u00e0 l\u2019assembl\u00e9e nationale.\u00a0On ne les entend pas face \u00e0 Emmanuel Macron. Ils ne sont pas audibles et ils sont ambigus. Mieux vaut renforcer la meilleure opposition avec la France insoumise. \u00bb<\/p>\n<p><em>\u00a0<strong>Sur l\u2019absence d\u2019accord avec le PCF<\/em>\u00a0<\/strong><br \/>\n\u00ab\u00a0Je regrette l\u2019absence d\u2019accord avec le PCF. J\u2019avais propos\u00e9 aux camarades communistes de faire ticket ensemble. En 2017, notre candidat avait fait plus de 16% et le leur moins de 5%.\u00a0\u00bb<br \/>\n\u00ab\u00a0Nos groupes \u00e0 l\u2019Assembl\u00e9e nationale votent quasiment toujours la m\u00eame chose sauf sur la loi s\u00e9paratisme o\u00f9 nous avons vot\u00e9 contre, alors que les communistes se sont abstenus, ce qu\u2019on regrette.\u00a0\u00bb<br \/>\n\u00ab\u00a0Les communistes n\u2019ont pas voulu ma proposition et je le regrette. Mais je ne d\u00e9sesp\u00e8re pas et je suis persuad\u00e9e qu\u2019ils me soutiendront au deuxi\u00e8me tour parce que je suis tr\u00e8s optimiste pour dimanche soir.\u00a0\u00bb<\/p>\n<p><em>\u00a0<strong>Sur l\u2019abstention\u00a0<\/em>\u00a0<\/strong><br \/>\n\u00ab\u00a0Il y a aura une abstention extr\u00eamement forte, comme souvent pour les l\u00e9gislatives partielles. \u00c0 cela il faut ajouter le contexte sanitaire et les \u00e9lections r\u00e9gionales fin juin.\u00a0\u00bb<br \/>\n\u00ab\u00a0Nous avons mobilis\u00e9 les n\u00f4tres et il est possible de gagner.\u00a0\u00bb<br \/>\n\u00ab\u00a0Depuis janvier, nous avons fait un porte-\u00e0-porte quotidien dans plus d\u2019un quart de la circonscription.\u00a0\u00bb<\/p>\n<p><em>\u00a0<strong>Sur la campagne de terrain face aux restrictions sanitaires<\/em>\u00a0<\/strong><br \/>\n\u00ab\u00a0C\u2019est une campagne o\u00f9 on n\u2019a pas pu faire de r\u00e9union physique de militants alors que c\u2019est n\u00e9cessaire pour se donner de la force et \u00e9changer nos arguments.\u00a0\u00bb<br \/>\n\u00ab\u00a0On a fait beaucoup de porte-\u00e0-porte.\u00a0\u00bb<br \/>\n\u00ab\u00a0Jean-Luc M\u00e9lenchon est venu nous rendre visite : c\u2019\u00e9tait \u00e9norme.\u00a0Les habitants \u00e9taient tr\u00e8s heureux de le voir. \u00bb<\/p>\n<p><em>\u00a0<strong>Sur la derni\u00e8re ann\u00e9e de la l\u00e9gislature<\/em>\u00a0<\/strong><br \/>\n\u00ab\u00a0Pendant un an, je souhaite porter la bataille sur le logement.\u00a0\u00bb<br \/>\n\u00ab\u00a0J\u2019ai envie de travailler sur la baisse des loyers en s\u2019inspirant des exp\u00e9riences comme \u00e0 Berlin. Je veux qu\u2019on s\u2019int\u00e9resse \u00e0 la possibilit\u00e9 pour que les communes aient plus de responsabilit\u00e9s dans l\u2019application de la loi sur la r\u00e9quisition des logements vides mais aussi sur l\u2019encadrement de loyers pour que les citoyens aient la possibilit\u00e9 de faire pression sur leurs \u00e9lus locaux pour que le droit au logement soit pr\u00e9serv\u00e9.\u00a0\u00bb<br \/>\n\u00ab\u00a0La premi\u00e8re des s\u00e9curit\u00e9s c\u2019est de pouvoir garder son logement : cette bataille est extr\u00eamement importante.\u00a0\u00bb<\/p>\n<p><em>\u00a0<strong>Sur le second tour de la l\u00e9gislative\u00a0<\/em>\u00a0<\/strong><br \/>\n\u00ab\u00a0On est en train de construire une vraie confiance mutuelle.\u00a0\u00bb<br \/>\n\u00ab\u00a0Il y a un espoir qui est fort et qui m\u2019a beaucoup \u00e9mu.\u00a0\u00bb<br \/>\n\u00ab\u00a0Il y a un espoir de la dignit\u00e9 retrouv\u00e9e.\u00a0\u00bb<br \/>\n\u00ab\u00a0On sous-estime \u00e0 quel point les gens ont \u00e9t\u00e9 m\u00e9pris\u00e9s par ce quinquennat Macron.\u00a0\u00bb<br \/>\n\u00ab\u00a0On est en train de reconstruire l\u2019espoir dans les quartiers populaires.\u00a0\u00bb<\/p>\n<p><em>\u00a0<strong>Sur Cl\u00e9mentine Autain et la r\u00e9gionale<\/em>\u00a0<\/strong><br \/>\n\u00ab\u00a0D\u00e8s le 6 au soir, je ferai tout pour la campagne de Cl\u00e9mentine Autain, qui fait une campagne brillante et qui a r\u00e9ussi \u00e0 d\u00e9finir un vrai projet pour la r\u00e9gion Ile-de-France \u00e0 la diff\u00e9rence des autres candidats.\u00a0\u00bb<br \/>\n\u00ab\u00a0Cl\u00e9mentine Autain a pris la question sociale en l\u2019articulant \u00e0 la question \u00e9cologique.\u00a0\u00bb<br \/>\n\u00ab\u00a0Cl\u00e9mentine Autain sera en t\u00eate de la gauche et elle saura f\u00e9d\u00e9rer l\u2019ensemble de la gauche. Et face \u00e0 P\u00e9cresse le match n\u2019est pas fini.\u00a0\u00bb<div id='gallery-1' class='gallery galleryid-12986 gallery-columns-3 gallery-size-thumbnail'><figure class='gallery-item'>\n\t\t\t<div class='gallery-icon landscape'>\n\t\t\t\t<a href='https:\/\/archives.regards.fr\/wp-content\/uploads\/2021\/05\/capture_d_e_cran_2021-05-28_a_11-e4e.46.44.png'><img loading=\"lazy\" decoding=\"async\" width=\"150\" height=\"150\" src=\"https:\/\/archives.regards.fr\/wp-content\/uploads\/2021\/05\/capture_d_e_cran_2021-05-28_a_11-e4e.46.44-150x150.png\" class=\"attachment-thumbnail size-thumbnail\" alt=\"capture_d_e_cran_2021-05-28_a_11.46.44.png\" \/><\/a>\n\t\t\t<\/div><\/figure>\n\t\t<\/div>\n<\/p>\n","protected":false},"excerpt":{"rendered":"<p>Suite \u00e0 la d\u00e9mission de George Pau-Langevin, nomm\u00e9e aupr\u00e8s de la D\u00e9fenseure des droits, une \u00e9lection l\u00e9gislative partielle aura lieu ce dimanche \u00e0 Paris &#8211; dans la 15\u00e8me circonscription. Parmi les candidats, la conseill\u00e8re de Paris Danielle Simonnet (LFI). Elle est l\u2019invit\u00e9e de #LaMidinale.<\/p>\n","protected":false},"author":1039,"featured_media":30645,"comment_status":"open","ping_status":"open","sticky":false,"template":"","format":"standard","meta":{"_themeisle_gutenberg_block_has_review":false,"footnotes":""},"categories":[238],"tags":[293],"class_list":["post-12986","post","type-post","status-publish","format-standard","has-post-thumbnail","hentry","category-la-midinale","tag-entretien"],"_links":{"self":[{"href":"https:\/\/archives.regards.fr\/index.php?rest_route=\/wp\/v2\/posts\/12986","targetHints":{"allow":["GET"]}}],"collection":[{"href":"https:\/\/archives.regards.fr\/index.php?rest_route=\/wp\/v2\/posts"}],"about":[{"href":"https:\/\/archives.regards.fr\/index.php?rest_route=\/wp\/v2\/types\/post"}],"author":[{"embeddable":true,"href":"https:\/\/archives.regards.fr\/index.php?rest_route=\/wp\/v2\/users\/1039"}],"replies":[{"embeddable":true,"href":"https:\/\/archives.regards.fr\/index.php?rest_route=%2Fwp%2Fv2%2Fcomments&post=12986"}],"version-history":[{"count":0,"href":"https:\/\/archives.regards.fr\/index.php?rest_route=\/wp\/v2\/posts\/12986\/revisions"}],"wp:featuredmedia":[{"embeddable":true,"href":"https:\/\/archives.regards.fr\/index.php?rest_route=\/wp\/v2\/media\/30645"}],"wp:attachment":[{"href":"https:\/\/archives.regards.fr\/index.php?rest_route=%2Fwp%2Fv2%2Fmedia&parent=12986"}],"wp:term":[{"taxonomy":"category","embeddable":true,"href":"https:\/\/archives.regards.fr\/index.php?rest_route=%2Fwp%2Fv2%2Fcategories&post=12986"},{"taxonomy":"post_tag","embeddable":true,"href":"https:\/\/archives.regards.fr\/index.php?rest_route=%2Fwp%2Fv2%2Ftags&post=12986"}],"curies":[{"name":"wp","href":"https:\/\/api.w.org\/{rel}","templated":true}]}}