{"id":12983,"date":"2021-05-27T14:34:26","date_gmt":"2021-05-27T12:34:26","guid":{"rendered":"https:\/\/wp.muchomaas.com\/article-marche-des-libertes-12-juin-le-basculement-vers-le-pire-est-possible\/"},"modified":"2023-06-24T00:16:31","modified_gmt":"2023-06-23T22:16:31","slug":"article-marche-des-libertes-12-juin-le-basculement-vers-le-pire-est-possible","status":"publish","type":"post","link":"https:\/\/archives.regards.fr\/?p=12983","title":{"rendered":"Marche des libert\u00e9s (12 juin) : \u00ab Le basculement vers le pire est possible \u00bb"},"content":{"rendered":"<p class=\"post_excerpt\">Initi\u00e9 par \u00c9ric Coquerel, d\u00e9put\u00e9 La France insoumise, et par le porte-parole de G\u00e9n\u00e9ration.s Thomas Portes, l\u2019appel \u00e0 manifester partout en France le 12 juin pour les libert\u00e9s et contre l\u2019extr\u00eame droite rassemble de tr\u00e8s nombreuses associations, organisations politiques et syndicales. Ils sont les invit\u00e9s de #LaMidinale.<\/p>\n<h2>UNE MIDINALE \u00c0 VOIR&#8230;<\/h2>\n<p><iframe loading=\"lazy\" width=\"490\" height=\"276\" src=\"https:\/\/www.youtube.com\/embed\/Qo9VsnazsAE\" title=\"YouTube video player\" frameborder=\"0\" allow=\"accelerometer; autoplay; clipboard-write; encrypted-media; gyroscope; picture-in-picture\" allowfullscreen><\/iframe><\/p>\n<p>&nbsp;<\/p>\n<p><p>&nbsp;<\/p>\n<p>\n<strong>LIRE AUSSI SUR REGARDS.FR<br \/>\n>><\/strong> <em><a href=\"https:\/\/wp.muchomaas.com\/politique\/article\/tribune-appel-pour-les-libertes-et-contre-les-idees-d-extreme-droite\">TRIBUNE. Appel pour les libert\u00e9s et contre les id\u00e9es d\u2019extr\u00eame droite<\/a><\/em><\/p>\n<p>&nbsp;<\/p>\n<p><h2>ET \u00c0 LIRE&#8230;<\/h2>\n<p><em>\u00a0<strong>Sur l\u2019origine de l\u2019appel du 12 mai<\/em>\u00a0<\/strong><br \/>\n<em>Thomas Portes<\/em><br \/>\n\u00ab\u00a0Il y a \u00e0 la fois un recul des libert\u00e9s et une d\u00e9rive autoritaire du gouvernement puisqu\u2019on a une accumulation des lois liberticides depuis le d\u00e9but du quinquennat d\u2019Emmanuel Macron.\u00a0\u00bb<br \/>\n\u00ab\u00a0Il y a une \u00e9volution id\u00e9ologique de l\u2019extr\u00eame droite qui gangr\u00e8ne la soci\u00e9t\u00e9 civile mais aussi le plus haut niveau de l\u2019Etat lorsqu\u2019il parle d\u2019islamogauchisme ou d\u2019ensauvagement.\u00a0\u00bb<br \/>\n\u00ab\u00a0On a des lois qui n\u2019ont rien \u00e0 envier \u00e0 ce que pourrait faire l\u2019extr\u00eame droite.\u00a0\u00bb<br \/>\n\u00ab\u00a0On a pris l\u2019initiative d\u2019\u00e9crire un texte et de rassembler des organisations et des personnalit\u00e9s qui se retrouvent dans l\u2019urgence \u00e0 r\u00e9agir. Il y a une envie des gens de r\u00e9agir.\u00a0C\u2019est le moment de relever la t\u00eate parce qu\u2019il existe autre chose que le fascisme et le lib\u00e9ralisme. \u00bb<br \/>\n\u00ab\u00a0On peut avoir un basculement du pays avec une pr\u00e9sidente d\u2019extr\u00eame droite.\u00a0\u00bb<br \/>\n\u00ab\u00a0\u00c7a n\u2019est pas une manifestation qui peut tout r\u00e9gler mais il faut inscrire la mobilisation dans la dur\u00e9e.\u00a0\u00bb<\/p>\n<p><em>Eric Coquerel<\/em>\u00a0<br \/>\n\u00ab\u00a0Les libert\u00e9s acad\u00e9miques ont \u00e9t\u00e9 mises en p\u00e9ril par Vidal et ses attaques sur l\u2019islamogauchisme et \u00e7a nous a inqui\u00e9t\u00e9.\u00a0D\u00e8s ce moment-l\u00e0, on avait fait un appel aux autres partis pour dire qu\u2019il serait peut-\u00eatre temps de faire quelque chose. Malheureusement, trois partis n\u2019ont pas \u00e9t\u00e9 au rendez-vous : le PS, le PCF et EELV. \u00bb<br \/>\n\u00ab Plus tard, il y a eu l\u2019attaque sur les groupes de paroles de l\u2019UNEF (\u2026). Il n\u2019y a pas eu beaucoup de r\u00e9actions et m\u00eame \u00e0 gauche, certains y ont vu un probl\u00e8me.\u00a0On a renouvel\u00e9 notre proposition en faveur d\u2019un appel des partis et de nouveau les trois partis [PCF-EELV-PS] ont d\u00e9clin\u00e9. \u00bb\u00a0<br \/>\n\u00ab\u00a0Cet appel d\u2019aujourd\u2019hui nous permet de faire ce qu\u2019on n\u2019arrivait pas \u00e0 faire depuis longtemps.\u00a0\u00bb<br \/>\n\u00ab\u00a0J\u2019ai l\u2019impression parfois qu\u2019on n\u2019a plus besoin de madame Le Pen pour faire vivre les id\u00e9es d\u2019extr\u00eame droite.\u00a0Le gouvernement recycle ses id\u00e9es. \u00bb<\/p>\n<p><em>\u00a0<strong>Sur la banalisation de l\u2019extr\u00eame droite<\/em>\u00a0<\/strong><br \/>\n<em>Thomas Portes<\/em>\u00a0<br \/>\n\u00ab\u00a0Il y a des signaux inqui\u00e9tants qui rappellent des moments sombres de l\u2019histoire.\u00a0\u00bb<br \/>\n\u00ab\u00a0Il y a un curseur qui s\u2019est d\u00e9plac\u00e9 sur la droite.\u00a0\u00bb<br \/>\n\u00ab\u00a0Quand les membres du gouvernent r\u00e9pondent \u00e0 des m\u00e9dias d\u2019extr\u00eame droite &#8211; comme Gabriel Attal dans Valeurs Actuelles qui fait une Une transphobe &#8211; ils participent de la l\u00e9gitimation des id\u00e9es de l\u2019extr\u00eame droite.\u00a0\u00bb<br \/>\n\u00ab\u00a0On est dans un moment o\u00f9 le basculement vers le pire est possible.\u00a0\u00bb<br \/>\n\u00ab\u00a0La raison d\u2019\u00eatre de la R\u00e9publique, c\u2019est la libert\u00e9.\u00a0Aujourd\u2019hui, elles sont menac\u00e9es. \u00bb<\/p>\n<p><em>Eric Coquerel<\/em>\u00a0<br \/>\n\u00ab\u00a0Les Etats, parmi les plus autoritaires, ne le sont pas devenus par la gr\u00e2ce de partis d\u2019extr\u00eame droite : Bolsonaro vient du lib\u00e9ralisme, Orban aussi &#8211; et il vient m\u00eame de la social-d\u00e9mocratie quand il \u00e9tait jeune. Trump vient du lib\u00e9ralisme.\u00a0Les trois ont fait progresser leur pays vers un r\u00e9gime autoritaire et liberticide. \u00bb<br \/>\n\u00ab\u00a0Il y a un pouvoir discr\u00e9tionnaire qui se met en place et qui s\u2019autorise des abus de pouvoir.\u00a0\u00bb<br \/>\n\u00ab\u00a0Le gouvernement Macron a de vrais probl\u00e8mes avec les libert\u00e9s.\u00a0\u00bb<br \/>\n\u00ab\u00a0La question des libert\u00e9s de la d\u00e9mocratie c\u2019est que d\u2019abord on a des droits. C\u2019est toujours prioritaire par rapport aux devoirs.\u00a0Celui qui a des devoirs avant d\u2019avoir des droits, c\u2019est l\u2019esclavage. \u00bb\u00a0<br \/>\n\u00ab\u00a0Macron est liberticide et que \u00e7a n\u2019est pas juste de la communication.\u00a0\u00bb<\/p>\n<p><em>\u00a0<strong>Sur les cons\u00e9quences politiques de la marche des libert\u00e9s<\/em>\u00a0<\/strong><br \/>\n<em>Thomas Portes<\/em>\u00a0<br \/>\n\u00ab\u00a0On prend nos responsabilit\u00e9s pour ne pas subir le sc\u00e9nario qu\u2019on veut nous imposer entre Macron et Le Pen.\u00a0\u00bb<br \/>\n\u00ab\u00a0Il faut un moment de rupture pour faire avancer nos id\u00e9es.\u00a0\u00bb<br \/>\n\u00ab\u00a0La participation d\u2019une partie de la gauche et des \u00e9cologistes \u00e0 la manifestation des policiers participe \u00e0 un brouillage id\u00e9ologique.\u00a0\u00bb<br \/>\n\u00ab\u00a0Il faut cr\u00e9er les conditions d\u2019offrir une alternative, un autre projet de soci\u00e9t\u00e9 et en mettant en lumi\u00e8re que l\u2019extr\u00eame droite n\u2019apporte pas de solutions et on le voit partout en Europe.\u00a0\u00bb<\/p>\n<p><em>Eric Coquerel<\/em>\u00a0<br \/>\n\u00ab\u00a0Macron a encore un an pour donner envie aux gens d\u2019aller voter mais \u00e7a n\u2019est pas ce qu\u2019il fait.\u00a0\u00bb<br \/>\n\u00ab\u00a0Ce gouvernement prend Marine Le Pen sur sa droite.\u00a0\u00bb<br \/>\n\u00ab\u00a0La politique d\u2019Emmanuel Macron est la plus in\u00e9galitaire de la V\u00e8 R\u00e9publique.\u00a0\u00bb<br \/>\n\u00ab\u00a0C\u2019est \u00e0 Macron de faire preuve que son pouvoir est pr\u00e9f\u00e9rable \u00e0 celui de Le Pen mais il va avoir beaucoup de mal. Les gens n\u2019ont pas vu beaucoup de diff\u00e9rences depuis cinq ans.\u00a0\u00bb<br \/>\n\u00ab\u00a0Macron est le pire candidat face \u00e0 madame Le Pen.\u00a0\u00bb<br \/>\n\u00ab\u00a0Je prends les paris que le second tour ne sera pas celui qu\u2019on nous annonce.\u00a0\u00bb<\/p>\n<p><em>\u00a0<strong>Sur la question des libert\u00e9s\u00a0<\/em>\u00a0<\/strong><br \/>\n<em>Thomas Portes<\/em>\u00a0<br \/>\n\u00ab\u00a0La R\u00e9publique ne peut pas \u00eatre autre chose qu\u2019un r\u00e9gime de libert\u00e9s et elles sont remises en cause aujourd\u2019hui.\u00a0\u00bb<br \/>\n\u00ab\u00a0Notre mod\u00e8le r\u00e9publicain est en danger.\u00a0\u00bb<br \/>\n\u00ab\u00a0La remise en cause de nos libert\u00e9s a un impact sur les in\u00e9galit\u00e9s sociales, sur les enjeux sociaux et environnementaux.\u00a0On interdit les manifestations et toutes formes de contestations sociales. \u00bb<br \/>\n\u00ab\u00a0Emmanuel Macron \u00e9teint toute forme de contestation par la r\u00e9pression.\u00a0\u00bb<br \/>\n\u00ab\u00a0 Les libert\u00e9s individuelles sont devenues l\u2019exception sous l\u2019\u00e9tat d\u2019urgence. La seule libert\u00e9 qui \u00e9tait autoris\u00e9e c\u2019\u00e9tait celle d\u2019aller travailler et notamment ceux qui \u00e9taient en premi\u00e8re ligne.\u00a0\u00bb<br \/>\n\u00ab\u00a0Les libert\u00e9s doivent \u00eatre au c\u0153ur du projet politique.\u00a0Et les libert\u00e9s individuelles ne sont plus au c\u0153ur du projet d\u2019Emmanuel Macron.\u00a0Ni m\u00eame des politiques publiques. \u00bb<\/p>\n<p><em>Eric Coquerel<\/em><br \/>\n\u00ab\u00a0Les associations et organisations qui signent cet appel sont toutes confront\u00e9es aux privations de libert\u00e9s et c\u2019est bien pour cette raison qu\u2019elles signent.\u00a0\u00bb<br \/>\n\u00ab\u00a0On peut se demander si on n\u2019est pas dans la situation des ann\u00e9es qui ont malheureusement permis \u00e0 des \u00c9tats totalitaires de prendre le pouvoir.\u00a0\u00bb<br \/>\n\u00ab\u00a0Dans d\u2019autres capitales europ\u00e9ennes, les manifestations ne sont pas encadr\u00e9es comme elles le sont \u00e0 Paris.\u00a0\u00bb<br \/>\n\u00ab\u00a0Si on accumule les attaques liberticides depuis quelques ann\u00e9es &#8211; sur l\u2019autoritarisme &#8211; l\u2019Etat o\u00f9 on est aujourd\u2019hui est inqui\u00e9tant.\u00a0\u00bb<br \/>\n\u00ab\u00a0S\u2019il y a quelque chose qui r\u00e9unit la gauche &#8211; ou le temps progressiste &#8211; c\u2019est la libert\u00e9.\u00a0\u00bb<br \/>\n\u00ab\u00a0Il y a un danger qui est celui d\u2019un pouvoir absolu et d\u2019une souverainet\u00e9 absolue des march\u00e9s, du lib\u00e9ralisme et de la finance.\u00a0\u00bb<br \/>\n\u00ab\u00a0L\u2019\u00e9volution naturelle du lib\u00e9ralisme est totalitaire.\u00a0\u00bb<\/p>\n<p><em>\u00a0<strong>Sur l\u2019hypoth\u00e8se d\u2019un front r\u00e9publicain<\/em>\u00a0<\/strong>\u00a0<br \/>\n<em>Thomas Portes<\/em><br \/>\n\u00ab\u00a0La fracture \u00e0 gauche \u00e9tait d\u00e9j\u00e0 perceptible et la manifestation des policiers a mis sur la place publique et dans le focus m\u00e9diatique les divisions profondes et les diff\u00e9rences id\u00e9ologiques.\u00a0\u00bb<br \/>\n\u00ab\u00a0Je n\u2019appellerais pas notre initiative comme un front r\u00e9publicain.\u00a0\u00bb<br \/>\n\u00ab\u00a0Si autant d\u2019organisations ont sign\u00e9 ce texte c\u2019est que c\u2019est synonyme d\u2019un contexte tr\u00e8s grave et qu\u2019il convient de se rassembler sur cette question-l\u00e0.\u00a0\u00bb<br \/>\n\u00ab\u00a0Toutes les organisations politiques de gauche n\u2019ont pas sign\u00e9 cet appel \u00e0 manifester le 12 juin : le PS et le PCF &#8211; m\u00eame s\u2019ils ont fait leur propre appel.\u00a0\u00bb<\/p>\n<p><em>Eric Coquerel<\/em><br \/>\n\u00ab\u00a0Il y a des gens aujourd\u2019hui qui ne se rep\u00e8rent plus sur la litt\u00e9ralit\u00e9 gauche\/droite.\u00a0\u00bb<br \/>\n\u00ab\u00a0Il y a incontestablement une bascule tr\u00e8s \u00e0 droite de l\u2019espace politico-m\u00e9diatique.\u00a0\u00bb<br \/>\n\u00ab\u00a0La d\u00e9rive \u00e0 droite n\u2019est pas aussi forte dans le peuple.\u00a0\u00bb<br \/>\n\u00ab\u00a0La plupart des gens subissent avant tout les in\u00e9galit\u00e9s sociales et la situation qu\u2019ils vivent n\u2019est pas celle transmise dans les m\u00e9dias.\u00a0\u00bb<br \/>\n\u00ab\u00a0La question s\u00e9curitaire n\u2019ets pas la priorit\u00e9 pour les gens.\u00a0\u00bb<br \/>\n\u00ab\u00a0Tout le monde est bienvenu \u00e0 la manifestation du 12 juin m\u00eame si, pour le coup, c\u2019est pour des valeurs et au nom des id\u00e9es de gauche. \u00bb<br \/>\n\u00ab\u00a0Il y a une volont\u00e9 de diviser la soci\u00e9t\u00e9 en commen\u00e7ant par diviser les plus pauvres. \u00bb<br \/>\n\u00ab\u00a0On ne peut pas dissocier la question des libert\u00e9s de celle de l\u2019\u00e9galit\u00e9 et du climat.\u00a0\u00bb<\/p>\n<p><em>\u00a0<strong>Sur la mobilisation du 12 juin<\/em>\u00a0<\/strong><br \/>\n<em>Thomas Portes<\/em><br \/>\n\u00ab\u00a0C&#8217;est une manifestation nationale avec une grosse mobilisation \u00e0 Paris pour la r\u00e9gion Ile-de-France, et des d\u00e9clinaisons par territoire.\u00a0\u00bb<br \/>\n\u00ab\u00a0On veut que la manifestation soit festive, agr\u00e9able et o\u00f9 les gens aient envie de venir parce qu\u2019on a envie de sortir et de se retrouver.\u00a0\u00bb<br \/>\n\u00ab\u00a0On esp\u00e8re qu\u2019il y aura des citoyennes et des citoyens de tout ordre, de toute organisation politique et de toute situation professionnelle qui vont aller dans la rue pour dire leur attachement \u00e0 la d\u00e9fense des libert\u00e9s.\u00a0\u00bb<\/p>\n<p><em>Eric Coquerel<\/em><br \/>\n\u00ab\u00a0Je ne boude pas mon plaisir parce que cette manifestation s\u2019organise avec un front tr\u00e8s large qui ignore les fronti\u00e8res habituelles entre associations, syndicats et collectifs.\u00a0\u00bb<br \/>\n\u00ab\u00a0On veut que le camp de la libert\u00e9 montre ses forces et ses muscles de la mani\u00e8re la plus pacifique possible.\u00a0\u00bb<br \/>\n\u00ab\u00a0Le gouvernement va n\u2019avoir qu\u2019une envie : montrer des images de violence donc ne leur donnons pas ce plaisir et manifestons dans la f\u00eate en restant combatifs !\u00a0\u00bb<\/p>\n<p><em>\u00a0<strong>Sur la r\u00e9union de la gauche et des \u00e9cologistes du lundi 24 mai organis\u00e9e par Yannick Jadot<\/em>\u00a0<\/strong><br \/>\n<em>Thomas Portes<\/em><br \/>\n\u00ab Est-ce que l\u2019espace qui va nous permettre d\u2019avoir une candidature commune ? Je pense que non dans la mesure o\u00f9 les gens qui viennent participer \u00e0 la r\u00e9union ne sont pas sur cette id\u00e9e-l\u00e0.\u00a0\u00bb<br \/>\n\u00ab\u00a0C\u2019est le bal des faux-semblants.\u00a0\u00bb<br \/>\n\u00ab\u00a0A G\u00e9n\u00e9ration.s, ce qui nous anime, c\u2019est d\u2019avoir une candidature de rassemblement mais qui porte un projet de radicalit\u00e9 \u00e9cologique et de justice sociale qui ouvre des horizons.\u00a0\u00bb<br \/>\n\u00ab\u00a0On a \u00e9t\u00e9 un peu surpris qu\u2019\u00e0 la premi\u00e8re r\u00e9union, \u00e0 la sortie de celle-ci, Olivier Faure communique en disant qu\u2019il y aurait un rassemblement avec les \u00e9colos et G\u00e9n\u00e9ration.s avec un candidat commun. Or, ce n\u2019\u00e9tait pas du tout le contenu de la discussion. On ne peut pas construire avec des gens qui trahissent.\u00a0\u00bb<br \/>\n\u00ab\u00a0Le rassemblement sur du contenu, c\u2019est la seule solution qui nous permettra aujourd\u2019hui de cr\u00e9er les conditions pour gagner l\u2019\u00e9lection pr\u00e9sidentielle.\u00a0\u00bb<\/p>\n<p><em>Eric Coquerel<\/em><br \/>\n\u00ab\u00a0Je crois qu\u2019il n\u2019y aura pas de troisi\u00e8me r\u00e9union.\u00a0\u00bb<br \/>\n\u00ab\u00a0Au d\u00e9part, on avait accept\u00e9 d\u2019aller \u00e0 la r\u00e9union initi\u00e9e par Yannick Jadot parce que ce qu\u2019il nous avait vendu &#8211; et on trouvait \u00e7a plut\u00f4t bien -, c\u2019\u00e9tait de se rassembler sur les choses prioritaires et de consid\u00e9rer que, si on \u00e9tait peut-\u00eatre concurrents, il ne fallait pas que l\u2019on soit des adversaires au m\u00eame niveau que la droite et l\u2019extr\u00eame droite. L\u2019id\u00e9e, c\u2019\u00e9tait de se voir pour \u00e9laborer un pacte de non-agression et voir ce que l\u2019on pouvait faire ensemble.\u00a0\u00bb<br \/>\n\u00ab\u00a0Ces r\u00e9unions, c\u2019est un coup politicien du duo Jadot-Faure pour essayer de construire la candidature des sociaux-lib\u00e9raux et des \u00e9colos lib\u00e9raux pour contourner la primaire d\u2019EELV. C\u2019est plus des questions internes \u00e0 leurs camps qu\u2019ils essayaient de r\u00e9gler.\u00a0\u00bb<br \/>\n\u00ab\u00a0Ces r\u00e9unions devaient \u00eatre un cadre pour cr\u00e9er des mobilisations communes. Or celles-ci se font \u00e0 l\u2019ext\u00e9rieur comme la manifestation du 12 juin qu&#8217;une partie des organisations politiques pr\u00e9sentes n\u2019a pas voulu signer et est m\u00eame all\u00e9e manifester avec l\u2019extr\u00eame droite la semaine derni\u00e8re.\u00a0\u00bb<br \/>\n\u00ab\u00a0Il y a un c\u00f4t\u00e9 bal des dupes.\u00a0\u00bb<br \/>\n\u00ab\u00a0Je ne crois pas \u00e0 une unit\u00e9 large\u2026 D\u2019ailleurs, Fran\u00e7ois Hollande vient encore de sortir un texte o\u00f9 il explique bien les diff\u00e9rences qui existent \u00e0 gauche, notamment chez ceux qui n\u2019admettront jamais d\u2019avoir un Jean-Luc M\u00e9lenchon comme candidat.\u00a0\u00bb<div id='gallery-1' class='gallery galleryid-12983 gallery-columns-3 gallery-size-thumbnail'><figure class='gallery-item'>\n\t\t\t<div class='gallery-icon landscape'>\n\t\t\t\t<a href='https:\/\/archives.regards.fr\/wp-content\/uploads\/2021\/05\/capture_d_e_cran_2021-05-27_a_14-5b8.26.59.png'><img loading=\"lazy\" decoding=\"async\" width=\"150\" height=\"150\" src=\"https:\/\/archives.regards.fr\/wp-content\/uploads\/2021\/05\/capture_d_e_cran_2021-05-27_a_14-5b8.26.59-150x150.png\" class=\"attachment-thumbnail size-thumbnail\" alt=\"capture_d_e_cran_2021-05-27_a_14.26.59.png\" \/><\/a>\n\t\t\t<\/div><\/figure>\n\t\t<\/div>\n<\/p>\n","protected":false},"excerpt":{"rendered":"<p>Initi\u00e9 par \u00c9ric Coquerel, d\u00e9put\u00e9 La France insoumise, et par le porte-parole de G\u00e9n\u00e9ration.s Thomas Portes, l\u2019appel \u00e0 manifester partout en France le 12 juin pour les libert\u00e9s et contre l\u2019extr\u00eame droite rassemble de tr\u00e8s nombreuses associations, organisations politiques et syndicales. Ils sont les invit\u00e9s de #LaMidinale.<\/p>\n","protected":false},"author":464,"featured_media":30641,"comment_status":"open","ping_status":"open","sticky":false,"template":"","format":"standard","meta":{"_themeisle_gutenberg_block_has_review":false,"footnotes":""},"categories":[238],"tags":[293],"class_list":["post-12983","post","type-post","status-publish","format-standard","has-post-thumbnail","hentry","category-la-midinale","tag-entretien"],"_links":{"self":[{"href":"https:\/\/archives.regards.fr\/index.php?rest_route=\/wp\/v2\/posts\/12983","targetHints":{"allow":["GET"]}}],"collection":[{"href":"https:\/\/archives.regards.fr\/index.php?rest_route=\/wp\/v2\/posts"}],"about":[{"href":"https:\/\/archives.regards.fr\/index.php?rest_route=\/wp\/v2\/types\/post"}],"author":[{"embeddable":true,"href":"https:\/\/archives.regards.fr\/index.php?rest_route=\/wp\/v2\/users\/464"}],"replies":[{"embeddable":true,"href":"https:\/\/archives.regards.fr\/index.php?rest_route=%2Fwp%2Fv2%2Fcomments&post=12983"}],"version-history":[{"count":0,"href":"https:\/\/archives.regards.fr\/index.php?rest_route=\/wp\/v2\/posts\/12983\/revisions"}],"wp:featuredmedia":[{"embeddable":true,"href":"https:\/\/archives.regards.fr\/index.php?rest_route=\/wp\/v2\/media\/30641"}],"wp:attachment":[{"href":"https:\/\/archives.regards.fr\/index.php?rest_route=%2Fwp%2Fv2%2Fmedia&parent=12983"}],"wp:term":[{"taxonomy":"category","embeddable":true,"href":"https:\/\/archives.regards.fr\/index.php?rest_route=%2Fwp%2Fv2%2Fcategories&post=12983"},{"taxonomy":"post_tag","embeddable":true,"href":"https:\/\/archives.regards.fr\/index.php?rest_route=%2Fwp%2Fv2%2Ftags&post=12983"}],"curies":[{"name":"wp","href":"https:\/\/api.w.org\/{rel}","templated":true}]}}